{"id":10551,"date":"2023-06-19T15:03:04","date_gmt":"2023-06-19T20:03:04","guid":{"rendered":"https:\/\/wp268132.wpdns.ca\/?post_type=news&#038;p=10551"},"modified":"2023-07-18T13:53:48","modified_gmt":"2023-07-18T18:53:48","slug":"felicitations-aux-abbes-michael-el-nacef-et-polux-jean-baptiste","status":"publish","type":"news","link":"https:\/\/ottawacornwall.ca\/fr\/news\/felicitations-aux-abbes-michael-el-nacef-et-polux-jean-baptiste\/","title":{"rendered":"F\u00e9licitations aux abb\u00e9s Michael El-Nacef et Polux Jean-Baptiste"},"content":{"rendered":"\t\t<div data-elementor-type=\"wp-post\" data-elementor-id=\"10551\" class=\"elementor elementor-10551\" data-elementor-post-type=\"news\">\n\t\t\t\t\t\t<section class=\"elementor-section elementor-top-section elementor-element elementor-element-62c127e2 elementor-section-boxed elementor-section-height-default elementor-section-height-default\" data-id=\"62c127e2\" data-element_type=\"section\">\n\t\t\t\t\t\t<div class=\"elementor-container elementor-column-gap-default\">\n\t\t\t\t\t<div class=\"elementor-column elementor-col-100 elementor-top-column elementor-element elementor-element-69c0b5e5\" data-id=\"69c0b5e5\" data-element_type=\"column\">\n\t\t\t<div class=\"elementor-widget-wrap elementor-element-populated\">\n\t\t\t\t\t\t<div class=\"elementor-element elementor-element-ce3b227 elementor-widget elementor-widget-text-editor\" data-id=\"ce3b227\" data-element_type=\"widget\" data-widget_type=\"text-editor.default\">\n\t\t\t\t<div class=\"elementor-widget-container\">\n\t\t\t\t\t\t\t\t\t<p>F\u00e9licitations aux abb\u00e9s Michael El-Nacef et Polux Jean-Baptiste \u00e0 l\u2019occasion de leur r\u00e9cente ordination \u00e0 la pr\u00eatrise le 16 juin 2023! Que Dieu b\u00e9nisse leurs sacerdoces.<\/p><p>\u00a0<\/p><p>\u00a0<\/p>\t\t\t\t\t\t\t\t<\/div>\n\t\t\t\t<\/div>\n\t\t\t\t\t<\/div>\n\t\t<\/div>\n\t\t\t\t\t<\/div>\n\t\t<\/section>\n\t\t<div class=\"elementor-element elementor-element-b8f9544 e-flex e-con-boxed e-con e-parent\" data-id=\"b8f9544\" data-element_type=\"container\">\n\t\t\t\t\t<div class=\"e-con-inner\">\n\t\t\t\t<div class=\"elementor-element elementor-element-2237de9 elementor-widget elementor-widget-gallery\" data-id=\"2237de9\" data-element_type=\"widget\" data-settings=\"{&quot;columns&quot;:2,&quot;lazyload&quot;:&quot;yes&quot;,&quot;gallery_layout&quot;:&quot;grid&quot;,&quot;columns_tablet&quot;:2,&quot;columns_mobile&quot;:1,&quot;gap&quot;:{&quot;unit&quot;:&quot;px&quot;,&quot;size&quot;:10,&quot;sizes&quot;:[]},&quot;gap_tablet&quot;:{&quot;unit&quot;:&quot;px&quot;,&quot;size&quot;:10,&quot;sizes&quot;:[]},&quot;gap_mobile&quot;:{&quot;unit&quot;:&quot;px&quot;,&quot;size&quot;:10,&quot;sizes&quot;:[]},&quot;link_to&quot;:&quot;file&quot;,&quot;aspect_ratio&quot;:&quot;3:2&quot;,&quot;overlay_background&quot;:&quot;yes&quot;,&quot;content_hover_animation&quot;:&quot;fade-in&quot;}\" data-widget_type=\"gallery.default\">\n\t\t\t\t<div class=\"elementor-widget-container\">\n\t\t\t\t\t\t\t<div class=\"elementor-gallery__container\">\n\t\t\t\t\t\t\t<a class=\"e-gallery-item elementor-gallery-item elementor-animated-content\" href=\"https:\/\/ottawacornwall.ca\/wp-content\/uploads\/2023\/06\/MicrosoftTeams-image.jpg\" data-elementor-open-lightbox=\"yes\" data-elementor-lightbox-slideshow=\"2237de9\" data-elementor-lightbox-title=\"MicrosoftTeams-image\" data-e-action-hash=\"#elementor-action%3Aaction%3Dlightbox%26settings%3DeyJpZCI6MTA1NTMsInVybCI6Imh0dHBzOlwvXC9vdHRhd2Fjb3Jud2FsbC5jYVwvd3AtY29udGVudFwvdXBsb2Fkc1wvMjAyM1wvMDZcL01pY3Jvc29mdFRlYW1zLWltYWdlLmpwZyIsInNsaWRlc2hvdyI6IjIyMzdkZTkifQ%3D%3D\">\n\t\t\t\t\t<div class=\"e-gallery-image elementor-gallery-item__image\" data-thumbnail=\"https:\/\/ottawacornwall.ca\/wp-content\/uploads\/2023\/06\/MicrosoftTeams-image.jpg\" data-width=\"735\" data-height=\"583\" aria-label=\"\" role=\"img\" ><\/div>\n\t\t\t\t\t\t\t\t\t\t\t<div class=\"elementor-gallery-item__overlay\"><\/div>\n\t\t\t\t\t\t\t\t\t\t\t\t\t\t<\/a>\n\t\t\t\t\t\t\t<a class=\"e-gallery-item elementor-gallery-item elementor-animated-content\" href=\"https:\/\/ottawacornwall.ca\/wp-content\/uploads\/2023\/06\/Image-3.jpeg\" data-elementor-open-lightbox=\"yes\" data-elementor-lightbox-slideshow=\"2237de9\" data-elementor-lightbox-title=\"Image (3)\" data-e-action-hash=\"#elementor-action%3Aaction%3Dlightbox%26settings%3DeyJpZCI6MTA1NTUsInVybCI6Imh0dHBzOlwvXC9vdHRhd2Fjb3Jud2FsbC5jYVwvd3AtY29udGVudFwvdXBsb2Fkc1wvMjAyM1wvMDZcL0ltYWdlLTMuanBlZyIsInNsaWRlc2hvdyI6IjIyMzdkZTkifQ%3D%3D\">\n\t\t\t\t\t<div class=\"e-gallery-image elementor-gallery-item__image\" data-thumbnail=\"https:\/\/ottawacornwall.ca\/wp-content\/uploads\/2023\/06\/Image-3-1024x680.jpeg\" data-width=\"800\" data-height=\"531\" aria-label=\"\" role=\"img\" ><\/div>\n\t\t\t\t\t\t\t\t\t\t\t<div class=\"elementor-gallery-item__overlay\"><\/div>\n\t\t\t\t\t\t\t\t\t\t\t\t\t\t<\/a>\n\t\t\t\t\t<\/div>\n\t\t\t\t\t<\/div>\n\t\t\t\t<\/div>\n\t\t\t\t\t<\/div>\n\t\t\t\t<\/div>\n\t\t<div class=\"elementor-element elementor-element-225bbb7 e-flex e-con-boxed e-con e-parent\" data-id=\"225bbb7\" data-element_type=\"container\">\n\t\t\t\t\t<div class=\"e-con-inner\">\n\t\t\t\t\t<\/div>\n\t\t\t\t<\/div>\n\t\t\t\t<\/div>\n\t\t","protected":false},"author":6,"featured_media":0,"comment_status":"closed","ping_status":"closed","template":"","news_cate":[74],"class_list":["post-10551","news","type-news","status-publish","hentry","news_cate-current-message"],"acf":[],"yoast_head":"<!-- This site is optimized with the Yoast SEO plugin v27.4 - https:\/\/yoast.com\/product\/yoast-seo-wordpress\/ -->\n<title>F\u00e9licitations aux abb\u00e9s Michael El-Nacef et Polux Jean-Baptiste - Archdiocese of Ottawa-Cornwall<\/title>\n<meta name=\"robots\" content=\"index, follow, max-snippet:-1, max-image-preview:large, max-video-preview:-1\" \/>\n<link rel=\"canonical\" href=\"https:\/\/ottawacornwall.ca\/fr\/news\/felicitations-aux-abbes-michael-el-nacef-et-polux-jean-baptiste\/\" \/>\n<meta property=\"og:locale\" content=\"fr_FR\" \/>\n<meta property=\"og:type\" content=\"article\" \/>\n<meta property=\"og:title\" content=\"F\u00e9licitations aux abb\u00e9s Michael El-Nacef et Polux Jean-Baptiste - Archdiocese of Ottawa-Cornwall\" \/>\n<meta property=\"og:description\" content=\"F\u00e9licitations aux abb\u00e9s Michael El-Nacef et Polux Jean-Baptiste \u00e0 l\u2019occasion de leur r\u00e9cente ordination \u00e0 la pr\u00eatrise le 16 juin 2023! Que Dieu b\u00e9nisse leurs sacerdoces.\" \/>\n<meta property=\"og:url\" content=\"https:\/\/ottawacornwall.ca\/fr\/news\/felicitations-aux-abbes-michael-el-nacef-et-polux-jean-baptiste\/\" \/>\n<meta property=\"og:site_name\" content=\"Archdiocese of Ottawa-Cornwall\" \/>\n<meta property=\"article:modified_time\" content=\"2023-07-18T18:53:48+00:00\" \/>\n<meta name=\"twitter:card\" content=\"summary_large_image\" \/>\n<meta name=\"twitter:label1\" content=\"Dur\u00e9e de lecture estim\u00e9e\" \/>\n\t<meta name=\"twitter:data1\" content=\"1 minute\" \/>\n<script type=\"application\/ld+json\" class=\"yoast-schema-graph\">{\"@context\":\"https:\\\/\\\/schema.org\",\"@graph\":[{\"@type\":\"WebPage\",\"@id\":\"https:\\\/\\\/ottawacornwall.ca\\\/fr\\\/news\\\/felicitations-aux-abbes-michael-el-nacef-et-polux-jean-baptiste\\\/\",\"url\":\"https:\\\/\\\/ottawacornwall.ca\\\/fr\\\/news\\\/felicitations-aux-abbes-michael-el-nacef-et-polux-jean-baptiste\\\/\",\"name\":\"F\u00e9licitations aux abb\u00e9s Michael El-Nacef et Polux Jean-Baptiste - Archdiocese of Ottawa-Cornwall\",\"isPartOf\":{\"@id\":\"https:\\\/\\\/ottawacornwall.ca\\\/#website\"},\"datePublished\":\"2023-06-19T20:03:04+00:00\",\"dateModified\":\"2023-07-18T18:53:48+00:00\",\"breadcrumb\":{\"@id\":\"https:\\\/\\\/ottawacornwall.ca\\\/fr\\\/news\\\/felicitations-aux-abbes-michael-el-nacef-et-polux-jean-baptiste\\\/#breadcrumb\"},\"inLanguage\":\"fr-FR\",\"potentialAction\":[{\"@type\":\"ReadAction\",\"target\":[\"https:\\\/\\\/ottawacornwall.ca\\\/fr\\\/news\\\/felicitations-aux-abbes-michael-el-nacef-et-polux-jean-baptiste\\\/\"]}]},{\"@type\":\"BreadcrumbList\",\"@id\":\"https:\\\/\\\/ottawacornwall.ca\\\/fr\\\/news\\\/felicitations-aux-abbes-michael-el-nacef-et-polux-jean-baptiste\\\/#breadcrumb\",\"itemListElement\":[{\"@type\":\"ListItem\",\"position\":1,\"name\":\"Home\",\"item\":\"https:\\\/\\\/ottawacornwall.ca\\\/fr\\\/\"},{\"@type\":\"ListItem\",\"position\":2,\"name\":\"F\u00e9licitations aux abb\u00e9s Michael El-Nacef et Polux Jean-Baptiste\"}]},{\"@type\":\"WebSite\",\"@id\":\"https:\\\/\\\/ottawacornwall.ca\\\/#website\",\"url\":\"https:\\\/\\\/ottawacornwall.ca\\\/\",\"name\":\"Archdiocese of Ottawa-Cornwall\",\"description\":\"Welcome to the  Ottawa-Cornwall Archdiocese!\",\"publisher\":{\"@id\":\"https:\\\/\\\/ottawacornwall.ca\\\/#organization\"},\"potentialAction\":[{\"@type\":\"SearchAction\",\"target\":{\"@type\":\"EntryPoint\",\"urlTemplate\":\"https:\\\/\\\/ottawacornwall.ca\\\/?s={search_term_string}\"},\"query-input\":{\"@type\":\"PropertyValueSpecification\",\"valueRequired\":true,\"valueName\":\"search_term_string\"}}],\"inLanguage\":\"fr-FR\"},{\"@type\":\"Organization\",\"@id\":\"https:\\\/\\\/ottawacornwall.ca\\\/#organization\",\"name\":\"Archdiocese of Ottawa-Cornwall\",\"url\":\"https:\\\/\\\/ottawacornwall.ca\\\/\",\"logo\":{\"@type\":\"ImageObject\",\"inLanguage\":\"fr-FR\",\"@id\":\"https:\\\/\\\/ottawacornwall.ca\\\/#\\\/schema\\\/logo\\\/image\\\/\",\"url\":\"https:\\\/\\\/ottawacornwall.ca\\\/wp-content\\\/uploads\\\/2022\\\/11\\\/Archdiocese-Logo-Horizontal-Reverse-1.svg\",\"contentUrl\":\"https:\\\/\\\/ottawacornwall.ca\\\/wp-content\\\/uploads\\\/2022\\\/11\\\/Archdiocese-Logo-Horizontal-Reverse-1.svg\",\"caption\":\"Archdiocese of Ottawa-Cornwall\"},\"image\":{\"@id\":\"https:\\\/\\\/ottawacornwall.ca\\\/#\\\/schema\\\/logo\\\/image\\\/\"}}]}<\/script>\n<!-- \/ Yoast SEO plugin. -->","yoast_head_json":{"title":"F\u00e9licitations aux abb\u00e9s Michael El-Nacef et Polux Jean-Baptiste - Archdiocese of Ottawa-Cornwall","robots":{"index":"index","follow":"follow","max-snippet":"max-snippet:-1","max-image-preview":"max-image-preview:large","max-video-preview":"max-video-preview:-1"},"canonical":"https:\/\/ottawacornwall.ca\/fr\/news\/felicitations-aux-abbes-michael-el-nacef-et-polux-jean-baptiste\/","og_locale":"fr_FR","og_type":"article","og_title":"F\u00e9licitations aux abb\u00e9s Michael El-Nacef et Polux Jean-Baptiste - Archdiocese of Ottawa-Cornwall","og_description":"F\u00e9licitations aux abb\u00e9s Michael El-Nacef et Polux Jean-Baptiste \u00e0 l\u2019occasion de leur r\u00e9cente ordination \u00e0 la pr\u00eatrise le 16 juin 2023! Que Dieu b\u00e9nisse leurs sacerdoces.","og_url":"https:\/\/ottawacornwall.ca\/fr\/news\/felicitations-aux-abbes-michael-el-nacef-et-polux-jean-baptiste\/","og_site_name":"Archdiocese of Ottawa-Cornwall","article_modified_time":"2023-07-18T18:53:48+00:00","twitter_card":"summary_large_image","twitter_misc":{"Dur\u00e9e de lecture estim\u00e9e":"1 minute"},"schema":{"@context":"https:\/\/schema.org","@graph":[{"@type":"WebPage","@id":"https:\/\/ottawacornwall.ca\/fr\/news\/felicitations-aux-abbes-michael-el-nacef-et-polux-jean-baptiste\/","url":"https:\/\/ottawacornwall.ca\/fr\/news\/felicitations-aux-abbes-michael-el-nacef-et-polux-jean-baptiste\/","name":"F\u00e9licitations aux abb\u00e9s Michael El-Nacef et Polux Jean-Baptiste - Archdiocese of Ottawa-Cornwall","isPartOf":{"@id":"https:\/\/ottawacornwall.ca\/#website"},"datePublished":"2023-06-19T20:03:04+00:00","dateModified":"2023-07-18T18:53:48+00:00","breadcrumb":{"@id":"https:\/\/ottawacornwall.ca\/fr\/news\/felicitations-aux-abbes-michael-el-nacef-et-polux-jean-baptiste\/#breadcrumb"},"inLanguage":"fr-FR","potentialAction":[{"@type":"ReadAction","target":["https:\/\/ottawacornwall.ca\/fr\/news\/felicitations-aux-abbes-michael-el-nacef-et-polux-jean-baptiste\/"]}]},{"@type":"BreadcrumbList","@id":"https:\/\/ottawacornwall.ca\/fr\/news\/felicitations-aux-abbes-michael-el-nacef-et-polux-jean-baptiste\/#breadcrumb","itemListElement":[{"@type":"ListItem","position":1,"name":"Home","item":"https:\/\/ottawacornwall.ca\/fr\/"},{"@type":"ListItem","position":2,"name":"F\u00e9licitations aux abb\u00e9s Michael El-Nacef et Polux Jean-Baptiste"}]},{"@type":"WebSite","@id":"https:\/\/ottawacornwall.ca\/#website","url":"https:\/\/ottawacornwall.ca\/","name":"Archdiocese of Ottawa-Cornwall","description":"Welcome to the  Ottawa-Cornwall Archdiocese!","publisher":{"@id":"https:\/\/ottawacornwall.ca\/#organization"},"potentialAction":[{"@type":"SearchAction","target":{"@type":"EntryPoint","urlTemplate":"https:\/\/ottawacornwall.ca\/?s={search_term_string}"},"query-input":{"@type":"PropertyValueSpecification","valueRequired":true,"valueName":"search_term_string"}}],"inLanguage":"fr-FR"},{"@type":"Organization","@id":"https:\/\/ottawacornwall.ca\/#organization","name":"Archdiocese of Ottawa-Cornwall","url":"https:\/\/ottawacornwall.ca\/","logo":{"@type":"ImageObject","inLanguage":"fr-FR","@id":"https:\/\/ottawacornwall.ca\/#\/schema\/logo\/image\/","url":"https:\/\/ottawacornwall.ca\/wp-content\/uploads\/2022\/11\/Archdiocese-Logo-Horizontal-Reverse-1.svg","contentUrl":"https:\/\/ottawacornwall.ca\/wp-content\/uploads\/2022\/11\/Archdiocese-Logo-Horizontal-Reverse-1.svg","caption":"Archdiocese of Ottawa-Cornwall"},"image":{"@id":"https:\/\/ottawacornwall.ca\/#\/schema\/logo\/image\/"}}]}},"_links":{"self":[{"href":"https:\/\/ottawacornwall.ca\/fr\/wp-json\/wp\/v2\/news\/10551","targetHints":{"allow":["GET"]}}],"collection":[{"href":"https:\/\/ottawacornwall.ca\/fr\/wp-json\/wp\/v2\/news"}],"about":[{"href":"https:\/\/ottawacornwall.ca\/fr\/wp-json\/wp\/v2\/types\/news"}],"author":[{"embeddable":true,"href":"https:\/\/ottawacornwall.ca\/fr\/wp-json\/wp\/v2\/users\/6"}],"replies":[{"embeddable":true,"href":"https:\/\/ottawacornwall.ca\/fr\/wp-json\/wp\/v2\/comments?post=10551"}],"version-history":[{"count":12,"href":"https:\/\/ottawacornwall.ca\/fr\/wp-json\/wp\/v2\/news\/10551\/revisions"}],"predecessor-version":[{"id":11244,"href":"https:\/\/ottawacornwall.ca\/fr\/wp-json\/wp\/v2\/news\/10551\/revisions\/11244"}],"wp:attachment":[{"href":"https:\/\/ottawacornwall.ca\/fr\/wp-json\/wp\/v2\/media?parent=10551"}],"wp:term":[{"taxonomy":"news_cate","embeddable":true,"href":"https:\/\/ottawacornwall.ca\/fr\/wp-json\/wp\/v2\/news_cate?post=10551"}],"curies":[{"name":"wp","href":"https:\/\/api.w.org\/{rel}","templated":true}]}}