{"id":10632,"date":"2023-06-21T11:40:51","date_gmt":"2023-06-21T16:40:51","guid":{"rendered":"https:\/\/wp268132.wpdns.ca\/?post_type=news&#038;p=10632"},"modified":"2023-06-21T11:49:59","modified_gmt":"2023-06-21T16:49:59","slug":"message-for-national-indigenous-peoples-day","status":"publish","type":"news","link":"https:\/\/ottawacornwall.ca\/fr\/news\/message-for-national-indigenous-peoples-day\/","title":{"rendered":"Message pour la Journ\u00e9e nationale des Peuples autochtones"},"content":{"rendered":"\t\t<div data-elementor-type=\"wp-post\" data-elementor-id=\"10632\" class=\"elementor elementor-10632 elementor-10627\" data-elementor-post-type=\"news\">\n\t\t\t\t\t\t<section class=\"elementor-section elementor-top-section elementor-element elementor-element-7479e862 elementor-section-boxed elementor-section-height-default elementor-section-height-default\" data-id=\"7479e862\" data-element_type=\"section\">\n\t\t\t\t\t\t<div class=\"elementor-container elementor-column-gap-default\">\n\t\t\t\t\t<div class=\"elementor-column elementor-col-100 elementor-top-column elementor-element elementor-element-5440fa0e\" data-id=\"5440fa0e\" data-element_type=\"column\">\n\t\t\t<div class=\"elementor-widget-wrap elementor-element-populated\">\n\t\t\t\t\t\t<div class=\"elementor-element elementor-element-61fd60ca elementor-widget elementor-widget-text-editor\" data-id=\"61fd60ca\" data-element_type=\"widget\" data-widget_type=\"text-editor.default\">\n\t\t\t\t<div class=\"elementor-widget-container\">\n\t\t\t\t\t\t\t\t\t<p>Nous rendons hommage aux Peuples autochtones, qui c\u00e9l\u00e8brent aujourd\u2019hui le solstice d\u2019\u00e9t\u00e9. Leurs cultures, leurs langues et leurs traditions nous inspirent. En cette journ\u00e9e la plus longue de l\u2019ann\u00e9e, o\u00f9 la lumi\u00e8re abonde, nous nous rappelons la lumi\u00e8re divine, apport\u00e9e par J\u00e9sus-Christ dans le monde (Jn 8, 12). Que cette lumi\u00e8re \u00e9claire les pas de l\u2019\u00c9glise dans sa marche vers la r\u00e9conciliation. J\u2019invite les fid\u00e8les de l\u2019archidioc\u00e8se d\u2019Ottawa-Cornwall \u00e0 prier avec moi le Cr\u00e9ateur et \u00e0 invoquer l\u2019intercession de Notre-Dame-de-Guadalupe, patronne des Peuples autochtones. Que descende sur eux une abondance de b\u00e9n\u00e9dictions, et que nos efforts vers la r\u00e9conciliation et la gu\u00e9rison soient inspir\u00e9s.<\/p><p>\u2720Marcel Damphousse<\/p><p>Archev\u00eaque d\u2019Ottawa-Cornwall<\/p>\t\t\t\t\t\t\t\t<\/div>\n\t\t\t\t<\/div>\n\t\t\t\t\t<\/div>\n\t\t<\/div>\n\t\t\t\t\t<\/div>\n\t\t<\/section>\n\t\t\t\t<\/div>\n\t\t","protected":false},"author":6,"featured_media":0,"comment_status":"closed","ping_status":"closed","template":"","news_cate":[74],"class_list":["post-10632","news","type-news","status-publish","hentry","news_cate-current-message"],"acf":[],"yoast_head":"<!-- This site is optimized with the Yoast SEO plugin v27.4 - https:\/\/yoast.com\/product\/yoast-seo-wordpress\/ -->\n<title>Message pour la Journ\u00e9e nationale des Peuples autochtones - Archdiocese of Ottawa-Cornwall<\/title>\n<meta name=\"robots\" content=\"index, follow, max-snippet:-1, max-image-preview:large, max-video-preview:-1\" \/>\n<link rel=\"canonical\" href=\"https:\/\/ottawacornwall.ca\/fr\/news\/message-for-national-indigenous-peoples-day\/\" \/>\n<meta property=\"og:locale\" content=\"fr_FR\" \/>\n<meta property=\"og:type\" content=\"article\" \/>\n<meta property=\"og:title\" content=\"Message pour la Journ\u00e9e nationale des Peuples autochtones - Archdiocese of Ottawa-Cornwall\" \/>\n<meta property=\"og:description\" content=\"Nous rendons hommage aux Peuples autochtones, qui c\u00e9l\u00e8brent aujourd\u2019hui le solstice d\u2019\u00e9t\u00e9. Leurs cultures, leurs langues et leurs traditions nous inspirent. En cette journ\u00e9e la plus longue de l\u2019ann\u00e9e, o\u00f9 la lumi\u00e8re abonde, nous nous rappelons la lumi\u00e8re divine, apport\u00e9e par J\u00e9sus-Christ dans le monde (Jn 8, 12). Que cette lumi\u00e8re \u00e9claire les pas de [&hellip;]\" \/>\n<meta property=\"og:url\" content=\"https:\/\/ottawacornwall.ca\/fr\/news\/message-for-national-indigenous-peoples-day\/\" \/>\n<meta property=\"og:site_name\" content=\"Archdiocese of Ottawa-Cornwall\" \/>\n<meta property=\"article:modified_time\" content=\"2023-06-21T16:49:59+00:00\" \/>\n<meta name=\"twitter:card\" content=\"summary_large_image\" \/>\n<meta name=\"twitter:label1\" content=\"Dur\u00e9e de lecture estim\u00e9e\" \/>\n\t<meta name=\"twitter:data1\" content=\"1 minute\" \/>\n<script type=\"application\/ld+json\" class=\"yoast-schema-graph\">{\"@context\":\"https:\\\/\\\/schema.org\",\"@graph\":[{\"@type\":\"WebPage\",\"@id\":\"https:\\\/\\\/ottawacornwall.ca\\\/fr\\\/news\\\/message-for-national-indigenous-peoples-day\\\/\",\"url\":\"https:\\\/\\\/ottawacornwall.ca\\\/fr\\\/news\\\/message-for-national-indigenous-peoples-day\\\/\",\"name\":\"Message pour la Journ\u00e9e nationale des Peuples autochtones - Archdiocese of Ottawa-Cornwall\",\"isPartOf\":{\"@id\":\"https:\\\/\\\/ottawacornwall.ca\\\/#website\"},\"datePublished\":\"2023-06-21T16:40:51+00:00\",\"dateModified\":\"2023-06-21T16:49:59+00:00\",\"breadcrumb\":{\"@id\":\"https:\\\/\\\/ottawacornwall.ca\\\/fr\\\/news\\\/message-for-national-indigenous-peoples-day\\\/#breadcrumb\"},\"inLanguage\":\"fr-FR\",\"potentialAction\":[{\"@type\":\"ReadAction\",\"target\":[\"https:\\\/\\\/ottawacornwall.ca\\\/fr\\\/news\\\/message-for-national-indigenous-peoples-day\\\/\"]}]},{\"@type\":\"BreadcrumbList\",\"@id\":\"https:\\\/\\\/ottawacornwall.ca\\\/fr\\\/news\\\/message-for-national-indigenous-peoples-day\\\/#breadcrumb\",\"itemListElement\":[{\"@type\":\"ListItem\",\"position\":1,\"name\":\"Home\",\"item\":\"https:\\\/\\\/ottawacornwall.ca\\\/fr\\\/\"},{\"@type\":\"ListItem\",\"position\":2,\"name\":\"Message pour la Journ\u00e9e nationale des Peuples autochtones\"}]},{\"@type\":\"WebSite\",\"@id\":\"https:\\\/\\\/ottawacornwall.ca\\\/#website\",\"url\":\"https:\\\/\\\/ottawacornwall.ca\\\/\",\"name\":\"Archdiocese of Ottawa-Cornwall\",\"description\":\"Welcome to the  Ottawa-Cornwall Archdiocese!\",\"publisher\":{\"@id\":\"https:\\\/\\\/ottawacornwall.ca\\\/#organization\"},\"potentialAction\":[{\"@type\":\"SearchAction\",\"target\":{\"@type\":\"EntryPoint\",\"urlTemplate\":\"https:\\\/\\\/ottawacornwall.ca\\\/?s={search_term_string}\"},\"query-input\":{\"@type\":\"PropertyValueSpecification\",\"valueRequired\":true,\"valueName\":\"search_term_string\"}}],\"inLanguage\":\"fr-FR\"},{\"@type\":\"Organization\",\"@id\":\"https:\\\/\\\/ottawacornwall.ca\\\/#organization\",\"name\":\"Archdiocese of Ottawa-Cornwall\",\"url\":\"https:\\\/\\\/ottawacornwall.ca\\\/\",\"logo\":{\"@type\":\"ImageObject\",\"inLanguage\":\"fr-FR\",\"@id\":\"https:\\\/\\\/ottawacornwall.ca\\\/#\\\/schema\\\/logo\\\/image\\\/\",\"url\":\"https:\\\/\\\/ottawacornwall.ca\\\/wp-content\\\/uploads\\\/2022\\\/11\\\/Archdiocese-Logo-Horizontal-Reverse-1.svg\",\"contentUrl\":\"https:\\\/\\\/ottawacornwall.ca\\\/wp-content\\\/uploads\\\/2022\\\/11\\\/Archdiocese-Logo-Horizontal-Reverse-1.svg\",\"caption\":\"Archdiocese of Ottawa-Cornwall\"},\"image\":{\"@id\":\"https:\\\/\\\/ottawacornwall.ca\\\/#\\\/schema\\\/logo\\\/image\\\/\"}}]}<\/script>\n<!-- \/ Yoast SEO plugin. -->","yoast_head_json":{"title":"Message pour la Journ\u00e9e nationale des Peuples autochtones - Archdiocese of Ottawa-Cornwall","robots":{"index":"index","follow":"follow","max-snippet":"max-snippet:-1","max-image-preview":"max-image-preview:large","max-video-preview":"max-video-preview:-1"},"canonical":"https:\/\/ottawacornwall.ca\/fr\/news\/message-for-national-indigenous-peoples-day\/","og_locale":"fr_FR","og_type":"article","og_title":"Message pour la Journ\u00e9e nationale des Peuples autochtones - Archdiocese of Ottawa-Cornwall","og_description":"Nous rendons hommage aux Peuples autochtones, qui c\u00e9l\u00e8brent aujourd\u2019hui le solstice d\u2019\u00e9t\u00e9. Leurs cultures, leurs langues et leurs traditions nous inspirent. En cette journ\u00e9e la plus longue de l\u2019ann\u00e9e, o\u00f9 la lumi\u00e8re abonde, nous nous rappelons la lumi\u00e8re divine, apport\u00e9e par J\u00e9sus-Christ dans le monde (Jn 8, 12). Que cette lumi\u00e8re \u00e9claire les pas de [&hellip;]","og_url":"https:\/\/ottawacornwall.ca\/fr\/news\/message-for-national-indigenous-peoples-day\/","og_site_name":"Archdiocese of Ottawa-Cornwall","article_modified_time":"2023-06-21T16:49:59+00:00","twitter_card":"summary_large_image","twitter_misc":{"Dur\u00e9e de lecture estim\u00e9e":"1 minute"},"schema":{"@context":"https:\/\/schema.org","@graph":[{"@type":"WebPage","@id":"https:\/\/ottawacornwall.ca\/fr\/news\/message-for-national-indigenous-peoples-day\/","url":"https:\/\/ottawacornwall.ca\/fr\/news\/message-for-national-indigenous-peoples-day\/","name":"Message pour la Journ\u00e9e nationale des Peuples autochtones - Archdiocese of Ottawa-Cornwall","isPartOf":{"@id":"https:\/\/ottawacornwall.ca\/#website"},"datePublished":"2023-06-21T16:40:51+00:00","dateModified":"2023-06-21T16:49:59+00:00","breadcrumb":{"@id":"https:\/\/ottawacornwall.ca\/fr\/news\/message-for-national-indigenous-peoples-day\/#breadcrumb"},"inLanguage":"fr-FR","potentialAction":[{"@type":"ReadAction","target":["https:\/\/ottawacornwall.ca\/fr\/news\/message-for-national-indigenous-peoples-day\/"]}]},{"@type":"BreadcrumbList","@id":"https:\/\/ottawacornwall.ca\/fr\/news\/message-for-national-indigenous-peoples-day\/#breadcrumb","itemListElement":[{"@type":"ListItem","position":1,"name":"Home","item":"https:\/\/ottawacornwall.ca\/fr\/"},{"@type":"ListItem","position":2,"name":"Message pour la Journ\u00e9e nationale des Peuples autochtones"}]},{"@type":"WebSite","@id":"https:\/\/ottawacornwall.ca\/#website","url":"https:\/\/ottawacornwall.ca\/","name":"Archdiocese of Ottawa-Cornwall","description":"Welcome to the  Ottawa-Cornwall Archdiocese!","publisher":{"@id":"https:\/\/ottawacornwall.ca\/#organization"},"potentialAction":[{"@type":"SearchAction","target":{"@type":"EntryPoint","urlTemplate":"https:\/\/ottawacornwall.ca\/?s={search_term_string}"},"query-input":{"@type":"PropertyValueSpecification","valueRequired":true,"valueName":"search_term_string"}}],"inLanguage":"fr-FR"},{"@type":"Organization","@id":"https:\/\/ottawacornwall.ca\/#organization","name":"Archdiocese of Ottawa-Cornwall","url":"https:\/\/ottawacornwall.ca\/","logo":{"@type":"ImageObject","inLanguage":"fr-FR","@id":"https:\/\/ottawacornwall.ca\/#\/schema\/logo\/image\/","url":"https:\/\/ottawacornwall.ca\/wp-content\/uploads\/2022\/11\/Archdiocese-Logo-Horizontal-Reverse-1.svg","contentUrl":"https:\/\/ottawacornwall.ca\/wp-content\/uploads\/2022\/11\/Archdiocese-Logo-Horizontal-Reverse-1.svg","caption":"Archdiocese of Ottawa-Cornwall"},"image":{"@id":"https:\/\/ottawacornwall.ca\/#\/schema\/logo\/image\/"}}]}},"_links":{"self":[{"href":"https:\/\/ottawacornwall.ca\/fr\/wp-json\/wp\/v2\/news\/10632","targetHints":{"allow":["GET"]}}],"collection":[{"href":"https:\/\/ottawacornwall.ca\/fr\/wp-json\/wp\/v2\/news"}],"about":[{"href":"https:\/\/ottawacornwall.ca\/fr\/wp-json\/wp\/v2\/types\/news"}],"author":[{"embeddable":true,"href":"https:\/\/ottawacornwall.ca\/fr\/wp-json\/wp\/v2\/users\/6"}],"replies":[{"embeddable":true,"href":"https:\/\/ottawacornwall.ca\/fr\/wp-json\/wp\/v2\/comments?post=10632"}],"version-history":[{"count":6,"href":"https:\/\/ottawacornwall.ca\/fr\/wp-json\/wp\/v2\/news\/10632\/revisions"}],"predecessor-version":[{"id":10639,"href":"https:\/\/ottawacornwall.ca\/fr\/wp-json\/wp\/v2\/news\/10632\/revisions\/10639"}],"wp:attachment":[{"href":"https:\/\/ottawacornwall.ca\/fr\/wp-json\/wp\/v2\/media?parent=10632"}],"wp:term":[{"taxonomy":"news_cate","embeddable":true,"href":"https:\/\/ottawacornwall.ca\/fr\/wp-json\/wp\/v2\/news_cate?post=10632"}],"curies":[{"name":"wp","href":"https:\/\/api.w.org\/{rel}","templated":true}]}}