{"id":12231,"date":"2023-08-08T12:42:37","date_gmt":"2023-08-08T17:42:37","guid":{"rendered":"https:\/\/wp268132.wpdns.ca\/?post_type=news&#038;p=12231"},"modified":"2023-08-23T11:18:11","modified_gmt":"2023-08-23T16:18:11","slug":"horaires-des-ceremonies-aux-cimetieres-2023","status":"publish","type":"news","link":"https:\/\/ottawacornwall.ca\/fr\/news\/horaires-des-ceremonies-aux-cimetieres-2023\/","title":{"rendered":"Horaires des c\u00e9r\u00e9monies aux cimeti\u00e8res 2023"},"content":{"rendered":"<h3>AO\u00dbT 2023<\/h3>\n<ul>\n<li><strong>Paroisse Saint-Paul, Plantagenet :<\/strong> le dimanche 13 ao\u00fbt \u00e0 11h15 \u00e0 l\u2019\u00e9glise<\/li>\n<li><strong>Paroisse Saint-Beno\u00eet-Labre, Wendover :<\/strong> le samedi 19 ao\u00fbt \u00e0 16 h au cimeti\u00e8re (En cas de pluie, la c\u00e9r\u00e9monie aura lieu \u00e0 l\u2019\u00e9glise.<\/li>\n<li><strong>Paroisse Saint-Viateur, Limoges:<\/strong> le dimanche 20 ao\u00fbt 2023 \u00e0 9h00, messe au cimeti\u00e8re. Veuillez apporter vos chaises. (S\u2019il pleut, la messe aura lieu dans l&rsquo;\u00e9glise).<\/li>\n<li><strong>Paroisse Saint-Hugues, Sarsfield :<\/strong> le dimanche 20 ao\u00fbt, messe \u00e0 9h30 suivie d\u2019un temps de pri\u00e8re au cimeti\u00e8re.<\/li>\n<li><strong>Paroisse de Saint-Albert, St-Albert\u00a0:<\/strong>\u00a0le dimanche 27 ao\u00fbt 2023, \u00e0 9h00, au cimeti\u00e8re<\/li>\n<li><strong>Paroisse Saint-Isidore, St-Isidore :<\/strong> le dimanche 27 ao\u00fbt 2023 \u00e0 10h30, suivi d&rsquo;un l\u00e9ger repas dans notre salle paroissiale. On demande aux participants de s&rsquo;inscrire pour le repas avant le 25 ao\u00fbt.<\/li>\n<li><strong>Paroisse Saint-Joseph, Orl\u00e9ans :<\/strong> le dimanche 27 ao\u00fbt 2023, messe de 11h30 \u00e0 la grotte. En cas de pluie, la c\u00e9r\u00e9monie se d\u00e9roulera en l\u2019\u00e9glise Saint-Joseph.<\/li>\n<li><strong>Paroisse Saint-Laurent, Carlsbad Springs :<\/strong> le dimanche 27 aout 2023, messe de 9h30 au cimeti\u00e8re.<\/li>\n<li><strong>Paroisse Saint-L\u00e9on-le-Grand, Treadwell :<\/strong> le dimanche 27 ao\u00fbt \u00e0 8h15 \u00e0 l\u2019\u00e9glise<\/li>\n<li><strong>Paroisse Saint-Mathieu, Hammond :<\/strong> le dimanche 27 ao\u00fbt 2023, messe de 15h00, au cimeti\u00e8re. En cas de pluie, la c\u00e9r\u00e9monie aura lieu \u00e0 la chapelle de la paroisse St Mathieu.<\/li>\n<li><strong>Paroisse Sainte-Th\u00e9r\u00e8se-D\u2019Avila, Marionville :<\/strong> le dimanche 27 ao\u00fbt 2022, messe \u00e0 9h30 au cimeti\u00e8re. En cas de pluie la c\u00e9r\u00e9monie aura lieu \u00e0 l&rsquo;\u00e9glise.<\/li>\n<li><strong>Paroisse Sainte-Euph\u00e9mie, Casselman\u00a0:\u00a0<\/strong>le dimanche 27 ao\u00fbt 2023, \u00e0 11h00, au cimeti\u00e8re<\/li>\n<li><strong>Paroisse Saint-Joseph, Lemieux\u00a0:\u00a0<\/strong>le dimanche 27 ao\u00fbt 2023, \u00e0 14h00, au cimeti\u00e8re<\/li>\n<li><strong>Paroisse St-Jean-Baptiste, L\u2019Orignal :<\/strong>\u00a0le dimanche 27 ao\u00fbt 2023, messe de 15h00 au cimeti\u00e8re. Veuillez apporter vos chaises. En cas de pluie, la c\u00e9l\u00e9bration aura lieu \u00e0 l&rsquo;\u00e9glise.<\/li>\n<\/ul>\n<p>&nbsp;<\/p>\n<h3>SEPTEMBRE 2023<\/h3>\n<ul>\n<li>C\u00e9l\u00e9bration des Fid\u00e8les d\u00e9funts &#8211;\u00a0<b>Cimeti\u00e8re de l\u2019Espoir : <\/b>le dimanche 10 septembre 2023, \u00e0 14h30.<\/li>\n<li><strong>Paroisse Saint-Pascal-Baylon, St-Pascal-Baylon :<\/strong> le dimanche 10 septembre 2023, la messe dominicale et la c\u00e9r\u00e9monie des d\u00e9funts seront combin\u00e9es \u00e0 9H00.<\/li>\n<li><strong>Paroisse Saint-Eug\u00e8ne, St-Eug\u00e8ne :<\/strong> le dimanche 10 septembre 2023, messe de 9h30. Apr\u00e8s la messe, Mgr L\u00e9o se rendra au cimeti\u00e8re pour b\u00e9nir les tombes de nos d\u00e9funts.<\/li>\n<li><strong>Paroisse Saint-Jacques, Embrun :<\/strong> le dimanche 10 septembre 2023, messe de 11h00 au cimeti\u00e8re sud<\/li>\n<li><strong>Paroisse Sainte Marie de l\u2019Assomption, Green Valley :<\/strong> le dimanche 10 septembre 2023, messe de 9h30 \u00e0 l\u2019\u00e9glise.<\/li>\n<li><strong>Paroisse Saint-Pierre-Ap\u00f4tre, Hawkesbury :<\/strong> le dimanche 10 septembre 2023, \u00e0 14h00, c\u00e9r\u00e9monie au cimeti\u00e8re Saint-Alphonse. En cas de pluie la c\u00e9r\u00e9monie aura lieu \u00e0 l&rsquo;\u00e9glise<\/li>\n<li><strong>Paroisse Sacr\u00e9-C\u0153ur, Alexandria :<\/strong> le dimanche 10 septembre 2023, messe de 11h00 au cimeti\u00e8re paroissial.<\/li>\n<li><strong>Paroisse Sacr\u00e9-C\u0153ur, Bourget :<\/strong> le dimanche 10 septembre 2022, messe \u00e0 l&rsquo;\u00e9glise \u00e0 10h30 suivi d&rsquo;une visite et pri\u00e8res au cimeti\u00e8re si la temp\u00e9rature le permet.<\/li>\n<li><strong>Paroisse Tr\u00e8s-Sainte-Trinit\u00e9, Rockland :<\/strong> le dimanche 10 septembre 2023, messe \u00e0 14 h au cimeti\u00e8re Sainte-Trinit\u00e9 et \u00e0 15 h au cimeti\u00e8re Sainte-Croix. En cas de pluie, la c\u00e9r\u00e9monie aura lieu \u00e0 l\u2019\u00e9glise, \u00e0 la messe de 10h00.<\/li>\n<li><strong>Paroisse Saint-Victor, Alfred :<\/strong> le dimanche 10 septembre 2023, messe \u00e0 15h00. Visite au cimeti\u00e8re apr\u00e8s la messe dans l\u2019\u00e9glise.<\/li>\n<li><b>Paroisse Saint-Bernard, Fournier\u00a0:\u00a0<\/b>le dimanche 10 septembre 2023 \u00e0 10h30. En cas pluie, la c\u00e9r\u00e9monie aura lieu dans l&rsquo;\u00e9glise.<\/li>\n<li>C\u00e9l\u00e9bration des Fid\u00e8les d\u00e9funts &#8211;\u00a0<b>Cimeti\u00e8re Notre-Dame : <\/b>le dimanche 17 septembre 2023, \u00e0 14h30<\/li>\n<li><strong>Paroisse Sainte-Anne-de-Prescott :<\/strong> le dimanche 17 septembre 2023 \u00e0 9h30, au cimeti\u00e8re.<\/li>\n<li><strong>Paroisse Saint-Guillaume, Vars :<\/strong> le dimanche 17 septembre 2023, messe \u00e0 11h00 au cimeti\u00e8re. (En cas de pluie, la messe aura lieu dans l&rsquo;\u00e9glise)<\/li>\n<li><strong>Paroisse Saint-Luc, Curran :<\/strong> le dimanche 17 septembre 2023, \u00e0\u00a011h00\u00a0\u00e0 l\u2019\u00e9glise.<\/li>\n<li><strong>Paroisse Saint-Martin-de-Tours :<\/strong> le dimanche 17 septembre 2023, messe \u00e0 15h00 au cimeti\u00e8re paroissial.<\/li>\n<li class=\"x_MsoListParagraph\"><strong>Paroisse Sainte-F\u00e9licit\u00e9, Clarence Creek\u00a0:<\/strong>\u00a0le dimanche\u00a017 septembre 2023 apr\u00e8s la messe de 10h30.<\/li>\n<li><strong>Paroisse Saint-Paul, Dalkeigh :<\/strong> le dimanche 24 septembre 2023, messe \u00e0 15h30 au cimeti\u00e8re paroissial.<\/li>\n<\/ul>\n<p>&nbsp;<\/p>\n<h3>OCTOBRE 2023<\/h3>\n<ul>\n<li><strong>Paroisse Saint-Alexandre, Lochiel :<\/strong> le dimanche 1er octobre 2023, \u00e0 15h00 au cimeti\u00e8re paroissial.<\/li>\n<\/ul>\n","protected":false},"author":6,"featured_media":0,"comment_status":"closed","ping_status":"closed","template":"","news_cate":[77],"class_list":["post-12231","news","type-news","status-publish","hentry","news_cate-news-from-our-parishes"],"acf":[],"yoast_head":"<!-- This site is optimized with the Yoast SEO plugin v27.4 - https:\/\/yoast.com\/product\/yoast-seo-wordpress\/ -->\n<title>Horaires des c\u00e9r\u00e9monies aux cimeti\u00e8res 2023 - Archdiocese of Ottawa-Cornwall<\/title>\n<meta name=\"robots\" content=\"index, follow, max-snippet:-1, max-image-preview:large, max-video-preview:-1\" \/>\n<link rel=\"canonical\" href=\"https:\/\/ottawacornwall.ca\/fr\/news\/horaires-des-ceremonies-aux-cimetieres-2023\/\" \/>\n<meta property=\"og:locale\" content=\"fr_FR\" \/>\n<meta property=\"og:type\" content=\"article\" \/>\n<meta property=\"og:title\" content=\"Horaires des c\u00e9r\u00e9monies aux cimeti\u00e8res 2023 - Archdiocese of Ottawa-Cornwall\" \/>\n<meta property=\"og:description\" content=\"AO\u00dbT 2023 Paroisse Saint-Paul, Plantagenet : le dimanche 13 ao\u00fbt \u00e0 11h15 \u00e0 l\u2019\u00e9glise Paroisse Saint-Beno\u00eet-Labre, Wendover : le samedi 19 ao\u00fbt \u00e0 16 h au cimeti\u00e8re (En cas de pluie, la c\u00e9r\u00e9monie aura lieu \u00e0 l\u2019\u00e9glise. Paroisse Saint-Viateur, Limoges: le dimanche 20 ao\u00fbt 2023 \u00e0 9h00, messe au cimeti\u00e8re. Veuillez apporter vos chaises. (S\u2019il [&hellip;]\" \/>\n<meta property=\"og:url\" content=\"https:\/\/ottawacornwall.ca\/fr\/news\/horaires-des-ceremonies-aux-cimetieres-2023\/\" \/>\n<meta property=\"og:site_name\" content=\"Archdiocese of Ottawa-Cornwall\" \/>\n<meta property=\"article:modified_time\" content=\"2023-08-23T16:18:11+00:00\" \/>\n<meta name=\"twitter:card\" content=\"summary_large_image\" \/>\n<meta name=\"twitter:label1\" content=\"Dur\u00e9e de lecture estim\u00e9e\" \/>\n\t<meta name=\"twitter:data1\" content=\"3 minutes\" \/>\n<script type=\"application\/ld+json\" class=\"yoast-schema-graph\">{\"@context\":\"https:\\\/\\\/schema.org\",\"@graph\":[{\"@type\":\"WebPage\",\"@id\":\"https:\\\/\\\/ottawacornwall.ca\\\/fr\\\/news\\\/horaires-des-ceremonies-aux-cimetieres-2023\\\/\",\"url\":\"https:\\\/\\\/ottawacornwall.ca\\\/fr\\\/news\\\/horaires-des-ceremonies-aux-cimetieres-2023\\\/\",\"name\":\"Horaires des c\u00e9r\u00e9monies aux cimeti\u00e8res 2023 - Archdiocese of Ottawa-Cornwall\",\"isPartOf\":{\"@id\":\"https:\\\/\\\/ottawacornwall.ca\\\/#website\"},\"datePublished\":\"2023-08-08T17:42:37+00:00\",\"dateModified\":\"2023-08-23T16:18:11+00:00\",\"breadcrumb\":{\"@id\":\"https:\\\/\\\/ottawacornwall.ca\\\/fr\\\/news\\\/horaires-des-ceremonies-aux-cimetieres-2023\\\/#breadcrumb\"},\"inLanguage\":\"fr-FR\",\"potentialAction\":[{\"@type\":\"ReadAction\",\"target\":[\"https:\\\/\\\/ottawacornwall.ca\\\/fr\\\/news\\\/horaires-des-ceremonies-aux-cimetieres-2023\\\/\"]}]},{\"@type\":\"BreadcrumbList\",\"@id\":\"https:\\\/\\\/ottawacornwall.ca\\\/fr\\\/news\\\/horaires-des-ceremonies-aux-cimetieres-2023\\\/#breadcrumb\",\"itemListElement\":[{\"@type\":\"ListItem\",\"position\":1,\"name\":\"Home\",\"item\":\"https:\\\/\\\/ottawacornwall.ca\\\/fr\\\/\"},{\"@type\":\"ListItem\",\"position\":2,\"name\":\"Horaires des c\u00e9r\u00e9monies aux cimeti\u00e8res 2023\"}]},{\"@type\":\"WebSite\",\"@id\":\"https:\\\/\\\/ottawacornwall.ca\\\/#website\",\"url\":\"https:\\\/\\\/ottawacornwall.ca\\\/\",\"name\":\"Archdiocese of Ottawa-Cornwall\",\"description\":\"Welcome to the  Ottawa-Cornwall Archdiocese!\",\"publisher\":{\"@id\":\"https:\\\/\\\/ottawacornwall.ca\\\/#organization\"},\"potentialAction\":[{\"@type\":\"SearchAction\",\"target\":{\"@type\":\"EntryPoint\",\"urlTemplate\":\"https:\\\/\\\/ottawacornwall.ca\\\/?s={search_term_string}\"},\"query-input\":{\"@type\":\"PropertyValueSpecification\",\"valueRequired\":true,\"valueName\":\"search_term_string\"}}],\"inLanguage\":\"fr-FR\"},{\"@type\":\"Organization\",\"@id\":\"https:\\\/\\\/ottawacornwall.ca\\\/#organization\",\"name\":\"Archdiocese of Ottawa-Cornwall\",\"url\":\"https:\\\/\\\/ottawacornwall.ca\\\/\",\"logo\":{\"@type\":\"ImageObject\",\"inLanguage\":\"fr-FR\",\"@id\":\"https:\\\/\\\/ottawacornwall.ca\\\/#\\\/schema\\\/logo\\\/image\\\/\",\"url\":\"https:\\\/\\\/ottawacornwall.ca\\\/wp-content\\\/uploads\\\/2022\\\/11\\\/Archdiocese-Logo-Horizontal-Reverse-1.svg\",\"contentUrl\":\"https:\\\/\\\/ottawacornwall.ca\\\/wp-content\\\/uploads\\\/2022\\\/11\\\/Archdiocese-Logo-Horizontal-Reverse-1.svg\",\"caption\":\"Archdiocese of Ottawa-Cornwall\"},\"image\":{\"@id\":\"https:\\\/\\\/ottawacornwall.ca\\\/#\\\/schema\\\/logo\\\/image\\\/\"}}]}<\/script>\n<!-- \/ Yoast SEO plugin. -->","yoast_head_json":{"title":"Horaires des c\u00e9r\u00e9monies aux cimeti\u00e8res 2023 - Archdiocese of Ottawa-Cornwall","robots":{"index":"index","follow":"follow","max-snippet":"max-snippet:-1","max-image-preview":"max-image-preview:large","max-video-preview":"max-video-preview:-1"},"canonical":"https:\/\/ottawacornwall.ca\/fr\/news\/horaires-des-ceremonies-aux-cimetieres-2023\/","og_locale":"fr_FR","og_type":"article","og_title":"Horaires des c\u00e9r\u00e9monies aux cimeti\u00e8res 2023 - Archdiocese of Ottawa-Cornwall","og_description":"AO\u00dbT 2023 Paroisse Saint-Paul, Plantagenet : le dimanche 13 ao\u00fbt \u00e0 11h15 \u00e0 l\u2019\u00e9glise Paroisse Saint-Beno\u00eet-Labre, Wendover : le samedi 19 ao\u00fbt \u00e0 16 h au cimeti\u00e8re (En cas de pluie, la c\u00e9r\u00e9monie aura lieu \u00e0 l\u2019\u00e9glise. Paroisse Saint-Viateur, Limoges: le dimanche 20 ao\u00fbt 2023 \u00e0 9h00, messe au cimeti\u00e8re. Veuillez apporter vos chaises. (S\u2019il [&hellip;]","og_url":"https:\/\/ottawacornwall.ca\/fr\/news\/horaires-des-ceremonies-aux-cimetieres-2023\/","og_site_name":"Archdiocese of Ottawa-Cornwall","article_modified_time":"2023-08-23T16:18:11+00:00","twitter_card":"summary_large_image","twitter_misc":{"Dur\u00e9e de lecture estim\u00e9e":"3 minutes"},"schema":{"@context":"https:\/\/schema.org","@graph":[{"@type":"WebPage","@id":"https:\/\/ottawacornwall.ca\/fr\/news\/horaires-des-ceremonies-aux-cimetieres-2023\/","url":"https:\/\/ottawacornwall.ca\/fr\/news\/horaires-des-ceremonies-aux-cimetieres-2023\/","name":"Horaires des c\u00e9r\u00e9monies aux cimeti\u00e8res 2023 - Archdiocese of Ottawa-Cornwall","isPartOf":{"@id":"https:\/\/ottawacornwall.ca\/#website"},"datePublished":"2023-08-08T17:42:37+00:00","dateModified":"2023-08-23T16:18:11+00:00","breadcrumb":{"@id":"https:\/\/ottawacornwall.ca\/fr\/news\/horaires-des-ceremonies-aux-cimetieres-2023\/#breadcrumb"},"inLanguage":"fr-FR","potentialAction":[{"@type":"ReadAction","target":["https:\/\/ottawacornwall.ca\/fr\/news\/horaires-des-ceremonies-aux-cimetieres-2023\/"]}]},{"@type":"BreadcrumbList","@id":"https:\/\/ottawacornwall.ca\/fr\/news\/horaires-des-ceremonies-aux-cimetieres-2023\/#breadcrumb","itemListElement":[{"@type":"ListItem","position":1,"name":"Home","item":"https:\/\/ottawacornwall.ca\/fr\/"},{"@type":"ListItem","position":2,"name":"Horaires des c\u00e9r\u00e9monies aux cimeti\u00e8res 2023"}]},{"@type":"WebSite","@id":"https:\/\/ottawacornwall.ca\/#website","url":"https:\/\/ottawacornwall.ca\/","name":"Archdiocese of Ottawa-Cornwall","description":"Welcome to the  Ottawa-Cornwall Archdiocese!","publisher":{"@id":"https:\/\/ottawacornwall.ca\/#organization"},"potentialAction":[{"@type":"SearchAction","target":{"@type":"EntryPoint","urlTemplate":"https:\/\/ottawacornwall.ca\/?s={search_term_string}"},"query-input":{"@type":"PropertyValueSpecification","valueRequired":true,"valueName":"search_term_string"}}],"inLanguage":"fr-FR"},{"@type":"Organization","@id":"https:\/\/ottawacornwall.ca\/#organization","name":"Archdiocese of Ottawa-Cornwall","url":"https:\/\/ottawacornwall.ca\/","logo":{"@type":"ImageObject","inLanguage":"fr-FR","@id":"https:\/\/ottawacornwall.ca\/#\/schema\/logo\/image\/","url":"https:\/\/ottawacornwall.ca\/wp-content\/uploads\/2022\/11\/Archdiocese-Logo-Horizontal-Reverse-1.svg","contentUrl":"https:\/\/ottawacornwall.ca\/wp-content\/uploads\/2022\/11\/Archdiocese-Logo-Horizontal-Reverse-1.svg","caption":"Archdiocese of Ottawa-Cornwall"},"image":{"@id":"https:\/\/ottawacornwall.ca\/#\/schema\/logo\/image\/"}}]}},"_links":{"self":[{"href":"https:\/\/ottawacornwall.ca\/fr\/wp-json\/wp\/v2\/news\/12231","targetHints":{"allow":["GET"]}}],"collection":[{"href":"https:\/\/ottawacornwall.ca\/fr\/wp-json\/wp\/v2\/news"}],"about":[{"href":"https:\/\/ottawacornwall.ca\/fr\/wp-json\/wp\/v2\/types\/news"}],"author":[{"embeddable":true,"href":"https:\/\/ottawacornwall.ca\/fr\/wp-json\/wp\/v2\/users\/6"}],"replies":[{"embeddable":true,"href":"https:\/\/ottawacornwall.ca\/fr\/wp-json\/wp\/v2\/comments?post=12231"}],"version-history":[{"count":8,"href":"https:\/\/ottawacornwall.ca\/fr\/wp-json\/wp\/v2\/news\/12231\/revisions"}],"predecessor-version":[{"id":12701,"href":"https:\/\/ottawacornwall.ca\/fr\/wp-json\/wp\/v2\/news\/12231\/revisions\/12701"}],"wp:attachment":[{"href":"https:\/\/ottawacornwall.ca\/fr\/wp-json\/wp\/v2\/media?parent=12231"}],"wp:term":[{"taxonomy":"news_cate","embeddable":true,"href":"https:\/\/ottawacornwall.ca\/fr\/wp-json\/wp\/v2\/news_cate?post=12231"}],"curies":[{"name":"wp","href":"https:\/\/api.w.org\/{rel}","templated":true}]}}