{"id":15832,"date":"2023-12-25T20:24:02","date_gmt":"2023-12-26T01:24:02","guid":{"rendered":"https:\/\/wp268132.wpdns.ca\/?post_type=news&#038;p=15832"},"modified":"2023-12-14T20:24:00","modified_gmt":"2023-12-15T01:24:00","slug":"message-de-noel-de-mgr-damphousse","status":"publish","type":"news","link":"https:\/\/ottawacornwall.ca\/fr\/news\/message-de-noel-de-mgr-damphousse\/","title":{"rendered":"Message de No\u00ebl de Mgr Damphousse"},"content":{"rendered":"<p style=\"text-align: center;\">\u00ab\u00a0La gr\u00e2ce de Dieu s\u2019est manifest\u00e9e pour le salut de tous les hommes.\u00a0\u00bb Tite 2, 11<\/p>\n<p style=\"text-align: center;\"><em>(Tir\u00e9 de la deuxi\u00e8me lecture pour la messe de la nuit de No\u00ebl)<\/em><\/p>\n<p>En cette ann\u00e9e 2023, la f\u00eate de No\u00ebl marque le huit-centi\u00e8me anniversaire d\u2019un \u00e9v\u00e9nement bien sp\u00e9cial. Dans le petit village de Greccio en Italie, saint Fran\u00e7ois d\u2019Assise a trouv\u00e9 une grotte et, dans la nuit du 24 d\u00e9cembre 1223, il a fabriqu\u00e9 avec les habitants la premi\u00e8re cr\u00e8che vivante. Depuis lors, chaque ann\u00e9e, se perp\u00e9tue la coutume d\u2019installer une cr\u00e8che dans nos \u00e9glises et chapelles, dans nos rues, dans nos maisons, sur nos places, dans nos quartiers. Pour saint Fran\u00e7ois et pour nous, cela d\u00e9passe largement le folklore. Il s\u2019agit de rendre visible et vivante le fait qu\u2019en cette nuit tr\u00e8s sainte, le Fils de Dieu entre dans notre monde pour y faire jaillir la lumi\u00e8re de son P\u00e8re.<\/p>\n<p>No\u00ebl c\u00e9l\u00e8bre l\u2019accomplissement d\u2019une promesse de Dieu annonc\u00e9e par les proph\u00e8tes, \u00e0 l\u2019\u00e9gard de son peuple qu\u2019Il a toujours aim\u00e9. Par souci de notre salut, de notre bonheur et de notre \u00e9ternit\u00e9, Dieu est intervenu de fa\u00e7on unique et singuli\u00e8re dans notre temps et notre espace. Dieu Fort et Tout-Puissant, cr\u00e9ateur du ciel et de la terre, a d\u00e9cid\u00e9 d&rsquo;entrer dans notre monde d&rsquo;une mani\u00e8re humble et inattendue. Con\u00e7u par l&rsquo;Esprit Saint dans le sein virginal de Marie, Dieu s&rsquo;est incarn\u00e9 et est venu parmi nous comme un nouveau-n\u00e9. Cette entr\u00e9e non mena\u00e7ante dans notre monde lui permettra de se r\u00e9v\u00e9ler comme une personne aimante et compatissante, d\u00e9sireuse de nous lib\u00e9rer et de nous faire participer \u00e0 la pl\u00e9nitude de sa vie. C&rsquo;est ce m\u00eame enfant qui sera connu par beaucoup sous le nom de J\u00e9sus le Christ, Fils de Dieu, Seigneur et Sauveur, qui donnera sa vie sur la croix et ressuscitera d&rsquo;entre les morts.<\/p>\n<p>\u00ab\u00a0La gr\u00e2ce de Dieu s\u2019est manifest\u00e9e pour le salut de tous les hommes.\u00a0\u00bb Voil\u00e0 comment saint Paul annonce \u00e0 Tite la bonne nouvelle de l\u2019arriv\u00e9e de notre Sauveur, le Seigneur J\u00e9sus-Christ. Il est l\u2019esp\u00e9rance tant attendue d\u2019un peuple qui a march\u00e9 dans les t\u00e9n\u00e8bres; de p\u00e9cheurs en attente de leur r\u00e9demption; d\u2019un peuple appel\u00e9 \u00e0 devenir une nation sainte. J\u00e9sus \u00ab\u00a0s\u2019est donn\u00e9 pour nous afin de nous racheter de toutes nos fautes, de nous purifier pour faire de nous son peuple, un peuple ardent \u00e0 faire le bien.\u00a0\u00bb (Tite 2, 14)<\/p>\n<p>En vous souhaitant un Joyeux No\u00ebl, je prie que vous puissiez vraiment faire l\u2019exp\u00e9rience d\u2019une rencontre divine et que vous puissiez go\u00fbter \u00e0 la joie d\u2019\u00eatre aim\u00e9 et sauv\u00e9. C\u2019est le cadeau que Dieu le P\u00e8re vous fait en son Fils car Il veut votre salut et Il a besoin de vous pour la construction de son Royaume. Voil\u00e0 la Mission \u00e0 laquelle nous sommes envoy\u00e9s! En tant qu&rsquo;enfants de Dieu et disciples missionnaires du Christ, prenons \u00e0 c\u0153ur notre appel et faisons conna\u00eetre J\u00e9sus \u00e0 tous, o\u00f9 qu&rsquo;ils soient.<\/p>\n<p>Joyeux No\u00ebl!<\/p>\n<p><strong>\u2720 Marcel Damphousse<\/strong><\/p>\n<p>Archev\u00eaque d\u2019Ottawa-Cornwall<\/p>\n","protected":false},"author":6,"featured_media":0,"comment_status":"closed","ping_status":"closed","template":"","news_cate":[74],"class_list":["post-15832","news","type-news","status-publish","hentry","news_cate-current-message"],"acf":[],"yoast_head":"<!-- This site is optimized with the Yoast SEO plugin v27.4 - https:\/\/yoast.com\/product\/yoast-seo-wordpress\/ -->\n<title>Message de No\u00ebl de Mgr Damphousse - Archdiocese of Ottawa-Cornwall<\/title>\n<meta name=\"robots\" content=\"index, follow, max-snippet:-1, max-image-preview:large, max-video-preview:-1\" \/>\n<link rel=\"canonical\" href=\"https:\/\/ottawacornwall.ca\/fr\/news\/message-de-noel-de-mgr-damphousse\/\" \/>\n<meta property=\"og:locale\" content=\"fr_FR\" \/>\n<meta property=\"og:type\" content=\"article\" \/>\n<meta property=\"og:title\" content=\"Message de No\u00ebl de Mgr Damphousse - Archdiocese of Ottawa-Cornwall\" \/>\n<meta property=\"og:description\" content=\"\u00ab\u00a0La gr\u00e2ce de Dieu s\u2019est manifest\u00e9e pour le salut de tous les hommes.\u00a0\u00bb Tite 2, 11 (Tir\u00e9 de la deuxi\u00e8me lecture pour la messe de la nuit de No\u00ebl) En cette ann\u00e9e 2023, la f\u00eate de No\u00ebl marque le huit-centi\u00e8me anniversaire d\u2019un \u00e9v\u00e9nement bien sp\u00e9cial. Dans le petit village de Greccio en Italie, saint Fran\u00e7ois [&hellip;]\" \/>\n<meta property=\"og:url\" content=\"https:\/\/ottawacornwall.ca\/fr\/news\/message-de-noel-de-mgr-damphousse\/\" \/>\n<meta property=\"og:site_name\" content=\"Archdiocese of Ottawa-Cornwall\" \/>\n<meta name=\"twitter:card\" content=\"summary_large_image\" \/>\n<meta name=\"twitter:label1\" content=\"Dur\u00e9e de lecture estim\u00e9e\" \/>\n\t<meta name=\"twitter:data1\" content=\"3 minutes\" \/>\n<script type=\"application\/ld+json\" class=\"yoast-schema-graph\">{\"@context\":\"https:\\\/\\\/schema.org\",\"@graph\":[{\"@type\":\"WebPage\",\"@id\":\"https:\\\/\\\/ottawacornwall.ca\\\/fr\\\/news\\\/message-de-noel-de-mgr-damphousse\\\/\",\"url\":\"https:\\\/\\\/ottawacornwall.ca\\\/fr\\\/news\\\/message-de-noel-de-mgr-damphousse\\\/\",\"name\":\"Message de No\u00ebl de Mgr Damphousse - Archdiocese of Ottawa-Cornwall\",\"isPartOf\":{\"@id\":\"https:\\\/\\\/ottawacornwall.ca\\\/#website\"},\"datePublished\":\"2023-12-26T01:24:02+00:00\",\"breadcrumb\":{\"@id\":\"https:\\\/\\\/ottawacornwall.ca\\\/fr\\\/news\\\/message-de-noel-de-mgr-damphousse\\\/#breadcrumb\"},\"inLanguage\":\"fr-FR\",\"potentialAction\":[{\"@type\":\"ReadAction\",\"target\":[\"https:\\\/\\\/ottawacornwall.ca\\\/fr\\\/news\\\/message-de-noel-de-mgr-damphousse\\\/\"]}]},{\"@type\":\"BreadcrumbList\",\"@id\":\"https:\\\/\\\/ottawacornwall.ca\\\/fr\\\/news\\\/message-de-noel-de-mgr-damphousse\\\/#breadcrumb\",\"itemListElement\":[{\"@type\":\"ListItem\",\"position\":1,\"name\":\"Home\",\"item\":\"https:\\\/\\\/ottawacornwall.ca\\\/fr\\\/\"},{\"@type\":\"ListItem\",\"position\":2,\"name\":\"Message de No\u00ebl de Mgr Damphousse\"}]},{\"@type\":\"WebSite\",\"@id\":\"https:\\\/\\\/ottawacornwall.ca\\\/#website\",\"url\":\"https:\\\/\\\/ottawacornwall.ca\\\/\",\"name\":\"Archdiocese of Ottawa-Cornwall\",\"description\":\"Welcome to the  Ottawa-Cornwall Archdiocese!\",\"publisher\":{\"@id\":\"https:\\\/\\\/ottawacornwall.ca\\\/#organization\"},\"potentialAction\":[{\"@type\":\"SearchAction\",\"target\":{\"@type\":\"EntryPoint\",\"urlTemplate\":\"https:\\\/\\\/ottawacornwall.ca\\\/?s={search_term_string}\"},\"query-input\":{\"@type\":\"PropertyValueSpecification\",\"valueRequired\":true,\"valueName\":\"search_term_string\"}}],\"inLanguage\":\"fr-FR\"},{\"@type\":\"Organization\",\"@id\":\"https:\\\/\\\/ottawacornwall.ca\\\/#organization\",\"name\":\"Archdiocese of Ottawa-Cornwall\",\"url\":\"https:\\\/\\\/ottawacornwall.ca\\\/\",\"logo\":{\"@type\":\"ImageObject\",\"inLanguage\":\"fr-FR\",\"@id\":\"https:\\\/\\\/ottawacornwall.ca\\\/#\\\/schema\\\/logo\\\/image\\\/\",\"url\":\"https:\\\/\\\/ottawacornwall.ca\\\/wp-content\\\/uploads\\\/2022\\\/11\\\/Archdiocese-Logo-Horizontal-Reverse-1.svg\",\"contentUrl\":\"https:\\\/\\\/ottawacornwall.ca\\\/wp-content\\\/uploads\\\/2022\\\/11\\\/Archdiocese-Logo-Horizontal-Reverse-1.svg\",\"caption\":\"Archdiocese of Ottawa-Cornwall\"},\"image\":{\"@id\":\"https:\\\/\\\/ottawacornwall.ca\\\/#\\\/schema\\\/logo\\\/image\\\/\"}}]}<\/script>\n<!-- \/ Yoast SEO plugin. -->","yoast_head_json":{"title":"Message de No\u00ebl de Mgr Damphousse - Archdiocese of Ottawa-Cornwall","robots":{"index":"index","follow":"follow","max-snippet":"max-snippet:-1","max-image-preview":"max-image-preview:large","max-video-preview":"max-video-preview:-1"},"canonical":"https:\/\/ottawacornwall.ca\/fr\/news\/message-de-noel-de-mgr-damphousse\/","og_locale":"fr_FR","og_type":"article","og_title":"Message de No\u00ebl de Mgr Damphousse - Archdiocese of Ottawa-Cornwall","og_description":"\u00ab\u00a0La gr\u00e2ce de Dieu s\u2019est manifest\u00e9e pour le salut de tous les hommes.\u00a0\u00bb Tite 2, 11 (Tir\u00e9 de la deuxi\u00e8me lecture pour la messe de la nuit de No\u00ebl) En cette ann\u00e9e 2023, la f\u00eate de No\u00ebl marque le huit-centi\u00e8me anniversaire d\u2019un \u00e9v\u00e9nement bien sp\u00e9cial. Dans le petit village de Greccio en Italie, saint Fran\u00e7ois [&hellip;]","og_url":"https:\/\/ottawacornwall.ca\/fr\/news\/message-de-noel-de-mgr-damphousse\/","og_site_name":"Archdiocese of Ottawa-Cornwall","twitter_card":"summary_large_image","twitter_misc":{"Dur\u00e9e de lecture estim\u00e9e":"3 minutes"},"schema":{"@context":"https:\/\/schema.org","@graph":[{"@type":"WebPage","@id":"https:\/\/ottawacornwall.ca\/fr\/news\/message-de-noel-de-mgr-damphousse\/","url":"https:\/\/ottawacornwall.ca\/fr\/news\/message-de-noel-de-mgr-damphousse\/","name":"Message de No\u00ebl de Mgr Damphousse - Archdiocese of Ottawa-Cornwall","isPartOf":{"@id":"https:\/\/ottawacornwall.ca\/#website"},"datePublished":"2023-12-26T01:24:02+00:00","breadcrumb":{"@id":"https:\/\/ottawacornwall.ca\/fr\/news\/message-de-noel-de-mgr-damphousse\/#breadcrumb"},"inLanguage":"fr-FR","potentialAction":[{"@type":"ReadAction","target":["https:\/\/ottawacornwall.ca\/fr\/news\/message-de-noel-de-mgr-damphousse\/"]}]},{"@type":"BreadcrumbList","@id":"https:\/\/ottawacornwall.ca\/fr\/news\/message-de-noel-de-mgr-damphousse\/#breadcrumb","itemListElement":[{"@type":"ListItem","position":1,"name":"Home","item":"https:\/\/ottawacornwall.ca\/fr\/"},{"@type":"ListItem","position":2,"name":"Message de No\u00ebl de Mgr Damphousse"}]},{"@type":"WebSite","@id":"https:\/\/ottawacornwall.ca\/#website","url":"https:\/\/ottawacornwall.ca\/","name":"Archdiocese of Ottawa-Cornwall","description":"Welcome to the  Ottawa-Cornwall Archdiocese!","publisher":{"@id":"https:\/\/ottawacornwall.ca\/#organization"},"potentialAction":[{"@type":"SearchAction","target":{"@type":"EntryPoint","urlTemplate":"https:\/\/ottawacornwall.ca\/?s={search_term_string}"},"query-input":{"@type":"PropertyValueSpecification","valueRequired":true,"valueName":"search_term_string"}}],"inLanguage":"fr-FR"},{"@type":"Organization","@id":"https:\/\/ottawacornwall.ca\/#organization","name":"Archdiocese of Ottawa-Cornwall","url":"https:\/\/ottawacornwall.ca\/","logo":{"@type":"ImageObject","inLanguage":"fr-FR","@id":"https:\/\/ottawacornwall.ca\/#\/schema\/logo\/image\/","url":"https:\/\/ottawacornwall.ca\/wp-content\/uploads\/2022\/11\/Archdiocese-Logo-Horizontal-Reverse-1.svg","contentUrl":"https:\/\/ottawacornwall.ca\/wp-content\/uploads\/2022\/11\/Archdiocese-Logo-Horizontal-Reverse-1.svg","caption":"Archdiocese of Ottawa-Cornwall"},"image":{"@id":"https:\/\/ottawacornwall.ca\/#\/schema\/logo\/image\/"}}]}},"_links":{"self":[{"href":"https:\/\/ottawacornwall.ca\/fr\/wp-json\/wp\/v2\/news\/15832","targetHints":{"allow":["GET"]}}],"collection":[{"href":"https:\/\/ottawacornwall.ca\/fr\/wp-json\/wp\/v2\/news"}],"about":[{"href":"https:\/\/ottawacornwall.ca\/fr\/wp-json\/wp\/v2\/types\/news"}],"author":[{"embeddable":true,"href":"https:\/\/ottawacornwall.ca\/fr\/wp-json\/wp\/v2\/users\/6"}],"replies":[{"embeddable":true,"href":"https:\/\/ottawacornwall.ca\/fr\/wp-json\/wp\/v2\/comments?post=15832"}],"version-history":[{"count":1,"href":"https:\/\/ottawacornwall.ca\/fr\/wp-json\/wp\/v2\/news\/15832\/revisions"}],"predecessor-version":[{"id":15833,"href":"https:\/\/ottawacornwall.ca\/fr\/wp-json\/wp\/v2\/news\/15832\/revisions\/15833"}],"wp:attachment":[{"href":"https:\/\/ottawacornwall.ca\/fr\/wp-json\/wp\/v2\/media?parent=15832"}],"wp:term":[{"taxonomy":"news_cate","embeddable":true,"href":"https:\/\/ottawacornwall.ca\/fr\/wp-json\/wp\/v2\/news_cate?post=15832"}],"curies":[{"name":"wp","href":"https:\/\/api.w.org\/{rel}","templated":true}]}}