{"id":17152,"date":"2024-02-09T12:20:14","date_gmt":"2024-02-09T17:20:14","guid":{"rendered":"https:\/\/wp268132.wpdns.ca\/news\/fasting-guidelines\/"},"modified":"2024-02-09T12:24:28","modified_gmt":"2024-02-09T17:24:28","slug":"jours-de-jeune","status":"publish","type":"news","link":"https:\/\/ottawacornwall.ca\/fr\/news\/jours-de-jeune\/","title":{"rendered":"Jours de je\u00fbne"},"content":{"rendered":"<h3><i>Le Mercredi des Cendres et le Vendredi saint sont jours de je\u00fbne et d\u2019abstinence. Qu\u2019est-ce que cela signifie pour vous?<\/i><\/h3>\n<p>&nbsp;<\/p>\n<p><strong>Qu\u2019est-ce que le je\u00fbne et l\u2019abstinence?<\/strong><\/p>\n<p>Les jours de je\u00fbne, nous consommons moins de nourriture et de boissons. Nous limitons notre consommation \u00e0 un seul repas principal, auquel il est permis d&rsquo;ajouter deux l\u00e9g\u00e8res collations dont la quantit\u00e9 totale est moindre que le repas principal. Dans le m\u00eame esprit, nous renon\u00e7ons aussi aux friandises, aux desserts et \u00e0 l\u2019alcool, et nous ne mangeons pas entre les repas.<\/p>\n<p>Les jours d&rsquo;abstinence, nous ne mangeons pas de viande. Bien que tous les vendredis soient des jours d\u2019abstinence, la Conf\u00e9rence des \u00e9v\u00eaques catholiques du Canada a d\u00e9cr\u00e9t\u00e9 que les catholiques peuvent y substituer des actes sp\u00e9ciaux de charit\u00e9 ou de pi\u00e9t\u00e9.<\/p>\n<p>&nbsp;<\/p>\n<p><strong>Pourquoi je\u00fbner?<\/strong><\/p>\n<p>Le je\u00fbne n\u2019est pas une punition pour nos p\u00e9ch\u00e9s. C\u2019est plut\u00f4t une fa\u00e7on d\u2019honorer le sacrifice de J\u00e9sus et d\u2019unir nos souffrances aux siennes. Il porta nos p\u00e9ch\u00e9s jusqu\u2019\u00e0 la croix. Je\u00fbner et faire abstinence deux jours par ann\u00e9e est une bien petite renonciation pour Lui exprimer notre amour et notre reconnaissance.<\/p>\n<p>Le je\u00fbne nous enseigne aussi la discipline. En renon\u00e7ant \u00e0 quelque chose dont nous avons envie, nous d\u00e9veloppons la ma\u00eetrise de soi. Un peu de renoncement de soi est sain. Le je\u00fbne nous permet, \u00e0 nous qui avons la chance d\u2019avoir suffisamment de nourriture, d\u2019\u00eatre solidaires de celles et de ceux qui souffrent quotidiennement.<\/p>\n<p>&nbsp;<\/p>\n<p><strong>Qui est tenu d&rsquo;observer le je\u00fbne et l\u2019abstinence?<\/strong><\/p>\n<p>Les catholiques de 14 ans et plus doivent s\u2019abstenir de manger de la viande le Mercredi des Cendres et le Vendredi saint. Les catholiques de 18 \u00e0 59 ans doivent aussi je\u00fbner ces jours-l\u00e0.<\/p>\n<p>&nbsp;<\/p>\n<p><strong>Et si j\u2019ai des probl\u00e8mes de sant\u00e9?<\/strong><\/p>\n<p>Nous ne sommes pas tous tenus de poser les m\u00eames gestes. Certaines conditions m\u00e9dicales et la grossesse rendent le je\u00fbne dangereux. Dans ce cas, vous pouvez respecter l\u2019esprit du je\u00fbne tout en prenant soin de votre sant\u00e9. Les jours de je\u00fbne, vous pouvez renoncer aux desserts ou \u00e0 vos mets pr\u00e9f\u00e9r\u00e9s, et vous en tenir \u00e0 des repas simples.<\/p>\n","protected":false},"author":6,"featured_media":0,"comment_status":"closed","ping_status":"closed","template":"","news_cate":[74],"class_list":["post-17152","news","type-news","status-publish","hentry","news_cate-current-message"],"acf":[],"yoast_head":"<!-- This site is optimized with the Yoast SEO plugin v27.4 - https:\/\/yoast.com\/product\/yoast-seo-wordpress\/ -->\n<title>Jours de je\u00fbne - Archdiocese of Ottawa-Cornwall<\/title>\n<meta name=\"robots\" content=\"index, follow, max-snippet:-1, max-image-preview:large, max-video-preview:-1\" \/>\n<link rel=\"canonical\" href=\"https:\/\/ottawacornwall.ca\/fr\/news\/jours-de-jeune\/\" \/>\n<meta property=\"og:locale\" content=\"fr_FR\" \/>\n<meta property=\"og:type\" content=\"article\" \/>\n<meta property=\"og:title\" content=\"Jours de je\u00fbne - Archdiocese of Ottawa-Cornwall\" \/>\n<meta property=\"og:description\" content=\"Le Mercredi des Cendres et le Vendredi saint sont jours de je\u00fbne et d\u2019abstinence. Qu\u2019est-ce que cela signifie pour vous? &nbsp; Qu\u2019est-ce que le je\u00fbne et l\u2019abstinence? Les jours de je\u00fbne, nous consommons moins de nourriture et de boissons. Nous limitons notre consommation \u00e0 un seul repas principal, auquel il est permis d&rsquo;ajouter deux l\u00e9g\u00e8res [&hellip;]\" \/>\n<meta property=\"og:url\" content=\"https:\/\/ottawacornwall.ca\/fr\/news\/jours-de-jeune\/\" \/>\n<meta property=\"og:site_name\" content=\"Archdiocese of Ottawa-Cornwall\" \/>\n<meta property=\"article:modified_time\" content=\"2024-02-09T17:24:28+00:00\" \/>\n<meta name=\"twitter:card\" content=\"summary_large_image\" \/>\n<meta name=\"twitter:label1\" content=\"Dur\u00e9e de lecture estim\u00e9e\" \/>\n\t<meta name=\"twitter:data1\" content=\"2 minutes\" \/>\n<script type=\"application\/ld+json\" class=\"yoast-schema-graph\">{\"@context\":\"https:\\\/\\\/schema.org\",\"@graph\":[{\"@type\":\"WebPage\",\"@id\":\"https:\\\/\\\/ottawacornwall.ca\\\/fr\\\/news\\\/jours-de-jeune\\\/\",\"url\":\"https:\\\/\\\/ottawacornwall.ca\\\/fr\\\/news\\\/jours-de-jeune\\\/\",\"name\":\"Jours de je\u00fbne - Archdiocese of Ottawa-Cornwall\",\"isPartOf\":{\"@id\":\"https:\\\/\\\/ottawacornwall.ca\\\/#website\"},\"datePublished\":\"2024-02-09T17:20:14+00:00\",\"dateModified\":\"2024-02-09T17:24:28+00:00\",\"breadcrumb\":{\"@id\":\"https:\\\/\\\/ottawacornwall.ca\\\/fr\\\/news\\\/jours-de-jeune\\\/#breadcrumb\"},\"inLanguage\":\"fr-FR\",\"potentialAction\":[{\"@type\":\"ReadAction\",\"target\":[\"https:\\\/\\\/ottawacornwall.ca\\\/fr\\\/news\\\/jours-de-jeune\\\/\"]}]},{\"@type\":\"BreadcrumbList\",\"@id\":\"https:\\\/\\\/ottawacornwall.ca\\\/fr\\\/news\\\/jours-de-jeune\\\/#breadcrumb\",\"itemListElement\":[{\"@type\":\"ListItem\",\"position\":1,\"name\":\"Home\",\"item\":\"https:\\\/\\\/ottawacornwall.ca\\\/fr\\\/\"},{\"@type\":\"ListItem\",\"position\":2,\"name\":\"Jours de je\u00fbne\"}]},{\"@type\":\"WebSite\",\"@id\":\"https:\\\/\\\/ottawacornwall.ca\\\/#website\",\"url\":\"https:\\\/\\\/ottawacornwall.ca\\\/\",\"name\":\"Archdiocese of Ottawa-Cornwall\",\"description\":\"Welcome to the  Ottawa-Cornwall Archdiocese!\",\"publisher\":{\"@id\":\"https:\\\/\\\/ottawacornwall.ca\\\/#organization\"},\"potentialAction\":[{\"@type\":\"SearchAction\",\"target\":{\"@type\":\"EntryPoint\",\"urlTemplate\":\"https:\\\/\\\/ottawacornwall.ca\\\/?s={search_term_string}\"},\"query-input\":{\"@type\":\"PropertyValueSpecification\",\"valueRequired\":true,\"valueName\":\"search_term_string\"}}],\"inLanguage\":\"fr-FR\"},{\"@type\":\"Organization\",\"@id\":\"https:\\\/\\\/ottawacornwall.ca\\\/#organization\",\"name\":\"Archdiocese of Ottawa-Cornwall\",\"url\":\"https:\\\/\\\/ottawacornwall.ca\\\/\",\"logo\":{\"@type\":\"ImageObject\",\"inLanguage\":\"fr-FR\",\"@id\":\"https:\\\/\\\/ottawacornwall.ca\\\/#\\\/schema\\\/logo\\\/image\\\/\",\"url\":\"https:\\\/\\\/ottawacornwall.ca\\\/wp-content\\\/uploads\\\/2022\\\/11\\\/Archdiocese-Logo-Horizontal-Reverse-1.svg\",\"contentUrl\":\"https:\\\/\\\/ottawacornwall.ca\\\/wp-content\\\/uploads\\\/2022\\\/11\\\/Archdiocese-Logo-Horizontal-Reverse-1.svg\",\"caption\":\"Archdiocese of Ottawa-Cornwall\"},\"image\":{\"@id\":\"https:\\\/\\\/ottawacornwall.ca\\\/#\\\/schema\\\/logo\\\/image\\\/\"}}]}<\/script>\n<!-- \/ Yoast SEO plugin. -->","yoast_head_json":{"title":"Jours de je\u00fbne - Archdiocese of Ottawa-Cornwall","robots":{"index":"index","follow":"follow","max-snippet":"max-snippet:-1","max-image-preview":"max-image-preview:large","max-video-preview":"max-video-preview:-1"},"canonical":"https:\/\/ottawacornwall.ca\/fr\/news\/jours-de-jeune\/","og_locale":"fr_FR","og_type":"article","og_title":"Jours de je\u00fbne - Archdiocese of Ottawa-Cornwall","og_description":"Le Mercredi des Cendres et le Vendredi saint sont jours de je\u00fbne et d\u2019abstinence. Qu\u2019est-ce que cela signifie pour vous? &nbsp; Qu\u2019est-ce que le je\u00fbne et l\u2019abstinence? Les jours de je\u00fbne, nous consommons moins de nourriture et de boissons. Nous limitons notre consommation \u00e0 un seul repas principal, auquel il est permis d&rsquo;ajouter deux l\u00e9g\u00e8res [&hellip;]","og_url":"https:\/\/ottawacornwall.ca\/fr\/news\/jours-de-jeune\/","og_site_name":"Archdiocese of Ottawa-Cornwall","article_modified_time":"2024-02-09T17:24:28+00:00","twitter_card":"summary_large_image","twitter_misc":{"Dur\u00e9e de lecture estim\u00e9e":"2 minutes"},"schema":{"@context":"https:\/\/schema.org","@graph":[{"@type":"WebPage","@id":"https:\/\/ottawacornwall.ca\/fr\/news\/jours-de-jeune\/","url":"https:\/\/ottawacornwall.ca\/fr\/news\/jours-de-jeune\/","name":"Jours de je\u00fbne - Archdiocese of Ottawa-Cornwall","isPartOf":{"@id":"https:\/\/ottawacornwall.ca\/#website"},"datePublished":"2024-02-09T17:20:14+00:00","dateModified":"2024-02-09T17:24:28+00:00","breadcrumb":{"@id":"https:\/\/ottawacornwall.ca\/fr\/news\/jours-de-jeune\/#breadcrumb"},"inLanguage":"fr-FR","potentialAction":[{"@type":"ReadAction","target":["https:\/\/ottawacornwall.ca\/fr\/news\/jours-de-jeune\/"]}]},{"@type":"BreadcrumbList","@id":"https:\/\/ottawacornwall.ca\/fr\/news\/jours-de-jeune\/#breadcrumb","itemListElement":[{"@type":"ListItem","position":1,"name":"Home","item":"https:\/\/ottawacornwall.ca\/fr\/"},{"@type":"ListItem","position":2,"name":"Jours de je\u00fbne"}]},{"@type":"WebSite","@id":"https:\/\/ottawacornwall.ca\/#website","url":"https:\/\/ottawacornwall.ca\/","name":"Archdiocese of Ottawa-Cornwall","description":"Welcome to the  Ottawa-Cornwall Archdiocese!","publisher":{"@id":"https:\/\/ottawacornwall.ca\/#organization"},"potentialAction":[{"@type":"SearchAction","target":{"@type":"EntryPoint","urlTemplate":"https:\/\/ottawacornwall.ca\/?s={search_term_string}"},"query-input":{"@type":"PropertyValueSpecification","valueRequired":true,"valueName":"search_term_string"}}],"inLanguage":"fr-FR"},{"@type":"Organization","@id":"https:\/\/ottawacornwall.ca\/#organization","name":"Archdiocese of Ottawa-Cornwall","url":"https:\/\/ottawacornwall.ca\/","logo":{"@type":"ImageObject","inLanguage":"fr-FR","@id":"https:\/\/ottawacornwall.ca\/#\/schema\/logo\/image\/","url":"https:\/\/ottawacornwall.ca\/wp-content\/uploads\/2022\/11\/Archdiocese-Logo-Horizontal-Reverse-1.svg","contentUrl":"https:\/\/ottawacornwall.ca\/wp-content\/uploads\/2022\/11\/Archdiocese-Logo-Horizontal-Reverse-1.svg","caption":"Archdiocese of Ottawa-Cornwall"},"image":{"@id":"https:\/\/ottawacornwall.ca\/#\/schema\/logo\/image\/"}}]}},"_links":{"self":[{"href":"https:\/\/ottawacornwall.ca\/fr\/wp-json\/wp\/v2\/news\/17152","targetHints":{"allow":["GET"]}}],"collection":[{"href":"https:\/\/ottawacornwall.ca\/fr\/wp-json\/wp\/v2\/news"}],"about":[{"href":"https:\/\/ottawacornwall.ca\/fr\/wp-json\/wp\/v2\/types\/news"}],"author":[{"embeddable":true,"href":"https:\/\/ottawacornwall.ca\/fr\/wp-json\/wp\/v2\/users\/6"}],"replies":[{"embeddable":true,"href":"https:\/\/ottawacornwall.ca\/fr\/wp-json\/wp\/v2\/comments?post=17152"}],"version-history":[{"count":4,"href":"https:\/\/ottawacornwall.ca\/fr\/wp-json\/wp\/v2\/news\/17152\/revisions"}],"predecessor-version":[{"id":17160,"href":"https:\/\/ottawacornwall.ca\/fr\/wp-json\/wp\/v2\/news\/17152\/revisions\/17160"}],"wp:attachment":[{"href":"https:\/\/ottawacornwall.ca\/fr\/wp-json\/wp\/v2\/media?parent=17152"}],"wp:term":[{"taxonomy":"news_cate","embeddable":true,"href":"https:\/\/ottawacornwall.ca\/fr\/wp-json\/wp\/v2\/news_cate?post=17152"}],"curies":[{"name":"wp","href":"https:\/\/api.w.org\/{rel}","templated":true}]}}