{"id":17491,"date":"2024-02-18T14:25:37","date_gmt":"2024-02-18T19:25:37","guid":{"rendered":"https:\/\/wp268132.wpdns.ca\/news\/1st-sunday-of-lent-archbishop-damphousse\/"},"modified":"2024-02-20T14:35:23","modified_gmt":"2024-02-20T19:35:23","slug":"1er-dimanche-de-careme-mgr-damphousse","status":"publish","type":"news","link":"https:\/\/ottawacornwall.ca\/fr\/news\/1er-dimanche-de-careme-mgr-damphousse\/","title":{"rendered":"1er dimanche de Car\u00eame &#8211; Mgr Damphousse"},"content":{"rendered":"<p>Les technologies modernes nous permettent d&rsquo;acc\u00e9der facilement \u00e0 de vastes quantit\u00e9s d&rsquo;informations et de ressources pour organiser nos journ\u00e9es, nos d\u00e9placements, nos communications. Pensez seulement au nombre de fois que vous utilisez votre t\u00e9l\u00e9phone intelligent pour obtenir un renseignement rapide. Pour les grandes questions de la vie, pour les d\u00e9cisions importantes et difficiles, pour les choix compliqu\u00e9s au sein d\u2019un monde confus et s\u00e9duits de tous c\u00f4t\u00e9s, \u00e0 qui allons-nous?<\/p>\n<p>Commen\u00e7ons ces 40 jours du Car\u00eame avec le Seigneur J\u00e9sus, lui qui est le Chemin, la V\u00e9rit\u00e9 et la Vie. Apprenons \u00e0 lui faire confiance, et prions-le afin qu\u2019il trace devant nous la bonne voie. Notre voyage commence au d\u00e9sert ce dimanche, alors que J\u00e9sus est conduit par l&rsquo;Esprit. Son c\u0153ur est tourn\u00e9 vers la mission qui l&rsquo;attend : \u00e9tablir le Royaume de Dieu. Cela t\u2019int\u00e9resse de te joindre \u00e0 lui ?<\/p>\n<p><strong>\u2720 Marcel Damphousse<\/strong><\/p>\n<p>Archev\u00eaque d\u2019Ottawa-Cornwall<\/p>\n","protected":false},"author":6,"featured_media":0,"comment_status":"closed","ping_status":"closed","template":"","news_cate":[74],"class_list":["post-17491","news","type-news","status-publish","hentry","news_cate-current-message"],"acf":[],"yoast_head":"<!-- This site is optimized with the Yoast SEO plugin v27.4 - https:\/\/yoast.com\/product\/yoast-seo-wordpress\/ -->\n<title>1er dimanche de Car\u00eame - Mgr Damphousse - Archdiocese of Ottawa-Cornwall<\/title>\n<meta name=\"robots\" content=\"index, follow, max-snippet:-1, max-image-preview:large, max-video-preview:-1\" \/>\n<link rel=\"canonical\" href=\"https:\/\/ottawacornwall.ca\/fr\/news\/1er-dimanche-de-careme-mgr-damphousse\/\" \/>\n<meta property=\"og:locale\" content=\"fr_FR\" \/>\n<meta property=\"og:type\" content=\"article\" \/>\n<meta property=\"og:title\" content=\"1er dimanche de Car\u00eame - Mgr Damphousse - Archdiocese of Ottawa-Cornwall\" \/>\n<meta property=\"og:description\" content=\"Les technologies modernes nous permettent d&rsquo;acc\u00e9der facilement \u00e0 de vastes quantit\u00e9s d&rsquo;informations et de ressources pour organiser nos journ\u00e9es, nos d\u00e9placements, nos communications. Pensez seulement au nombre de fois que vous utilisez votre t\u00e9l\u00e9phone intelligent pour obtenir un renseignement rapide. Pour les grandes questions de la vie, pour les d\u00e9cisions importantes et difficiles, pour les [&hellip;]\" \/>\n<meta property=\"og:url\" content=\"https:\/\/ottawacornwall.ca\/fr\/news\/1er-dimanche-de-careme-mgr-damphousse\/\" \/>\n<meta property=\"og:site_name\" content=\"Archdiocese of Ottawa-Cornwall\" \/>\n<meta property=\"article:modified_time\" content=\"2024-02-20T19:35:23+00:00\" \/>\n<meta name=\"twitter:card\" content=\"summary_large_image\" \/>\n<meta name=\"twitter:label1\" content=\"Dur\u00e9e de lecture estim\u00e9e\" \/>\n\t<meta name=\"twitter:data1\" content=\"1 minute\" \/>\n<script type=\"application\/ld+json\" class=\"yoast-schema-graph\">{\"@context\":\"https:\\\/\\\/schema.org\",\"@graph\":[{\"@type\":\"WebPage\",\"@id\":\"https:\\\/\\\/ottawacornwall.ca\\\/fr\\\/news\\\/1er-dimanche-de-careme-mgr-damphousse\\\/\",\"url\":\"https:\\\/\\\/ottawacornwall.ca\\\/fr\\\/news\\\/1er-dimanche-de-careme-mgr-damphousse\\\/\",\"name\":\"1er dimanche de Car\u00eame - Mgr Damphousse - Archdiocese of Ottawa-Cornwall\",\"isPartOf\":{\"@id\":\"https:\\\/\\\/ottawacornwall.ca\\\/#website\"},\"datePublished\":\"2024-02-18T19:25:37+00:00\",\"dateModified\":\"2024-02-20T19:35:23+00:00\",\"breadcrumb\":{\"@id\":\"https:\\\/\\\/ottawacornwall.ca\\\/fr\\\/news\\\/1er-dimanche-de-careme-mgr-damphousse\\\/#breadcrumb\"},\"inLanguage\":\"fr-FR\",\"potentialAction\":[{\"@type\":\"ReadAction\",\"target\":[\"https:\\\/\\\/ottawacornwall.ca\\\/fr\\\/news\\\/1er-dimanche-de-careme-mgr-damphousse\\\/\"]}]},{\"@type\":\"BreadcrumbList\",\"@id\":\"https:\\\/\\\/ottawacornwall.ca\\\/fr\\\/news\\\/1er-dimanche-de-careme-mgr-damphousse\\\/#breadcrumb\",\"itemListElement\":[{\"@type\":\"ListItem\",\"position\":1,\"name\":\"Home\",\"item\":\"https:\\\/\\\/ottawacornwall.ca\\\/fr\\\/\"},{\"@type\":\"ListItem\",\"position\":2,\"name\":\"1er dimanche de Car\u00eame &#8211; Mgr Damphousse\"}]},{\"@type\":\"WebSite\",\"@id\":\"https:\\\/\\\/ottawacornwall.ca\\\/#website\",\"url\":\"https:\\\/\\\/ottawacornwall.ca\\\/\",\"name\":\"Archdiocese of Ottawa-Cornwall\",\"description\":\"Welcome to the  Ottawa-Cornwall Archdiocese!\",\"publisher\":{\"@id\":\"https:\\\/\\\/ottawacornwall.ca\\\/#organization\"},\"potentialAction\":[{\"@type\":\"SearchAction\",\"target\":{\"@type\":\"EntryPoint\",\"urlTemplate\":\"https:\\\/\\\/ottawacornwall.ca\\\/?s={search_term_string}\"},\"query-input\":{\"@type\":\"PropertyValueSpecification\",\"valueRequired\":true,\"valueName\":\"search_term_string\"}}],\"inLanguage\":\"fr-FR\"},{\"@type\":\"Organization\",\"@id\":\"https:\\\/\\\/ottawacornwall.ca\\\/#organization\",\"name\":\"Archdiocese of Ottawa-Cornwall\",\"url\":\"https:\\\/\\\/ottawacornwall.ca\\\/\",\"logo\":{\"@type\":\"ImageObject\",\"inLanguage\":\"fr-FR\",\"@id\":\"https:\\\/\\\/ottawacornwall.ca\\\/#\\\/schema\\\/logo\\\/image\\\/\",\"url\":\"https:\\\/\\\/ottawacornwall.ca\\\/wp-content\\\/uploads\\\/2022\\\/11\\\/Archdiocese-Logo-Horizontal-Reverse-1.svg\",\"contentUrl\":\"https:\\\/\\\/ottawacornwall.ca\\\/wp-content\\\/uploads\\\/2022\\\/11\\\/Archdiocese-Logo-Horizontal-Reverse-1.svg\",\"caption\":\"Archdiocese of Ottawa-Cornwall\"},\"image\":{\"@id\":\"https:\\\/\\\/ottawacornwall.ca\\\/#\\\/schema\\\/logo\\\/image\\\/\"}}]}<\/script>\n<!-- \/ Yoast SEO plugin. -->","yoast_head_json":{"title":"1er dimanche de Car\u00eame - Mgr Damphousse - Archdiocese of Ottawa-Cornwall","robots":{"index":"index","follow":"follow","max-snippet":"max-snippet:-1","max-image-preview":"max-image-preview:large","max-video-preview":"max-video-preview:-1"},"canonical":"https:\/\/ottawacornwall.ca\/fr\/news\/1er-dimanche-de-careme-mgr-damphousse\/","og_locale":"fr_FR","og_type":"article","og_title":"1er dimanche de Car\u00eame - Mgr Damphousse - Archdiocese of Ottawa-Cornwall","og_description":"Les technologies modernes nous permettent d&rsquo;acc\u00e9der facilement \u00e0 de vastes quantit\u00e9s d&rsquo;informations et de ressources pour organiser nos journ\u00e9es, nos d\u00e9placements, nos communications. Pensez seulement au nombre de fois que vous utilisez votre t\u00e9l\u00e9phone intelligent pour obtenir un renseignement rapide. Pour les grandes questions de la vie, pour les d\u00e9cisions importantes et difficiles, pour les [&hellip;]","og_url":"https:\/\/ottawacornwall.ca\/fr\/news\/1er-dimanche-de-careme-mgr-damphousse\/","og_site_name":"Archdiocese of Ottawa-Cornwall","article_modified_time":"2024-02-20T19:35:23+00:00","twitter_card":"summary_large_image","twitter_misc":{"Dur\u00e9e de lecture estim\u00e9e":"1 minute"},"schema":{"@context":"https:\/\/schema.org","@graph":[{"@type":"WebPage","@id":"https:\/\/ottawacornwall.ca\/fr\/news\/1er-dimanche-de-careme-mgr-damphousse\/","url":"https:\/\/ottawacornwall.ca\/fr\/news\/1er-dimanche-de-careme-mgr-damphousse\/","name":"1er dimanche de Car\u00eame - Mgr Damphousse - Archdiocese of Ottawa-Cornwall","isPartOf":{"@id":"https:\/\/ottawacornwall.ca\/#website"},"datePublished":"2024-02-18T19:25:37+00:00","dateModified":"2024-02-20T19:35:23+00:00","breadcrumb":{"@id":"https:\/\/ottawacornwall.ca\/fr\/news\/1er-dimanche-de-careme-mgr-damphousse\/#breadcrumb"},"inLanguage":"fr-FR","potentialAction":[{"@type":"ReadAction","target":["https:\/\/ottawacornwall.ca\/fr\/news\/1er-dimanche-de-careme-mgr-damphousse\/"]}]},{"@type":"BreadcrumbList","@id":"https:\/\/ottawacornwall.ca\/fr\/news\/1er-dimanche-de-careme-mgr-damphousse\/#breadcrumb","itemListElement":[{"@type":"ListItem","position":1,"name":"Home","item":"https:\/\/ottawacornwall.ca\/fr\/"},{"@type":"ListItem","position":2,"name":"1er dimanche de Car\u00eame &#8211; Mgr Damphousse"}]},{"@type":"WebSite","@id":"https:\/\/ottawacornwall.ca\/#website","url":"https:\/\/ottawacornwall.ca\/","name":"Archdiocese of Ottawa-Cornwall","description":"Welcome to the  Ottawa-Cornwall Archdiocese!","publisher":{"@id":"https:\/\/ottawacornwall.ca\/#organization"},"potentialAction":[{"@type":"SearchAction","target":{"@type":"EntryPoint","urlTemplate":"https:\/\/ottawacornwall.ca\/?s={search_term_string}"},"query-input":{"@type":"PropertyValueSpecification","valueRequired":true,"valueName":"search_term_string"}}],"inLanguage":"fr-FR"},{"@type":"Organization","@id":"https:\/\/ottawacornwall.ca\/#organization","name":"Archdiocese of Ottawa-Cornwall","url":"https:\/\/ottawacornwall.ca\/","logo":{"@type":"ImageObject","inLanguage":"fr-FR","@id":"https:\/\/ottawacornwall.ca\/#\/schema\/logo\/image\/","url":"https:\/\/ottawacornwall.ca\/wp-content\/uploads\/2022\/11\/Archdiocese-Logo-Horizontal-Reverse-1.svg","contentUrl":"https:\/\/ottawacornwall.ca\/wp-content\/uploads\/2022\/11\/Archdiocese-Logo-Horizontal-Reverse-1.svg","caption":"Archdiocese of Ottawa-Cornwall"},"image":{"@id":"https:\/\/ottawacornwall.ca\/#\/schema\/logo\/image\/"}}]}},"_links":{"self":[{"href":"https:\/\/ottawacornwall.ca\/fr\/wp-json\/wp\/v2\/news\/17491","targetHints":{"allow":["GET"]}}],"collection":[{"href":"https:\/\/ottawacornwall.ca\/fr\/wp-json\/wp\/v2\/news"}],"about":[{"href":"https:\/\/ottawacornwall.ca\/fr\/wp-json\/wp\/v2\/types\/news"}],"author":[{"embeddable":true,"href":"https:\/\/ottawacornwall.ca\/fr\/wp-json\/wp\/v2\/users\/6"}],"replies":[{"embeddable":true,"href":"https:\/\/ottawacornwall.ca\/fr\/wp-json\/wp\/v2\/comments?post=17491"}],"version-history":[{"count":2,"href":"https:\/\/ottawacornwall.ca\/fr\/wp-json\/wp\/v2\/news\/17491\/revisions"}],"predecessor-version":[{"id":17496,"href":"https:\/\/ottawacornwall.ca\/fr\/wp-json\/wp\/v2\/news\/17491\/revisions\/17496"}],"wp:attachment":[{"href":"https:\/\/ottawacornwall.ca\/fr\/wp-json\/wp\/v2\/media?parent=17491"}],"wp:term":[{"taxonomy":"news_cate","embeddable":true,"href":"https:\/\/ottawacornwall.ca\/fr\/wp-json\/wp\/v2\/news_cate?post=17491"}],"curies":[{"name":"wp","href":"https:\/\/api.w.org\/{rel}","templated":true}]}}