{"id":18056,"date":"2024-03-03T01:00:52","date_gmt":"2024-03-03T06:00:52","guid":{"rendered":"https:\/\/wp268132.wpdns.ca\/?post_type=news&#038;p=18056"},"modified":"2024-03-13T12:54:56","modified_gmt":"2024-03-13T17:54:56","slug":"3eme-dimanche-de-careme-mgr-damphousse","status":"publish","type":"news","link":"https:\/\/ottawacornwall.ca\/fr\/news\/3eme-dimanche-de-careme-mgr-damphousse\/","title":{"rendered":"3\u00e8me dimanche de Car\u00eame \u2013 Mgr Damphousse"},"content":{"rendered":"<p>Depuis le jour de notre bapt\u00eame, nous sommes devenus des temples de l\u2019Esprit, o\u00f9 Dieu y fait sa demeure. Comme au temple de J\u00e9rusalem en ce troisi\u00e8me dimanche du Car\u00eame, peut-\u00eatre nous faut-il une visite de J\u00e9sus pour y faire un m\u00e9nage? Nous accumulons tant de choses dans une vie. Parfois le bagage physique, \u00e9motionnel ou spirituel devient lourd, encombrant et p\u00e9nible \u00e0 porter. Il rend nos relations difficiles avec Dieu et notre prochain. Comment pouvons-nous construire le Royaume de Dieu si nos vies ne sont pas align\u00e9es \u00e0 la sienne.<\/p>\n<p>Sachez que J\u00e9sus a notre libert\u00e9 \u00e0 c\u0153ur. Ouvrons-Lui notre c\u0153ur pour qu\u2019Il y ait acc\u00e8s. Viens Seigneur J\u00e9sus, gu\u00e9ris-nous, lib\u00e8re-nous, enl\u00e8ve tout ce qui nous emp\u00eache d\u2019\u00eatre en communion avec toi et ton P\u00e8re. Que notre maison soit un lieu de pri\u00e8re o\u00f9 r\u00e8gne la paix et l\u2019amour. Donne-nous la joie de l\u2019\u00c9vangile alors que nous t\u00e9moignons de notre foi en toi.<\/p>\n<p><strong>\u2720 Marcel Damphousse<\/strong><\/p>\n<p>Archev\u00eaque d\u2019Ottawa-Cornwall<\/p>\n","protected":false},"author":6,"featured_media":0,"comment_status":"closed","ping_status":"closed","template":"","news_cate":[74],"class_list":["post-18056","news","type-news","status-publish","hentry","news_cate-current-message"],"acf":[],"yoast_head":"<!-- This site is optimized with the Yoast SEO plugin v27.4 - https:\/\/yoast.com\/product\/yoast-seo-wordpress\/ -->\n<title>3\u00e8me dimanche de Car\u00eame \u2013 Mgr Damphousse - Archdiocese of Ottawa-Cornwall<\/title>\n<meta name=\"robots\" content=\"index, follow, max-snippet:-1, max-image-preview:large, max-video-preview:-1\" \/>\n<link rel=\"canonical\" href=\"https:\/\/ottawacornwall.ca\/fr\/news\/3eme-dimanche-de-careme-mgr-damphousse\/\" \/>\n<meta property=\"og:locale\" content=\"fr_FR\" \/>\n<meta property=\"og:type\" content=\"article\" \/>\n<meta property=\"og:title\" content=\"3\u00e8me dimanche de Car\u00eame \u2013 Mgr Damphousse - Archdiocese of Ottawa-Cornwall\" \/>\n<meta property=\"og:description\" content=\"Depuis le jour de notre bapt\u00eame, nous sommes devenus des temples de l\u2019Esprit, o\u00f9 Dieu y fait sa demeure. Comme au temple de J\u00e9rusalem en ce troisi\u00e8me dimanche du Car\u00eame, peut-\u00eatre nous faut-il une visite de J\u00e9sus pour y faire un m\u00e9nage? Nous accumulons tant de choses dans une vie. Parfois le bagage physique, \u00e9motionnel [&hellip;]\" \/>\n<meta property=\"og:url\" content=\"https:\/\/ottawacornwall.ca\/fr\/news\/3eme-dimanche-de-careme-mgr-damphousse\/\" \/>\n<meta property=\"og:site_name\" content=\"Archdiocese of Ottawa-Cornwall\" \/>\n<meta property=\"article:modified_time\" content=\"2024-03-13T17:54:56+00:00\" \/>\n<meta name=\"twitter:card\" content=\"summary_large_image\" \/>\n<meta name=\"twitter:label1\" content=\"Dur\u00e9e de lecture estim\u00e9e\" \/>\n\t<meta name=\"twitter:data1\" content=\"1 minute\" \/>\n<script type=\"application\/ld+json\" class=\"yoast-schema-graph\">{\"@context\":\"https:\\\/\\\/schema.org\",\"@graph\":[{\"@type\":\"WebPage\",\"@id\":\"https:\\\/\\\/ottawacornwall.ca\\\/fr\\\/news\\\/3eme-dimanche-de-careme-mgr-damphousse\\\/\",\"url\":\"https:\\\/\\\/ottawacornwall.ca\\\/fr\\\/news\\\/3eme-dimanche-de-careme-mgr-damphousse\\\/\",\"name\":\"3\u00e8me dimanche de Car\u00eame \u2013 Mgr Damphousse - Archdiocese of Ottawa-Cornwall\",\"isPartOf\":{\"@id\":\"https:\\\/\\\/ottawacornwall.ca\\\/#website\"},\"datePublished\":\"2024-03-03T06:00:52+00:00\",\"dateModified\":\"2024-03-13T17:54:56+00:00\",\"breadcrumb\":{\"@id\":\"https:\\\/\\\/ottawacornwall.ca\\\/fr\\\/news\\\/3eme-dimanche-de-careme-mgr-damphousse\\\/#breadcrumb\"},\"inLanguage\":\"fr-FR\",\"potentialAction\":[{\"@type\":\"ReadAction\",\"target\":[\"https:\\\/\\\/ottawacornwall.ca\\\/fr\\\/news\\\/3eme-dimanche-de-careme-mgr-damphousse\\\/\"]}]},{\"@type\":\"BreadcrumbList\",\"@id\":\"https:\\\/\\\/ottawacornwall.ca\\\/fr\\\/news\\\/3eme-dimanche-de-careme-mgr-damphousse\\\/#breadcrumb\",\"itemListElement\":[{\"@type\":\"ListItem\",\"position\":1,\"name\":\"Home\",\"item\":\"https:\\\/\\\/ottawacornwall.ca\\\/fr\\\/\"},{\"@type\":\"ListItem\",\"position\":2,\"name\":\"3\u00e8me dimanche de Car\u00eame \u2013 Mgr Damphousse\"}]},{\"@type\":\"WebSite\",\"@id\":\"https:\\\/\\\/ottawacornwall.ca\\\/#website\",\"url\":\"https:\\\/\\\/ottawacornwall.ca\\\/\",\"name\":\"Archdiocese of Ottawa-Cornwall\",\"description\":\"Welcome to the  Ottawa-Cornwall Archdiocese!\",\"publisher\":{\"@id\":\"https:\\\/\\\/ottawacornwall.ca\\\/#organization\"},\"potentialAction\":[{\"@type\":\"SearchAction\",\"target\":{\"@type\":\"EntryPoint\",\"urlTemplate\":\"https:\\\/\\\/ottawacornwall.ca\\\/?s={search_term_string}\"},\"query-input\":{\"@type\":\"PropertyValueSpecification\",\"valueRequired\":true,\"valueName\":\"search_term_string\"}}],\"inLanguage\":\"fr-FR\"},{\"@type\":\"Organization\",\"@id\":\"https:\\\/\\\/ottawacornwall.ca\\\/#organization\",\"name\":\"Archdiocese of Ottawa-Cornwall\",\"url\":\"https:\\\/\\\/ottawacornwall.ca\\\/\",\"logo\":{\"@type\":\"ImageObject\",\"inLanguage\":\"fr-FR\",\"@id\":\"https:\\\/\\\/ottawacornwall.ca\\\/#\\\/schema\\\/logo\\\/image\\\/\",\"url\":\"https:\\\/\\\/ottawacornwall.ca\\\/wp-content\\\/uploads\\\/2022\\\/11\\\/Archdiocese-Logo-Horizontal-Reverse-1.svg\",\"contentUrl\":\"https:\\\/\\\/ottawacornwall.ca\\\/wp-content\\\/uploads\\\/2022\\\/11\\\/Archdiocese-Logo-Horizontal-Reverse-1.svg\",\"caption\":\"Archdiocese of Ottawa-Cornwall\"},\"image\":{\"@id\":\"https:\\\/\\\/ottawacornwall.ca\\\/#\\\/schema\\\/logo\\\/image\\\/\"}}]}<\/script>\n<!-- \/ Yoast SEO plugin. -->","yoast_head_json":{"title":"3\u00e8me dimanche de Car\u00eame \u2013 Mgr Damphousse - Archdiocese of Ottawa-Cornwall","robots":{"index":"index","follow":"follow","max-snippet":"max-snippet:-1","max-image-preview":"max-image-preview:large","max-video-preview":"max-video-preview:-1"},"canonical":"https:\/\/ottawacornwall.ca\/fr\/news\/3eme-dimanche-de-careme-mgr-damphousse\/","og_locale":"fr_FR","og_type":"article","og_title":"3\u00e8me dimanche de Car\u00eame \u2013 Mgr Damphousse - Archdiocese of Ottawa-Cornwall","og_description":"Depuis le jour de notre bapt\u00eame, nous sommes devenus des temples de l\u2019Esprit, o\u00f9 Dieu y fait sa demeure. Comme au temple de J\u00e9rusalem en ce troisi\u00e8me dimanche du Car\u00eame, peut-\u00eatre nous faut-il une visite de J\u00e9sus pour y faire un m\u00e9nage? Nous accumulons tant de choses dans une vie. Parfois le bagage physique, \u00e9motionnel [&hellip;]","og_url":"https:\/\/ottawacornwall.ca\/fr\/news\/3eme-dimanche-de-careme-mgr-damphousse\/","og_site_name":"Archdiocese of Ottawa-Cornwall","article_modified_time":"2024-03-13T17:54:56+00:00","twitter_card":"summary_large_image","twitter_misc":{"Dur\u00e9e de lecture estim\u00e9e":"1 minute"},"schema":{"@context":"https:\/\/schema.org","@graph":[{"@type":"WebPage","@id":"https:\/\/ottawacornwall.ca\/fr\/news\/3eme-dimanche-de-careme-mgr-damphousse\/","url":"https:\/\/ottawacornwall.ca\/fr\/news\/3eme-dimanche-de-careme-mgr-damphousse\/","name":"3\u00e8me dimanche de Car\u00eame \u2013 Mgr Damphousse - Archdiocese of Ottawa-Cornwall","isPartOf":{"@id":"https:\/\/ottawacornwall.ca\/#website"},"datePublished":"2024-03-03T06:00:52+00:00","dateModified":"2024-03-13T17:54:56+00:00","breadcrumb":{"@id":"https:\/\/ottawacornwall.ca\/fr\/news\/3eme-dimanche-de-careme-mgr-damphousse\/#breadcrumb"},"inLanguage":"fr-FR","potentialAction":[{"@type":"ReadAction","target":["https:\/\/ottawacornwall.ca\/fr\/news\/3eme-dimanche-de-careme-mgr-damphousse\/"]}]},{"@type":"BreadcrumbList","@id":"https:\/\/ottawacornwall.ca\/fr\/news\/3eme-dimanche-de-careme-mgr-damphousse\/#breadcrumb","itemListElement":[{"@type":"ListItem","position":1,"name":"Home","item":"https:\/\/ottawacornwall.ca\/fr\/"},{"@type":"ListItem","position":2,"name":"3\u00e8me dimanche de Car\u00eame \u2013 Mgr Damphousse"}]},{"@type":"WebSite","@id":"https:\/\/ottawacornwall.ca\/#website","url":"https:\/\/ottawacornwall.ca\/","name":"Archdiocese of Ottawa-Cornwall","description":"Welcome to the  Ottawa-Cornwall Archdiocese!","publisher":{"@id":"https:\/\/ottawacornwall.ca\/#organization"},"potentialAction":[{"@type":"SearchAction","target":{"@type":"EntryPoint","urlTemplate":"https:\/\/ottawacornwall.ca\/?s={search_term_string}"},"query-input":{"@type":"PropertyValueSpecification","valueRequired":true,"valueName":"search_term_string"}}],"inLanguage":"fr-FR"},{"@type":"Organization","@id":"https:\/\/ottawacornwall.ca\/#organization","name":"Archdiocese of Ottawa-Cornwall","url":"https:\/\/ottawacornwall.ca\/","logo":{"@type":"ImageObject","inLanguage":"fr-FR","@id":"https:\/\/ottawacornwall.ca\/#\/schema\/logo\/image\/","url":"https:\/\/ottawacornwall.ca\/wp-content\/uploads\/2022\/11\/Archdiocese-Logo-Horizontal-Reverse-1.svg","contentUrl":"https:\/\/ottawacornwall.ca\/wp-content\/uploads\/2022\/11\/Archdiocese-Logo-Horizontal-Reverse-1.svg","caption":"Archdiocese of Ottawa-Cornwall"},"image":{"@id":"https:\/\/ottawacornwall.ca\/#\/schema\/logo\/image\/"}}]}},"_links":{"self":[{"href":"https:\/\/ottawacornwall.ca\/fr\/wp-json\/wp\/v2\/news\/18056","targetHints":{"allow":["GET"]}}],"collection":[{"href":"https:\/\/ottawacornwall.ca\/fr\/wp-json\/wp\/v2\/news"}],"about":[{"href":"https:\/\/ottawacornwall.ca\/fr\/wp-json\/wp\/v2\/types\/news"}],"author":[{"embeddable":true,"href":"https:\/\/ottawacornwall.ca\/fr\/wp-json\/wp\/v2\/users\/6"}],"replies":[{"embeddable":true,"href":"https:\/\/ottawacornwall.ca\/fr\/wp-json\/wp\/v2\/comments?post=18056"}],"version-history":[{"count":3,"href":"https:\/\/ottawacornwall.ca\/fr\/wp-json\/wp\/v2\/news\/18056\/revisions"}],"predecessor-version":[{"id":18060,"href":"https:\/\/ottawacornwall.ca\/fr\/wp-json\/wp\/v2\/news\/18056\/revisions\/18060"}],"wp:attachment":[{"href":"https:\/\/ottawacornwall.ca\/fr\/wp-json\/wp\/v2\/media?parent=18056"}],"wp:term":[{"taxonomy":"news_cate","embeddable":true,"href":"https:\/\/ottawacornwall.ca\/fr\/wp-json\/wp\/v2\/news_cate?post=18056"}],"curies":[{"name":"wp","href":"https:\/\/api.w.org\/{rel}","templated":true}]}}