{"id":18295,"date":"2024-03-10T01:00:28","date_gmt":"2024-03-10T06:00:28","guid":{"rendered":"https:\/\/wp268132.wpdns.ca\/?post_type=news&#038;p=18295"},"modified":"2024-03-13T12:52:30","modified_gmt":"2024-03-13T17:52:30","slug":"4eme-dimanche-de-careme-mgr-mathieu","status":"publish","type":"news","link":"https:\/\/ottawacornwall.ca\/fr\/news\/4eme-dimanche-de-careme-mgr-mathieu\/","title":{"rendered":"4\u00e8me dimanche de Car\u00eame \u2013 Mgr Mathieu"},"content":{"rendered":"<p>Ce dimanche, J\u00e9sus fait r\u00e9f\u00e9rence au seul miracle de l\u2019exode assorti d\u2019une condition. La manne, les cailles et l\u2019eau \u00e9taient donn\u00e9es gratuitement. Mais s\u2019ils \u00e9taient mordus par un serpent, ils avaient le choix. S\u2019ils contemplaient la blessure qu\u2019ils avaient au talon, ils mouraient. S\u2019ils se dressaient pour regarder le serpent de bronze \u00e9lev\u00e9 par Mo\u00efse, ils choisissaient la vie. Nous sommes confront\u00e9s au m\u00eame choix que les H\u00e9breux de l\u2019exode.<\/p>\n<p>\u00ab Dieu a tellement aim\u00e9 le monde qu\u2019il a donn\u00e9 son Fils unique, afin que quiconque croit en lui ne se perde pas, mais obtienne la vie \u00e9ternelle \u00bb (Jn 3,16). Ou bien nous nous fermons sur nous-m\u00eames en contemplant nos blessures. Ou bien nous nous redressons pour contempler J\u00e9sus \u00e9lev\u00e9 sur la croix, le signe que Dieu nous donne pour \u00e9clairer le chemin qui conduit \u00e0 la vie \u00e9ternelle. Laissons donc la lumi\u00e8re du Christ, re\u00e7ue au bapt\u00eame, guider nos pas dans la v\u00e9rit\u00e9.<\/p>\n<p>\u00ab Dieu est riche en mis\u00e9ricorde ; \u00e0 cause du grand amour dont il nous a aim\u00e9s, nous qui \u00e9tions des morts par suite de nos fautes, il nous a donn\u00e9 la vie avec le Christ : c\u2019est bien par gr\u00e2ce que vous \u00eates sauv\u00e9s \u00bb (Ep 2,4-5). Accueillons la gr\u00e2ce. Choisissons la vie. Levons les yeux vers J\u00e9sus, chemin de v\u00e9rit\u00e9 qui nous guide vers la lumi\u00e8re de la vie.<\/p>\n<p><strong><span lang=\"EN-US\">+<\/span><\/strong><b><span lang=\"EN-US\">\u00a0Yvan Mathieu<\/span><\/b><\/p>\n<p>\u00c9v\u00eaque auxiliaire<\/p>\n","protected":false},"author":6,"featured_media":0,"comment_status":"closed","ping_status":"closed","template":"","news_cate":[74],"class_list":["post-18295","news","type-news","status-publish","hentry","news_cate-current-message"],"acf":[],"yoast_head":"<!-- This site is optimized with the Yoast SEO plugin v27.4 - https:\/\/yoast.com\/product\/yoast-seo-wordpress\/ -->\n<title>4\u00e8me dimanche de Car\u00eame \u2013 Mgr Mathieu - Archdiocese of Ottawa-Cornwall<\/title>\n<meta name=\"robots\" content=\"index, follow, max-snippet:-1, max-image-preview:large, max-video-preview:-1\" \/>\n<link rel=\"canonical\" href=\"https:\/\/ottawacornwall.ca\/fr\/news\/4eme-dimanche-de-careme-mgr-mathieu\/\" \/>\n<meta property=\"og:locale\" content=\"fr_FR\" \/>\n<meta property=\"og:type\" content=\"article\" \/>\n<meta property=\"og:title\" content=\"4\u00e8me dimanche de Car\u00eame \u2013 Mgr Mathieu - Archdiocese of Ottawa-Cornwall\" \/>\n<meta property=\"og:description\" content=\"Ce dimanche, J\u00e9sus fait r\u00e9f\u00e9rence au seul miracle de l\u2019exode assorti d\u2019une condition. La manne, les cailles et l\u2019eau \u00e9taient donn\u00e9es gratuitement. Mais s\u2019ils \u00e9taient mordus par un serpent, ils avaient le choix. S\u2019ils contemplaient la blessure qu\u2019ils avaient au talon, ils mouraient. S\u2019ils se dressaient pour regarder le serpent de bronze \u00e9lev\u00e9 par Mo\u00efse, [&hellip;]\" \/>\n<meta property=\"og:url\" content=\"https:\/\/ottawacornwall.ca\/fr\/news\/4eme-dimanche-de-careme-mgr-mathieu\/\" \/>\n<meta property=\"og:site_name\" content=\"Archdiocese of Ottawa-Cornwall\" \/>\n<meta property=\"article:modified_time\" content=\"2024-03-13T17:52:30+00:00\" \/>\n<meta name=\"twitter:card\" content=\"summary_large_image\" \/>\n<meta name=\"twitter:label1\" content=\"Dur\u00e9e de lecture estim\u00e9e\" \/>\n\t<meta name=\"twitter:data1\" content=\"1 minute\" \/>\n<script type=\"application\/ld+json\" class=\"yoast-schema-graph\">{\"@context\":\"https:\\\/\\\/schema.org\",\"@graph\":[{\"@type\":\"WebPage\",\"@id\":\"https:\\\/\\\/ottawacornwall.ca\\\/fr\\\/news\\\/4eme-dimanche-de-careme-mgr-mathieu\\\/\",\"url\":\"https:\\\/\\\/ottawacornwall.ca\\\/fr\\\/news\\\/4eme-dimanche-de-careme-mgr-mathieu\\\/\",\"name\":\"4\u00e8me dimanche de Car\u00eame \u2013 Mgr Mathieu - Archdiocese of Ottawa-Cornwall\",\"isPartOf\":{\"@id\":\"https:\\\/\\\/ottawacornwall.ca\\\/#website\"},\"datePublished\":\"2024-03-10T06:00:28+00:00\",\"dateModified\":\"2024-03-13T17:52:30+00:00\",\"breadcrumb\":{\"@id\":\"https:\\\/\\\/ottawacornwall.ca\\\/fr\\\/news\\\/4eme-dimanche-de-careme-mgr-mathieu\\\/#breadcrumb\"},\"inLanguage\":\"fr-FR\",\"potentialAction\":[{\"@type\":\"ReadAction\",\"target\":[\"https:\\\/\\\/ottawacornwall.ca\\\/fr\\\/news\\\/4eme-dimanche-de-careme-mgr-mathieu\\\/\"]}]},{\"@type\":\"BreadcrumbList\",\"@id\":\"https:\\\/\\\/ottawacornwall.ca\\\/fr\\\/news\\\/4eme-dimanche-de-careme-mgr-mathieu\\\/#breadcrumb\",\"itemListElement\":[{\"@type\":\"ListItem\",\"position\":1,\"name\":\"Home\",\"item\":\"https:\\\/\\\/ottawacornwall.ca\\\/fr\\\/\"},{\"@type\":\"ListItem\",\"position\":2,\"name\":\"4\u00e8me dimanche de Car\u00eame \u2013 Mgr Mathieu\"}]},{\"@type\":\"WebSite\",\"@id\":\"https:\\\/\\\/ottawacornwall.ca\\\/#website\",\"url\":\"https:\\\/\\\/ottawacornwall.ca\\\/\",\"name\":\"Archdiocese of Ottawa-Cornwall\",\"description\":\"Welcome to the  Ottawa-Cornwall Archdiocese!\",\"publisher\":{\"@id\":\"https:\\\/\\\/ottawacornwall.ca\\\/#organization\"},\"potentialAction\":[{\"@type\":\"SearchAction\",\"target\":{\"@type\":\"EntryPoint\",\"urlTemplate\":\"https:\\\/\\\/ottawacornwall.ca\\\/?s={search_term_string}\"},\"query-input\":{\"@type\":\"PropertyValueSpecification\",\"valueRequired\":true,\"valueName\":\"search_term_string\"}}],\"inLanguage\":\"fr-FR\"},{\"@type\":\"Organization\",\"@id\":\"https:\\\/\\\/ottawacornwall.ca\\\/#organization\",\"name\":\"Archdiocese of Ottawa-Cornwall\",\"url\":\"https:\\\/\\\/ottawacornwall.ca\\\/\",\"logo\":{\"@type\":\"ImageObject\",\"inLanguage\":\"fr-FR\",\"@id\":\"https:\\\/\\\/ottawacornwall.ca\\\/#\\\/schema\\\/logo\\\/image\\\/\",\"url\":\"https:\\\/\\\/ottawacornwall.ca\\\/wp-content\\\/uploads\\\/2022\\\/11\\\/Archdiocese-Logo-Horizontal-Reverse-1.svg\",\"contentUrl\":\"https:\\\/\\\/ottawacornwall.ca\\\/wp-content\\\/uploads\\\/2022\\\/11\\\/Archdiocese-Logo-Horizontal-Reverse-1.svg\",\"caption\":\"Archdiocese of Ottawa-Cornwall\"},\"image\":{\"@id\":\"https:\\\/\\\/ottawacornwall.ca\\\/#\\\/schema\\\/logo\\\/image\\\/\"}}]}<\/script>\n<!-- \/ Yoast SEO plugin. -->","yoast_head_json":{"title":"4\u00e8me dimanche de Car\u00eame \u2013 Mgr Mathieu - Archdiocese of Ottawa-Cornwall","robots":{"index":"index","follow":"follow","max-snippet":"max-snippet:-1","max-image-preview":"max-image-preview:large","max-video-preview":"max-video-preview:-1"},"canonical":"https:\/\/ottawacornwall.ca\/fr\/news\/4eme-dimanche-de-careme-mgr-mathieu\/","og_locale":"fr_FR","og_type":"article","og_title":"4\u00e8me dimanche de Car\u00eame \u2013 Mgr Mathieu - Archdiocese of Ottawa-Cornwall","og_description":"Ce dimanche, J\u00e9sus fait r\u00e9f\u00e9rence au seul miracle de l\u2019exode assorti d\u2019une condition. La manne, les cailles et l\u2019eau \u00e9taient donn\u00e9es gratuitement. Mais s\u2019ils \u00e9taient mordus par un serpent, ils avaient le choix. S\u2019ils contemplaient la blessure qu\u2019ils avaient au talon, ils mouraient. S\u2019ils se dressaient pour regarder le serpent de bronze \u00e9lev\u00e9 par Mo\u00efse, [&hellip;]","og_url":"https:\/\/ottawacornwall.ca\/fr\/news\/4eme-dimanche-de-careme-mgr-mathieu\/","og_site_name":"Archdiocese of Ottawa-Cornwall","article_modified_time":"2024-03-13T17:52:30+00:00","twitter_card":"summary_large_image","twitter_misc":{"Dur\u00e9e de lecture estim\u00e9e":"1 minute"},"schema":{"@context":"https:\/\/schema.org","@graph":[{"@type":"WebPage","@id":"https:\/\/ottawacornwall.ca\/fr\/news\/4eme-dimanche-de-careme-mgr-mathieu\/","url":"https:\/\/ottawacornwall.ca\/fr\/news\/4eme-dimanche-de-careme-mgr-mathieu\/","name":"4\u00e8me dimanche de Car\u00eame \u2013 Mgr Mathieu - Archdiocese of Ottawa-Cornwall","isPartOf":{"@id":"https:\/\/ottawacornwall.ca\/#website"},"datePublished":"2024-03-10T06:00:28+00:00","dateModified":"2024-03-13T17:52:30+00:00","breadcrumb":{"@id":"https:\/\/ottawacornwall.ca\/fr\/news\/4eme-dimanche-de-careme-mgr-mathieu\/#breadcrumb"},"inLanguage":"fr-FR","potentialAction":[{"@type":"ReadAction","target":["https:\/\/ottawacornwall.ca\/fr\/news\/4eme-dimanche-de-careme-mgr-mathieu\/"]}]},{"@type":"BreadcrumbList","@id":"https:\/\/ottawacornwall.ca\/fr\/news\/4eme-dimanche-de-careme-mgr-mathieu\/#breadcrumb","itemListElement":[{"@type":"ListItem","position":1,"name":"Home","item":"https:\/\/ottawacornwall.ca\/fr\/"},{"@type":"ListItem","position":2,"name":"4\u00e8me dimanche de Car\u00eame \u2013 Mgr Mathieu"}]},{"@type":"WebSite","@id":"https:\/\/ottawacornwall.ca\/#website","url":"https:\/\/ottawacornwall.ca\/","name":"Archdiocese of Ottawa-Cornwall","description":"Welcome to the  Ottawa-Cornwall Archdiocese!","publisher":{"@id":"https:\/\/ottawacornwall.ca\/#organization"},"potentialAction":[{"@type":"SearchAction","target":{"@type":"EntryPoint","urlTemplate":"https:\/\/ottawacornwall.ca\/?s={search_term_string}"},"query-input":{"@type":"PropertyValueSpecification","valueRequired":true,"valueName":"search_term_string"}}],"inLanguage":"fr-FR"},{"@type":"Organization","@id":"https:\/\/ottawacornwall.ca\/#organization","name":"Archdiocese of Ottawa-Cornwall","url":"https:\/\/ottawacornwall.ca\/","logo":{"@type":"ImageObject","inLanguage":"fr-FR","@id":"https:\/\/ottawacornwall.ca\/#\/schema\/logo\/image\/","url":"https:\/\/ottawacornwall.ca\/wp-content\/uploads\/2022\/11\/Archdiocese-Logo-Horizontal-Reverse-1.svg","contentUrl":"https:\/\/ottawacornwall.ca\/wp-content\/uploads\/2022\/11\/Archdiocese-Logo-Horizontal-Reverse-1.svg","caption":"Archdiocese of Ottawa-Cornwall"},"image":{"@id":"https:\/\/ottawacornwall.ca\/#\/schema\/logo\/image\/"}}]}},"_links":{"self":[{"href":"https:\/\/ottawacornwall.ca\/fr\/wp-json\/wp\/v2\/news\/18295","targetHints":{"allow":["GET"]}}],"collection":[{"href":"https:\/\/ottawacornwall.ca\/fr\/wp-json\/wp\/v2\/news"}],"about":[{"href":"https:\/\/ottawacornwall.ca\/fr\/wp-json\/wp\/v2\/types\/news"}],"author":[{"embeddable":true,"href":"https:\/\/ottawacornwall.ca\/fr\/wp-json\/wp\/v2\/users\/6"}],"replies":[{"embeddable":true,"href":"https:\/\/ottawacornwall.ca\/fr\/wp-json\/wp\/v2\/comments?post=18295"}],"version-history":[{"count":5,"href":"https:\/\/ottawacornwall.ca\/fr\/wp-json\/wp\/v2\/news\/18295\/revisions"}],"predecessor-version":[{"id":18305,"href":"https:\/\/ottawacornwall.ca\/fr\/wp-json\/wp\/v2\/news\/18295\/revisions\/18305"}],"wp:attachment":[{"href":"https:\/\/ottawacornwall.ca\/fr\/wp-json\/wp\/v2\/media?parent=18295"}],"wp:term":[{"taxonomy":"news_cate","embeddable":true,"href":"https:\/\/ottawacornwall.ca\/fr\/wp-json\/wp\/v2\/news_cate?post=18295"}],"curies":[{"name":"wp","href":"https:\/\/api.w.org\/{rel}","templated":true}]}}