{"id":20435,"date":"2024-05-14T09:36:58","date_gmt":"2024-05-14T13:36:58","guid":{"rendered":"https:\/\/wp268132.wpdns.ca\/?post_type=news&#038;p=20435"},"modified":"2024-05-14T09:36:58","modified_gmt":"2024-05-14T13:36:58","slug":"celebration-en-memoire-de-micheline-lague","status":"publish","type":"news","link":"https:\/\/ottawacornwall.ca\/fr\/news\/celebration-en-memoire-de-micheline-lague\/","title":{"rendered":"C\u00e9l\u00e9bration en m\u00e9moire de Micheline Lagu\u00eb"},"content":{"rendered":"<p>Notre amie Micheline Lagu\u00eb est d\u00e9c\u00e9d\u00e9e le 21 f\u00e9vrier 2024. Micheline faisait partie de la communaut\u00e9 des s\u0153urs Missionnaires de l&rsquo;Immacul\u00e9e Conception et bien connue \u00e0 Gatineau et Ottawa. Elle a \u00e9t\u00e9 notre amie, notre professeur \u00e0 l\u2019universit\u00e9 St Paul, l\u2019animatrice de tant de journ\u00e9es de formation et de ressourcement dans nos deux dioc\u00e8ses de Gatineau et d\u2019Ottawa-Cornwall. Elle a fait partie du r\u00e9seau Femmes et Minist\u00e8res, de la recherche action Voix de femmes, voies de passage, du comit\u00e9 de soutien au partenariat hommes et femmes en \u00c9glise. Mais surtout, elle a \u00e9t\u00e9 pour nous pendant 20 ans et jusqu\u2019en novembre, l\u2019animatrice de notre \u00e9quipe des Ami-es de Madeleine Delbr\u00eal. Un mot-cl\u00e9 dans tous ces engagements : L\u2019amour du Christ-\u00c9glise.<\/p>\n<p><img fetchpriority=\"high\" decoding=\"async\" class=\"alignnone size-full wp-image-20436\" src=\"http:\/\/ottawacornwall.ca\/wp-content\/uploads\/2024\/05\/Picture1.jpg\" alt=\"\" width=\"195\" height=\"257\" \/><\/p>\n<p>C\u2019est pourquoi nous voulons vivre ensemble dans l\u2019Outaouais une c\u00e9l\u00e9bration en m\u00e9moire de Micheline pour rendre gr\u00e2ce pour tous ces liens qu\u2019elle a tiss\u00e9s entre nous et en \u00c9glise. <strong>Nous vous invitons le vendredi 24 mai, \u00e0 13h30, \u00e0 la chapelle du centre dioc\u00e9sain de Gatineau, au 80 boul. Mont Bleu.<\/strong> La c\u00e9l\u00e9bration eucharistique sera suivie d\u2019un bref partage des membres des Amis de Madeleine Delbr\u00eal \u00e0 partir de quelques th\u00e8mes qui nous ont inspir\u00e9s au cours de nos 20 ans avec Micheline et Madeleine Delbr\u00eal. Et bien s\u00fbr d\u2019un petit th\u00e9-dessert pour finir la rencontre amicalement.<\/p>\n<p>SVP. Nous aimerions que vous confirmiez votre pr\u00e9sence \u00e0 Denise Blouin par courriel <a href=\"mailto:denblouin@hotmail.com\">denblouin@hotmail.com<\/a> pour que nous puissions bien am\u00e9nager la salle de la chapelle.<\/p>\n<p><em>-Message de Fran\u00e7oise Lagac\u00e9, Nicole Courcy, Denise Blouin, Huguette Raby, Isabelle Frappier, Monique Beauchemin et Gilles Courtemanche<\/em><\/p>\n","protected":false},"author":6,"featured_media":0,"comment_status":"closed","ping_status":"closed","template":"","news_cate":[77],"class_list":["post-20435","news","type-news","status-publish","hentry","news_cate-news-from-our-parishes"],"acf":[],"yoast_head":"<!-- This site is optimized with the Yoast SEO plugin v27.4 - https:\/\/yoast.com\/product\/yoast-seo-wordpress\/ -->\n<title>C\u00e9l\u00e9bration en m\u00e9moire de Micheline Lagu\u00eb - Archdiocese of Ottawa-Cornwall<\/title>\n<meta name=\"robots\" content=\"index, follow, max-snippet:-1, max-image-preview:large, max-video-preview:-1\" \/>\n<link rel=\"canonical\" href=\"https:\/\/ottawacornwall.ca\/fr\/news\/celebration-en-memoire-de-micheline-lague\/\" \/>\n<meta property=\"og:locale\" content=\"fr_FR\" \/>\n<meta property=\"og:type\" content=\"article\" \/>\n<meta property=\"og:title\" content=\"C\u00e9l\u00e9bration en m\u00e9moire de Micheline Lagu\u00eb - Archdiocese of Ottawa-Cornwall\" \/>\n<meta property=\"og:description\" content=\"Notre amie Micheline Lagu\u00eb est d\u00e9c\u00e9d\u00e9e le 21 f\u00e9vrier 2024. Micheline faisait partie de la communaut\u00e9 des s\u0153urs Missionnaires de l&rsquo;Immacul\u00e9e Conception et bien connue \u00e0 Gatineau et Ottawa. Elle a \u00e9t\u00e9 notre amie, notre professeur \u00e0 l\u2019universit\u00e9 St Paul, l\u2019animatrice de tant de journ\u00e9es de formation et de ressourcement dans nos deux dioc\u00e8ses de [&hellip;]\" \/>\n<meta property=\"og:url\" content=\"https:\/\/ottawacornwall.ca\/fr\/news\/celebration-en-memoire-de-micheline-lague\/\" \/>\n<meta property=\"og:site_name\" content=\"Archdiocese of Ottawa-Cornwall\" \/>\n<meta property=\"og:image\" content=\"http:\/\/ottawacornwall.ca\/wp-content\/uploads\/2024\/05\/Picture1.jpg\" \/>\n<meta name=\"twitter:card\" content=\"summary_large_image\" \/>\n<meta name=\"twitter:label1\" content=\"Dur\u00e9e de lecture estim\u00e9e\" \/>\n\t<meta name=\"twitter:data1\" content=\"2 minutes\" \/>\n<script type=\"application\/ld+json\" class=\"yoast-schema-graph\">{\"@context\":\"https:\\\/\\\/schema.org\",\"@graph\":[{\"@type\":\"WebPage\",\"@id\":\"https:\\\/\\\/ottawacornwall.ca\\\/fr\\\/news\\\/celebration-en-memoire-de-micheline-lague\\\/\",\"url\":\"https:\\\/\\\/ottawacornwall.ca\\\/fr\\\/news\\\/celebration-en-memoire-de-micheline-lague\\\/\",\"name\":\"C\u00e9l\u00e9bration en m\u00e9moire de Micheline Lagu\u00eb - Archdiocese of Ottawa-Cornwall\",\"isPartOf\":{\"@id\":\"https:\\\/\\\/ottawacornwall.ca\\\/#website\"},\"primaryImageOfPage\":{\"@id\":\"https:\\\/\\\/ottawacornwall.ca\\\/fr\\\/news\\\/celebration-en-memoire-de-micheline-lague\\\/#primaryimage\"},\"image\":{\"@id\":\"https:\\\/\\\/ottawacornwall.ca\\\/fr\\\/news\\\/celebration-en-memoire-de-micheline-lague\\\/#primaryimage\"},\"thumbnailUrl\":\"http:\\\/\\\/ottawacornwall.ca\\\/wp-content\\\/uploads\\\/2024\\\/05\\\/Picture1.jpg\",\"datePublished\":\"2024-05-14T13:36:58+00:00\",\"breadcrumb\":{\"@id\":\"https:\\\/\\\/ottawacornwall.ca\\\/fr\\\/news\\\/celebration-en-memoire-de-micheline-lague\\\/#breadcrumb\"},\"inLanguage\":\"fr-FR\",\"potentialAction\":[{\"@type\":\"ReadAction\",\"target\":[\"https:\\\/\\\/ottawacornwall.ca\\\/fr\\\/news\\\/celebration-en-memoire-de-micheline-lague\\\/\"]}]},{\"@type\":\"ImageObject\",\"inLanguage\":\"fr-FR\",\"@id\":\"https:\\\/\\\/ottawacornwall.ca\\\/fr\\\/news\\\/celebration-en-memoire-de-micheline-lague\\\/#primaryimage\",\"url\":\"http:\\\/\\\/ottawacornwall.ca\\\/wp-content\\\/uploads\\\/2024\\\/05\\\/Picture1.jpg\",\"contentUrl\":\"http:\\\/\\\/ottawacornwall.ca\\\/wp-content\\\/uploads\\\/2024\\\/05\\\/Picture1.jpg\"},{\"@type\":\"BreadcrumbList\",\"@id\":\"https:\\\/\\\/ottawacornwall.ca\\\/fr\\\/news\\\/celebration-en-memoire-de-micheline-lague\\\/#breadcrumb\",\"itemListElement\":[{\"@type\":\"ListItem\",\"position\":1,\"name\":\"Home\",\"item\":\"https:\\\/\\\/ottawacornwall.ca\\\/fr\\\/\"},{\"@type\":\"ListItem\",\"position\":2,\"name\":\"C\u00e9l\u00e9bration en m\u00e9moire de Micheline Lagu\u00eb\"}]},{\"@type\":\"WebSite\",\"@id\":\"https:\\\/\\\/ottawacornwall.ca\\\/#website\",\"url\":\"https:\\\/\\\/ottawacornwall.ca\\\/\",\"name\":\"Archdiocese of Ottawa-Cornwall\",\"description\":\"Welcome to the  Ottawa-Cornwall Archdiocese!\",\"publisher\":{\"@id\":\"https:\\\/\\\/ottawacornwall.ca\\\/#organization\"},\"potentialAction\":[{\"@type\":\"SearchAction\",\"target\":{\"@type\":\"EntryPoint\",\"urlTemplate\":\"https:\\\/\\\/ottawacornwall.ca\\\/?s={search_term_string}\"},\"query-input\":{\"@type\":\"PropertyValueSpecification\",\"valueRequired\":true,\"valueName\":\"search_term_string\"}}],\"inLanguage\":\"fr-FR\"},{\"@type\":\"Organization\",\"@id\":\"https:\\\/\\\/ottawacornwall.ca\\\/#organization\",\"name\":\"Archdiocese of Ottawa-Cornwall\",\"url\":\"https:\\\/\\\/ottawacornwall.ca\\\/\",\"logo\":{\"@type\":\"ImageObject\",\"inLanguage\":\"fr-FR\",\"@id\":\"https:\\\/\\\/ottawacornwall.ca\\\/#\\\/schema\\\/logo\\\/image\\\/\",\"url\":\"https:\\\/\\\/ottawacornwall.ca\\\/wp-content\\\/uploads\\\/2022\\\/11\\\/Archdiocese-Logo-Horizontal-Reverse-1.svg\",\"contentUrl\":\"https:\\\/\\\/ottawacornwall.ca\\\/wp-content\\\/uploads\\\/2022\\\/11\\\/Archdiocese-Logo-Horizontal-Reverse-1.svg\",\"caption\":\"Archdiocese of Ottawa-Cornwall\"},\"image\":{\"@id\":\"https:\\\/\\\/ottawacornwall.ca\\\/#\\\/schema\\\/logo\\\/image\\\/\"}}]}<\/script>\n<!-- \/ Yoast SEO plugin. -->","yoast_head_json":{"title":"C\u00e9l\u00e9bration en m\u00e9moire de Micheline Lagu\u00eb - Archdiocese of Ottawa-Cornwall","robots":{"index":"index","follow":"follow","max-snippet":"max-snippet:-1","max-image-preview":"max-image-preview:large","max-video-preview":"max-video-preview:-1"},"canonical":"https:\/\/ottawacornwall.ca\/fr\/news\/celebration-en-memoire-de-micheline-lague\/","og_locale":"fr_FR","og_type":"article","og_title":"C\u00e9l\u00e9bration en m\u00e9moire de Micheline Lagu\u00eb - Archdiocese of Ottawa-Cornwall","og_description":"Notre amie Micheline Lagu\u00eb est d\u00e9c\u00e9d\u00e9e le 21 f\u00e9vrier 2024. Micheline faisait partie de la communaut\u00e9 des s\u0153urs Missionnaires de l&rsquo;Immacul\u00e9e Conception et bien connue \u00e0 Gatineau et Ottawa. Elle a \u00e9t\u00e9 notre amie, notre professeur \u00e0 l\u2019universit\u00e9 St Paul, l\u2019animatrice de tant de journ\u00e9es de formation et de ressourcement dans nos deux dioc\u00e8ses de [&hellip;]","og_url":"https:\/\/ottawacornwall.ca\/fr\/news\/celebration-en-memoire-de-micheline-lague\/","og_site_name":"Archdiocese of Ottawa-Cornwall","og_image":[{"url":"http:\/\/ottawacornwall.ca\/wp-content\/uploads\/2024\/05\/Picture1.jpg","type":"","width":"","height":""}],"twitter_card":"summary_large_image","twitter_misc":{"Dur\u00e9e de lecture estim\u00e9e":"2 minutes"},"schema":{"@context":"https:\/\/schema.org","@graph":[{"@type":"WebPage","@id":"https:\/\/ottawacornwall.ca\/fr\/news\/celebration-en-memoire-de-micheline-lague\/","url":"https:\/\/ottawacornwall.ca\/fr\/news\/celebration-en-memoire-de-micheline-lague\/","name":"C\u00e9l\u00e9bration en m\u00e9moire de Micheline Lagu\u00eb - Archdiocese of Ottawa-Cornwall","isPartOf":{"@id":"https:\/\/ottawacornwall.ca\/#website"},"primaryImageOfPage":{"@id":"https:\/\/ottawacornwall.ca\/fr\/news\/celebration-en-memoire-de-micheline-lague\/#primaryimage"},"image":{"@id":"https:\/\/ottawacornwall.ca\/fr\/news\/celebration-en-memoire-de-micheline-lague\/#primaryimage"},"thumbnailUrl":"http:\/\/ottawacornwall.ca\/wp-content\/uploads\/2024\/05\/Picture1.jpg","datePublished":"2024-05-14T13:36:58+00:00","breadcrumb":{"@id":"https:\/\/ottawacornwall.ca\/fr\/news\/celebration-en-memoire-de-micheline-lague\/#breadcrumb"},"inLanguage":"fr-FR","potentialAction":[{"@type":"ReadAction","target":["https:\/\/ottawacornwall.ca\/fr\/news\/celebration-en-memoire-de-micheline-lague\/"]}]},{"@type":"ImageObject","inLanguage":"fr-FR","@id":"https:\/\/ottawacornwall.ca\/fr\/news\/celebration-en-memoire-de-micheline-lague\/#primaryimage","url":"http:\/\/ottawacornwall.ca\/wp-content\/uploads\/2024\/05\/Picture1.jpg","contentUrl":"http:\/\/ottawacornwall.ca\/wp-content\/uploads\/2024\/05\/Picture1.jpg"},{"@type":"BreadcrumbList","@id":"https:\/\/ottawacornwall.ca\/fr\/news\/celebration-en-memoire-de-micheline-lague\/#breadcrumb","itemListElement":[{"@type":"ListItem","position":1,"name":"Home","item":"https:\/\/ottawacornwall.ca\/fr\/"},{"@type":"ListItem","position":2,"name":"C\u00e9l\u00e9bration en m\u00e9moire de Micheline Lagu\u00eb"}]},{"@type":"WebSite","@id":"https:\/\/ottawacornwall.ca\/#website","url":"https:\/\/ottawacornwall.ca\/","name":"Archdiocese of Ottawa-Cornwall","description":"Welcome to the  Ottawa-Cornwall Archdiocese!","publisher":{"@id":"https:\/\/ottawacornwall.ca\/#organization"},"potentialAction":[{"@type":"SearchAction","target":{"@type":"EntryPoint","urlTemplate":"https:\/\/ottawacornwall.ca\/?s={search_term_string}"},"query-input":{"@type":"PropertyValueSpecification","valueRequired":true,"valueName":"search_term_string"}}],"inLanguage":"fr-FR"},{"@type":"Organization","@id":"https:\/\/ottawacornwall.ca\/#organization","name":"Archdiocese of Ottawa-Cornwall","url":"https:\/\/ottawacornwall.ca\/","logo":{"@type":"ImageObject","inLanguage":"fr-FR","@id":"https:\/\/ottawacornwall.ca\/#\/schema\/logo\/image\/","url":"https:\/\/ottawacornwall.ca\/wp-content\/uploads\/2022\/11\/Archdiocese-Logo-Horizontal-Reverse-1.svg","contentUrl":"https:\/\/ottawacornwall.ca\/wp-content\/uploads\/2022\/11\/Archdiocese-Logo-Horizontal-Reverse-1.svg","caption":"Archdiocese of Ottawa-Cornwall"},"image":{"@id":"https:\/\/ottawacornwall.ca\/#\/schema\/logo\/image\/"}}]}},"_links":{"self":[{"href":"https:\/\/ottawacornwall.ca\/fr\/wp-json\/wp\/v2\/news\/20435","targetHints":{"allow":["GET"]}}],"collection":[{"href":"https:\/\/ottawacornwall.ca\/fr\/wp-json\/wp\/v2\/news"}],"about":[{"href":"https:\/\/ottawacornwall.ca\/fr\/wp-json\/wp\/v2\/types\/news"}],"author":[{"embeddable":true,"href":"https:\/\/ottawacornwall.ca\/fr\/wp-json\/wp\/v2\/users\/6"}],"replies":[{"embeddable":true,"href":"https:\/\/ottawacornwall.ca\/fr\/wp-json\/wp\/v2\/comments?post=20435"}],"version-history":[{"count":1,"href":"https:\/\/ottawacornwall.ca\/fr\/wp-json\/wp\/v2\/news\/20435\/revisions"}],"predecessor-version":[{"id":20438,"href":"https:\/\/ottawacornwall.ca\/fr\/wp-json\/wp\/v2\/news\/20435\/revisions\/20438"}],"wp:attachment":[{"href":"https:\/\/ottawacornwall.ca\/fr\/wp-json\/wp\/v2\/media?parent=20435"}],"wp:term":[{"taxonomy":"news_cate","embeddable":true,"href":"https:\/\/ottawacornwall.ca\/fr\/wp-json\/wp\/v2\/news_cate?post=20435"}],"curies":[{"name":"wp","href":"https:\/\/api.w.org\/{rel}","templated":true}]}}