{"id":24530,"date":"2024-11-05T13:33:28","date_gmt":"2024-11-05T18:33:28","guid":{"rendered":"https:\/\/wp268132.wpdns.ca\/?post_type=news&#038;p=24530"},"modified":"2024-11-05T13:34:12","modified_gmt":"2024-11-05T18:34:12","slug":"chant-theme-pastoral-2024-2025-cecce","status":"publish","type":"news","link":"https:\/\/ottawacornwall.ca\/fr\/news\/chant-theme-pastoral-2024-2025-cecce\/","title":{"rendered":"Chant th\u00e8me pastoral 2024-2025\u00a0&#8211; CECCE"},"content":{"rendered":"<div data-olk-copy-source=\"MessageBody\">Le Conseil des \u00e9coles catholiques du Centre-Est (<span class=\"markexbvmnde3\" data-markjs=\"true\" data-ogac=\"\" data-ogab=\"\" data-ogsc=\"\" data-ogsb=\"\">CECCE<\/span>) est fier de vous pr\u00e9senter le chant th\u00e8me pastoral 2024-2025,\u00a0<a title=\"Original URL: https:\/\/youtu.be\/m11kAez9tJs?feature=shared. Click or tap if you trust this link.\" href=\"https:\/\/can01.safelinks.protection.outlook.com\/?url=https%3A%2F%2Fyoutu.be%2Fm11kAez9tJs%3Ffeature%3Dshared&amp;data=05%7C02%7Cruth.oreilly%40ottawacornwall.ca%7Ce5a648ba8f7a49bdbc9d08dceddde43f%7C1b7e2ac160024c61a2c856ccc6653a41%7C0%7C0%7C638646784480898988%7CUnknown%7CTWFpbGZsb3d8eyJWIjoiMC4wLjAwMDAiLCJQIjoiV2luMzIiLCJBTiI6Ik1haWwiLCJXVCI6Mn0%3D%7C0%7C%7C%7C&amp;sdata=bmeeh5A7RzE9fGEea0I1KGyZOV8K4%2Bvn88m63cuGHL8%3D&amp;reserved=0\" target=\"_blank\" rel=\"noopener noreferrer\" data-auth=\"VerificationFailed\" data-linkindex=\"1\"><span style=\"color: #000000;\">P\u00e8lerins d&rsquo;esp\u00e9rance<\/span><\/a>, qui est \u00e9galement le th\u00e8me pour toutes les \u00e9coles catholiques de langue fran\u00e7aise en Ontario.<\/div>\n<div data-olk-copy-source=\"MessageBody\"><\/div>\n<div data-olk-copy-source=\"MessageBody\"><img fetchpriority=\"high\" decoding=\"async\" class=\"wp-image-24532  aligncenter\" src=\"http:\/\/ottawacornwall.ca\/wp-content\/uploads\/2024\/11\/Pelerins-desperance-logo-v1-1024x534.png\" alt=\"\" width=\"633\" height=\"330\" srcset=\"https:\/\/ottawacornwall.ca\/wp-content\/uploads\/2024\/11\/Pelerins-desperance-logo-v1-1024x534.png 1024w, https:\/\/ottawacornwall.ca\/wp-content\/uploads\/2024\/11\/Pelerins-desperance-logo-v1-300x157.png 300w, https:\/\/ottawacornwall.ca\/wp-content\/uploads\/2024\/11\/Pelerins-desperance-logo-v1-768x401.png 768w, https:\/\/ottawacornwall.ca\/wp-content\/uploads\/2024\/11\/Pelerins-desperance-logo-v1-31x16.png 31w, https:\/\/ottawacornwall.ca\/wp-content\/uploads\/2024\/11\/Pelerins-desperance-logo-v1.png 1200w\" sizes=\"(max-width: 633px) 100vw, 633px\" \/><\/div>\n<div><\/div>\n<div>\n<p>Pour les familles et les paroisses, nous pla\u00e7ons \u00e9galement \u00e0 votre disposition des\u00a0<span style=\"color: #000000;\"><a style=\"color: #000000;\" title=\"Original URL: https:\/\/www.canva.com\/design\/DAGPKM0X32Y\/PXxZwdAMxB7SXa3qHyz9Cg\/edit?utm_content=DAGPKM0X32Y&amp;utm_campaign=designshare&amp;utm_medium=link2&amp;utm_source=sharebutton. Click or tap if you trust this link.\" href=\"https:\/\/can01.safelinks.protection.outlook.com\/?url=https%3A%2F%2Fwww.canva.com%2Fdesign%2FDAGPKM0X32Y%2FPXxZwdAMxB7SXa3qHyz9Cg%2Fedit%3Futm_content%3DDAGPKM0X32Y%26utm_campaign%3Ddesignshare%26utm_medium%3Dlink2%26utm_source%3Dsharebutton&amp;data=05%7C02%7Cruth.oreilly%40ottawacornwall.ca%7Ce5a648ba8f7a49bdbc9d08dceddde43f%7C1b7e2ac160024c61a2c856ccc6653a41%7C0%7C0%7C638646784480913893%7CUnknown%7CTWFpbGZsb3d8eyJWIjoiMC4wLjAwMDAiLCJQIjoiV2luMzIiLCJBTiI6Ik1haWwiLCJXVCI6Mn0%3D%7C0%7C%7C%7C&amp;sdata=0lFKHiemI9bZ8KM4b6AKDFdh4FrcwtalIU3Ldj5QjkY%3D&amp;reserved=0\" target=\"_blank\" rel=\"noopener noreferrer\" data-auth=\"VerificationFailed\" data-linkindex=\"2\">ressources<\/a><\/span>\u00a0en lien avec le chant th\u00e8me, incluant l&rsquo;acc\u00e8s au chant, \u00e0 la vid\u00e9o, aux paroles, aux partitions, et bien plus encore.<\/p>\n<p>En 2025, le pape Fran\u00e7ois a proclam\u00e9 une ann\u00e9e jubilaire sous le th\u00e8me\u00a0<b>P\u00e8lerins d&rsquo;esp\u00e9rance<\/b>. Nous souhaitons embarquer ensemble dans cette aventure spirituelle en participant \u00e0 des activit\u00e9s li\u00e9es au p\u00e8lerinage.<\/p>\n<p>Nous vous souhaitons une belle ann\u00e9e en tant que p\u00e8lerins d&rsquo;esp\u00e9rance !<\/p>\n<\/div>\n","protected":false},"author":6,"featured_media":0,"comment_status":"closed","ping_status":"closed","template":"","news_cate":[77],"class_list":["post-24530","news","type-news","status-publish","hentry","news_cate-news-from-our-parishes"],"acf":[],"yoast_head":"<!-- This site is optimized with the Yoast SEO plugin v27.4 - https:\/\/yoast.com\/product\/yoast-seo-wordpress\/ -->\n<title>Chant th\u00e8me pastoral 2024-2025\u00a0- CECCE - Archdiocese of Ottawa-Cornwall<\/title>\n<meta name=\"robots\" content=\"index, follow, max-snippet:-1, max-image-preview:large, max-video-preview:-1\" \/>\n<link rel=\"canonical\" href=\"https:\/\/ottawacornwall.ca\/fr\/news\/chant-theme-pastoral-2024-2025-cecce\/\" \/>\n<meta property=\"og:locale\" content=\"fr_FR\" \/>\n<meta property=\"og:type\" content=\"article\" \/>\n<meta property=\"og:title\" content=\"Chant th\u00e8me pastoral 2024-2025\u00a0- CECCE - Archdiocese of Ottawa-Cornwall\" \/>\n<meta property=\"og:description\" content=\"Le Conseil des \u00e9coles catholiques du Centre-Est (CECCE) est fier de vous pr\u00e9senter le chant th\u00e8me pastoral 2024-2025,\u00a0P\u00e8lerins d&rsquo;esp\u00e9rance, qui est \u00e9galement le th\u00e8me pour toutes les \u00e9coles catholiques de langue fran\u00e7aise en Ontario. Pour les familles et les paroisses, nous pla\u00e7ons \u00e9galement \u00e0 votre disposition des\u00a0ressources\u00a0en lien avec le chant th\u00e8me, incluant l&rsquo;acc\u00e8s au [&hellip;]\" \/>\n<meta property=\"og:url\" content=\"https:\/\/ottawacornwall.ca\/fr\/news\/chant-theme-pastoral-2024-2025-cecce\/\" \/>\n<meta property=\"og:site_name\" content=\"Archdiocese of Ottawa-Cornwall\" \/>\n<meta property=\"article:modified_time\" content=\"2024-11-05T18:34:12+00:00\" \/>\n<meta property=\"og:image\" content=\"http:\/\/ottawacornwall.ca\/wp-content\/uploads\/2024\/11\/Pelerins-desperance-logo-v1-1024x534.png\" \/>\n<meta name=\"twitter:card\" content=\"summary_large_image\" \/>\n<meta name=\"twitter:label1\" content=\"Dur\u00e9e de lecture estim\u00e9e\" \/>\n\t<meta name=\"twitter:data1\" content=\"1 minute\" \/>\n<script type=\"application\/ld+json\" class=\"yoast-schema-graph\">{\"@context\":\"https:\\\/\\\/schema.org\",\"@graph\":[{\"@type\":\"WebPage\",\"@id\":\"https:\\\/\\\/ottawacornwall.ca\\\/fr\\\/news\\\/chant-theme-pastoral-2024-2025-cecce\\\/\",\"url\":\"https:\\\/\\\/ottawacornwall.ca\\\/fr\\\/news\\\/chant-theme-pastoral-2024-2025-cecce\\\/\",\"name\":\"Chant th\u00e8me pastoral 2024-2025\u00a0- CECCE - Archdiocese of Ottawa-Cornwall\",\"isPartOf\":{\"@id\":\"https:\\\/\\\/ottawacornwall.ca\\\/#website\"},\"primaryImageOfPage\":{\"@id\":\"https:\\\/\\\/ottawacornwall.ca\\\/fr\\\/news\\\/chant-theme-pastoral-2024-2025-cecce\\\/#primaryimage\"},\"image\":{\"@id\":\"https:\\\/\\\/ottawacornwall.ca\\\/fr\\\/news\\\/chant-theme-pastoral-2024-2025-cecce\\\/#primaryimage\"},\"thumbnailUrl\":\"http:\\\/\\\/ottawacornwall.ca\\\/wp-content\\\/uploads\\\/2024\\\/11\\\/Pelerins-desperance-logo-v1-1024x534.png\",\"datePublished\":\"2024-11-05T18:33:28+00:00\",\"dateModified\":\"2024-11-05T18:34:12+00:00\",\"breadcrumb\":{\"@id\":\"https:\\\/\\\/ottawacornwall.ca\\\/fr\\\/news\\\/chant-theme-pastoral-2024-2025-cecce\\\/#breadcrumb\"},\"inLanguage\":\"fr-FR\",\"potentialAction\":[{\"@type\":\"ReadAction\",\"target\":[\"https:\\\/\\\/ottawacornwall.ca\\\/fr\\\/news\\\/chant-theme-pastoral-2024-2025-cecce\\\/\"]}]},{\"@type\":\"ImageObject\",\"inLanguage\":\"fr-FR\",\"@id\":\"https:\\\/\\\/ottawacornwall.ca\\\/fr\\\/news\\\/chant-theme-pastoral-2024-2025-cecce\\\/#primaryimage\",\"url\":\"http:\\\/\\\/ottawacornwall.ca\\\/wp-content\\\/uploads\\\/2024\\\/11\\\/Pelerins-desperance-logo-v1-1024x534.png\",\"contentUrl\":\"http:\\\/\\\/ottawacornwall.ca\\\/wp-content\\\/uploads\\\/2024\\\/11\\\/Pelerins-desperance-logo-v1-1024x534.png\"},{\"@type\":\"BreadcrumbList\",\"@id\":\"https:\\\/\\\/ottawacornwall.ca\\\/fr\\\/news\\\/chant-theme-pastoral-2024-2025-cecce\\\/#breadcrumb\",\"itemListElement\":[{\"@type\":\"ListItem\",\"position\":1,\"name\":\"Home\",\"item\":\"https:\\\/\\\/ottawacornwall.ca\\\/fr\\\/\"},{\"@type\":\"ListItem\",\"position\":2,\"name\":\"Chant th\u00e8me pastoral 2024-2025\u00a0&#8211; CECCE\"}]},{\"@type\":\"WebSite\",\"@id\":\"https:\\\/\\\/ottawacornwall.ca\\\/#website\",\"url\":\"https:\\\/\\\/ottawacornwall.ca\\\/\",\"name\":\"Archdiocese of Ottawa-Cornwall\",\"description\":\"Welcome to the  Ottawa-Cornwall Archdiocese!\",\"publisher\":{\"@id\":\"https:\\\/\\\/ottawacornwall.ca\\\/#organization\"},\"potentialAction\":[{\"@type\":\"SearchAction\",\"target\":{\"@type\":\"EntryPoint\",\"urlTemplate\":\"https:\\\/\\\/ottawacornwall.ca\\\/?s={search_term_string}\"},\"query-input\":{\"@type\":\"PropertyValueSpecification\",\"valueRequired\":true,\"valueName\":\"search_term_string\"}}],\"inLanguage\":\"fr-FR\"},{\"@type\":\"Organization\",\"@id\":\"https:\\\/\\\/ottawacornwall.ca\\\/#organization\",\"name\":\"Archdiocese of Ottawa-Cornwall\",\"url\":\"https:\\\/\\\/ottawacornwall.ca\\\/\",\"logo\":{\"@type\":\"ImageObject\",\"inLanguage\":\"fr-FR\",\"@id\":\"https:\\\/\\\/ottawacornwall.ca\\\/#\\\/schema\\\/logo\\\/image\\\/\",\"url\":\"https:\\\/\\\/ottawacornwall.ca\\\/wp-content\\\/uploads\\\/2022\\\/11\\\/Archdiocese-Logo-Horizontal-Reverse-1.svg\",\"contentUrl\":\"https:\\\/\\\/ottawacornwall.ca\\\/wp-content\\\/uploads\\\/2022\\\/11\\\/Archdiocese-Logo-Horizontal-Reverse-1.svg\",\"caption\":\"Archdiocese of Ottawa-Cornwall\"},\"image\":{\"@id\":\"https:\\\/\\\/ottawacornwall.ca\\\/#\\\/schema\\\/logo\\\/image\\\/\"}}]}<\/script>\n<!-- \/ Yoast SEO plugin. -->","yoast_head_json":{"title":"Chant th\u00e8me pastoral 2024-2025\u00a0- CECCE - Archdiocese of Ottawa-Cornwall","robots":{"index":"index","follow":"follow","max-snippet":"max-snippet:-1","max-image-preview":"max-image-preview:large","max-video-preview":"max-video-preview:-1"},"canonical":"https:\/\/ottawacornwall.ca\/fr\/news\/chant-theme-pastoral-2024-2025-cecce\/","og_locale":"fr_FR","og_type":"article","og_title":"Chant th\u00e8me pastoral 2024-2025\u00a0- CECCE - Archdiocese of Ottawa-Cornwall","og_description":"Le Conseil des \u00e9coles catholiques du Centre-Est (CECCE) est fier de vous pr\u00e9senter le chant th\u00e8me pastoral 2024-2025,\u00a0P\u00e8lerins d&rsquo;esp\u00e9rance, qui est \u00e9galement le th\u00e8me pour toutes les \u00e9coles catholiques de langue fran\u00e7aise en Ontario. Pour les familles et les paroisses, nous pla\u00e7ons \u00e9galement \u00e0 votre disposition des\u00a0ressources\u00a0en lien avec le chant th\u00e8me, incluant l&rsquo;acc\u00e8s au [&hellip;]","og_url":"https:\/\/ottawacornwall.ca\/fr\/news\/chant-theme-pastoral-2024-2025-cecce\/","og_site_name":"Archdiocese of Ottawa-Cornwall","article_modified_time":"2024-11-05T18:34:12+00:00","og_image":[{"url":"http:\/\/ottawacornwall.ca\/wp-content\/uploads\/2024\/11\/Pelerins-desperance-logo-v1-1024x534.png","type":"","width":"","height":""}],"twitter_card":"summary_large_image","twitter_misc":{"Dur\u00e9e de lecture estim\u00e9e":"1 minute"},"schema":{"@context":"https:\/\/schema.org","@graph":[{"@type":"WebPage","@id":"https:\/\/ottawacornwall.ca\/fr\/news\/chant-theme-pastoral-2024-2025-cecce\/","url":"https:\/\/ottawacornwall.ca\/fr\/news\/chant-theme-pastoral-2024-2025-cecce\/","name":"Chant th\u00e8me pastoral 2024-2025\u00a0- CECCE - Archdiocese of Ottawa-Cornwall","isPartOf":{"@id":"https:\/\/ottawacornwall.ca\/#website"},"primaryImageOfPage":{"@id":"https:\/\/ottawacornwall.ca\/fr\/news\/chant-theme-pastoral-2024-2025-cecce\/#primaryimage"},"image":{"@id":"https:\/\/ottawacornwall.ca\/fr\/news\/chant-theme-pastoral-2024-2025-cecce\/#primaryimage"},"thumbnailUrl":"http:\/\/ottawacornwall.ca\/wp-content\/uploads\/2024\/11\/Pelerins-desperance-logo-v1-1024x534.png","datePublished":"2024-11-05T18:33:28+00:00","dateModified":"2024-11-05T18:34:12+00:00","breadcrumb":{"@id":"https:\/\/ottawacornwall.ca\/fr\/news\/chant-theme-pastoral-2024-2025-cecce\/#breadcrumb"},"inLanguage":"fr-FR","potentialAction":[{"@type":"ReadAction","target":["https:\/\/ottawacornwall.ca\/fr\/news\/chant-theme-pastoral-2024-2025-cecce\/"]}]},{"@type":"ImageObject","inLanguage":"fr-FR","@id":"https:\/\/ottawacornwall.ca\/fr\/news\/chant-theme-pastoral-2024-2025-cecce\/#primaryimage","url":"http:\/\/ottawacornwall.ca\/wp-content\/uploads\/2024\/11\/Pelerins-desperance-logo-v1-1024x534.png","contentUrl":"http:\/\/ottawacornwall.ca\/wp-content\/uploads\/2024\/11\/Pelerins-desperance-logo-v1-1024x534.png"},{"@type":"BreadcrumbList","@id":"https:\/\/ottawacornwall.ca\/fr\/news\/chant-theme-pastoral-2024-2025-cecce\/#breadcrumb","itemListElement":[{"@type":"ListItem","position":1,"name":"Home","item":"https:\/\/ottawacornwall.ca\/fr\/"},{"@type":"ListItem","position":2,"name":"Chant th\u00e8me pastoral 2024-2025\u00a0&#8211; CECCE"}]},{"@type":"WebSite","@id":"https:\/\/ottawacornwall.ca\/#website","url":"https:\/\/ottawacornwall.ca\/","name":"Archdiocese of Ottawa-Cornwall","description":"Welcome to the  Ottawa-Cornwall Archdiocese!","publisher":{"@id":"https:\/\/ottawacornwall.ca\/#organization"},"potentialAction":[{"@type":"SearchAction","target":{"@type":"EntryPoint","urlTemplate":"https:\/\/ottawacornwall.ca\/?s={search_term_string}"},"query-input":{"@type":"PropertyValueSpecification","valueRequired":true,"valueName":"search_term_string"}}],"inLanguage":"fr-FR"},{"@type":"Organization","@id":"https:\/\/ottawacornwall.ca\/#organization","name":"Archdiocese of Ottawa-Cornwall","url":"https:\/\/ottawacornwall.ca\/","logo":{"@type":"ImageObject","inLanguage":"fr-FR","@id":"https:\/\/ottawacornwall.ca\/#\/schema\/logo\/image\/","url":"https:\/\/ottawacornwall.ca\/wp-content\/uploads\/2022\/11\/Archdiocese-Logo-Horizontal-Reverse-1.svg","contentUrl":"https:\/\/ottawacornwall.ca\/wp-content\/uploads\/2022\/11\/Archdiocese-Logo-Horizontal-Reverse-1.svg","caption":"Archdiocese of Ottawa-Cornwall"},"image":{"@id":"https:\/\/ottawacornwall.ca\/#\/schema\/logo\/image\/"}}]}},"_links":{"self":[{"href":"https:\/\/ottawacornwall.ca\/fr\/wp-json\/wp\/v2\/news\/24530","targetHints":{"allow":["GET"]}}],"collection":[{"href":"https:\/\/ottawacornwall.ca\/fr\/wp-json\/wp\/v2\/news"}],"about":[{"href":"https:\/\/ottawacornwall.ca\/fr\/wp-json\/wp\/v2\/types\/news"}],"author":[{"embeddable":true,"href":"https:\/\/ottawacornwall.ca\/fr\/wp-json\/wp\/v2\/users\/6"}],"replies":[{"embeddable":true,"href":"https:\/\/ottawacornwall.ca\/fr\/wp-json\/wp\/v2\/comments?post=24530"}],"version-history":[{"count":3,"href":"https:\/\/ottawacornwall.ca\/fr\/wp-json\/wp\/v2\/news\/24530\/revisions"}],"predecessor-version":[{"id":24535,"href":"https:\/\/ottawacornwall.ca\/fr\/wp-json\/wp\/v2\/news\/24530\/revisions\/24535"}],"wp:attachment":[{"href":"https:\/\/ottawacornwall.ca\/fr\/wp-json\/wp\/v2\/media?parent=24530"}],"wp:term":[{"taxonomy":"news_cate","embeddable":true,"href":"https:\/\/ottawacornwall.ca\/fr\/wp-json\/wp\/v2\/news_cate?post=24530"}],"curies":[{"name":"wp","href":"https:\/\/api.w.org\/{rel}","templated":true}]}}