{"id":24959,"date":"2024-11-12T15:25:45","date_gmt":"2024-11-12T20:25:45","guid":{"rendered":"https:\/\/wp268132.wpdns.ca\/?post_type=news&#038;p=24959"},"modified":"2024-11-12T15:25:41","modified_gmt":"2024-11-12T20:25:41","slug":"prix-john-dorner-pour-la-sauvegarde-de-la-creation-2024","status":"publish","type":"news","link":"https:\/\/ottawacornwall.ca\/fr\/news\/prix-john-dorner-pour-la-sauvegarde-de-la-creation-2024\/","title":{"rendered":"Prix John-Dorner pour la Sauvegarde de la Cr\u00e9ation 2024"},"content":{"rendered":"<p><span lang=\"fr-CA\" data-olk-copy-source=\"MessageBody\">Le 7 septembre dernier, le Minist\u00e8re de la Sauvegarde de la Cr\u00e9ation pour l\u2019Archidioc\u00e8se d\u2019Ottawa-Cornwall organisait une messe sp\u00e9ciale pour la Saison de la Cr\u00e9ation initi\u00e9e par le Pape Fran\u00e7ois pour nous rappeler notre responsabilit\u00e9 envers la Cr\u00e9ation et honorer notre Cr\u00e9ateur. \u00a0La messe \u00e9tait pr\u00e9sid\u00e9e par le R\u00e9v\u00e9rend Monseigneur Yvan Mathieu, \u00e9v\u00eaque auxiliaire de l\u2019Archidioc\u00e8se d\u2019Ottawa Cornwall et qui a donn\u00e9 une hom\u00e9lie sur la Saison de la Cr\u00e9ation et Laudato Si tout \u00e0 fait inspirante. \u00a0<\/span><\/p>\n<p><span lang=\"fr-CA\" data-olk-copy-source=\"MessageBody\">Apr\u00e8s la messe, pour la seconde fois, le prix annuel John-Dorner pour la Sauvegarde de la Cr\u00e9ation a \u00e9t\u00e9 remis \u00e0 quatre jeunes femmes de l\u2019\u00c9cole Secondaire catholique r\u00e9gionale de Hawkesbury, i.e. les \u00e9tudiantes Rosalie Lucas, Kiliane Deslauriers, Maxime St-Martin ainsi que leur enseignante Mme Lally Durocher pour son appui.\u00a0 Comme leaders du Comit\u00e9 Franvert, elles se sont engag\u00e9es avec succ\u00e8s et avec le sourire \u00e0 promouvoir des pratiques vertes au sein de leurs pairs pendant l\u2019ann\u00e9e scolaire : \u00a0nettoyage de la ville, construction d\u2019un potager \u00e0 l\u2019\u00e9cole, montages vid\u00e9o pr\u00e9sent\u00e9s au Conseillers municipaux et maire ainsi qu\u2019aux paroissiens locaux. De plus, un membre de la paroisse Holy Redeemer \u00e0 Kanata a re\u00e7u une mention honorable pour les efforts consid\u00e9rables d\u00e9ploy\u00e9s \u00e0 rendre son domicile carboneutre. La veuve de John Dorner, Anna a remis une bourse aux gagnantes en son nom personnel.<\/span><\/p>\n<p><span lang=\"fr-CA\">La reproduction du logo pour la Saison de la Cr\u00e9ation a \u00e9t\u00e9 r\u00e9alis\u00e9e par un \u00e9tudiant \u00e0 la facult\u00e9 des Arts visuels de l\u2019Universit\u00e9 d\u2019Ottawa, Khol Roy-Newton.<\/span><\/p>\n<p><span lang=\"fr-CA\">\u00a0<\/span><\/p>\n<p><img fetchpriority=\"high\" decoding=\"async\" class=\"alignnone wp-image-24951\" src=\"http:\/\/ottawacornwall.ca\/wp-content\/uploads\/2024\/11\/Gagnantes-2024-300x286.jpg\" alt=\"\" width=\"350\" height=\"334\" srcset=\"https:\/\/ottawacornwall.ca\/wp-content\/uploads\/2024\/11\/Gagnantes-2024-300x286.jpg 300w, https:\/\/ottawacornwall.ca\/wp-content\/uploads\/2024\/11\/Gagnantes-2024-28x27.jpg 28w, https:\/\/ottawacornwall.ca\/wp-content\/uploads\/2024\/11\/Gagnantes-2024.jpg 513w\" sizes=\"(max-width: 350px) 100vw, 350px\" \/> <img decoding=\"async\" class=\"alignnone wp-image-24953\" src=\"http:\/\/ottawacornwall.ca\/wp-content\/uploads\/2024\/11\/Anna-Dorner-246x300.jpg\" alt=\"\" width=\"287\" height=\"350\" srcset=\"https:\/\/ottawacornwall.ca\/wp-content\/uploads\/2024\/11\/Anna-Dorner-246x300.jpg 246w, https:\/\/ottawacornwall.ca\/wp-content\/uploads\/2024\/11\/Anna-Dorner-22x27.jpg 22w, https:\/\/ottawacornwall.ca\/wp-content\/uploads\/2024\/11\/Anna-Dorner.jpg 469w\" sizes=\"(max-width: 287px) 100vw, 287px\" \/> <img decoding=\"async\" class=\"alignnone wp-image-24955\" src=\"http:\/\/ottawacornwall.ca\/wp-content\/uploads\/2024\/11\/Group-300x223.jpg\" alt=\"\" width=\"350\" height=\"260\" srcset=\"https:\/\/ottawacornwall.ca\/wp-content\/uploads\/2024\/11\/Group-300x223.jpg 300w, https:\/\/ottawacornwall.ca\/wp-content\/uploads\/2024\/11\/Group-768x571.jpg 768w, https:\/\/ottawacornwall.ca\/wp-content\/uploads\/2024\/11\/Group-31x23.jpg 31w, https:\/\/ottawacornwall.ca\/wp-content\/uploads\/2024\/11\/Group.jpg 800w\" sizes=\"(max-width: 350px) 100vw, 350px\" \/><\/p>\n","protected":false},"author":6,"featured_media":0,"comment_status":"closed","ping_status":"closed","template":"","news_cate":[74],"class_list":["post-24959","news","type-news","status-publish","hentry","news_cate-current-message"],"acf":[],"yoast_head":"<!-- This site is optimized with the Yoast SEO plugin v27.4 - https:\/\/yoast.com\/product\/yoast-seo-wordpress\/ -->\n<title>Prix John-Dorner pour la Sauvegarde de la Cr\u00e9ation 2024 - Archdiocese of Ottawa-Cornwall<\/title>\n<meta name=\"robots\" content=\"index, follow, max-snippet:-1, max-image-preview:large, max-video-preview:-1\" \/>\n<link rel=\"canonical\" href=\"https:\/\/ottawacornwall.ca\/fr\/news\/prix-john-dorner-pour-la-sauvegarde-de-la-creation-2024\/\" \/>\n<meta property=\"og:locale\" content=\"fr_FR\" \/>\n<meta property=\"og:type\" content=\"article\" \/>\n<meta property=\"og:title\" content=\"Prix John-Dorner pour la Sauvegarde de la Cr\u00e9ation 2024 - Archdiocese of Ottawa-Cornwall\" \/>\n<meta property=\"og:description\" content=\"Le 7 septembre dernier, le Minist\u00e8re de la Sauvegarde de la Cr\u00e9ation pour l\u2019Archidioc\u00e8se d\u2019Ottawa-Cornwall organisait une messe sp\u00e9ciale pour la Saison de la Cr\u00e9ation initi\u00e9e par le Pape Fran\u00e7ois pour nous rappeler notre responsabilit\u00e9 envers la Cr\u00e9ation et honorer notre Cr\u00e9ateur. \u00a0La messe \u00e9tait pr\u00e9sid\u00e9e par le R\u00e9v\u00e9rend Monseigneur Yvan Mathieu, \u00e9v\u00eaque auxiliaire de [&hellip;]\" \/>\n<meta property=\"og:url\" content=\"https:\/\/ottawacornwall.ca\/fr\/news\/prix-john-dorner-pour-la-sauvegarde-de-la-creation-2024\/\" \/>\n<meta property=\"og:site_name\" content=\"Archdiocese of Ottawa-Cornwall\" \/>\n<meta property=\"og:image\" content=\"http:\/\/ottawacornwall.ca\/wp-content\/uploads\/2024\/11\/Gagnantes-2024-300x286.jpg\" \/>\n<meta name=\"twitter:card\" content=\"summary_large_image\" \/>\n<meta name=\"twitter:label1\" content=\"Dur\u00e9e de lecture estim\u00e9e\" \/>\n\t<meta name=\"twitter:data1\" content=\"2 minutes\" \/>\n<script type=\"application\/ld+json\" class=\"yoast-schema-graph\">{\"@context\":\"https:\\\/\\\/schema.org\",\"@graph\":[{\"@type\":\"WebPage\",\"@id\":\"https:\\\/\\\/ottawacornwall.ca\\\/fr\\\/news\\\/prix-john-dorner-pour-la-sauvegarde-de-la-creation-2024\\\/\",\"url\":\"https:\\\/\\\/ottawacornwall.ca\\\/fr\\\/news\\\/prix-john-dorner-pour-la-sauvegarde-de-la-creation-2024\\\/\",\"name\":\"Prix John-Dorner pour la Sauvegarde de la Cr\u00e9ation 2024 - Archdiocese of Ottawa-Cornwall\",\"isPartOf\":{\"@id\":\"https:\\\/\\\/ottawacornwall.ca\\\/#website\"},\"primaryImageOfPage\":{\"@id\":\"https:\\\/\\\/ottawacornwall.ca\\\/fr\\\/news\\\/prix-john-dorner-pour-la-sauvegarde-de-la-creation-2024\\\/#primaryimage\"},\"image\":{\"@id\":\"https:\\\/\\\/ottawacornwall.ca\\\/fr\\\/news\\\/prix-john-dorner-pour-la-sauvegarde-de-la-creation-2024\\\/#primaryimage\"},\"thumbnailUrl\":\"http:\\\/\\\/ottawacornwall.ca\\\/wp-content\\\/uploads\\\/2024\\\/11\\\/Gagnantes-2024-300x286.jpg\",\"datePublished\":\"2024-11-12T20:25:45+00:00\",\"breadcrumb\":{\"@id\":\"https:\\\/\\\/ottawacornwall.ca\\\/fr\\\/news\\\/prix-john-dorner-pour-la-sauvegarde-de-la-creation-2024\\\/#breadcrumb\"},\"inLanguage\":\"fr-FR\",\"potentialAction\":[{\"@type\":\"ReadAction\",\"target\":[\"https:\\\/\\\/ottawacornwall.ca\\\/fr\\\/news\\\/prix-john-dorner-pour-la-sauvegarde-de-la-creation-2024\\\/\"]}]},{\"@type\":\"ImageObject\",\"inLanguage\":\"fr-FR\",\"@id\":\"https:\\\/\\\/ottawacornwall.ca\\\/fr\\\/news\\\/prix-john-dorner-pour-la-sauvegarde-de-la-creation-2024\\\/#primaryimage\",\"url\":\"http:\\\/\\\/ottawacornwall.ca\\\/wp-content\\\/uploads\\\/2024\\\/11\\\/Gagnantes-2024-300x286.jpg\",\"contentUrl\":\"http:\\\/\\\/ottawacornwall.ca\\\/wp-content\\\/uploads\\\/2024\\\/11\\\/Gagnantes-2024-300x286.jpg\"},{\"@type\":\"BreadcrumbList\",\"@id\":\"https:\\\/\\\/ottawacornwall.ca\\\/fr\\\/news\\\/prix-john-dorner-pour-la-sauvegarde-de-la-creation-2024\\\/#breadcrumb\",\"itemListElement\":[{\"@type\":\"ListItem\",\"position\":1,\"name\":\"Home\",\"item\":\"https:\\\/\\\/ottawacornwall.ca\\\/fr\\\/\"},{\"@type\":\"ListItem\",\"position\":2,\"name\":\"Prix John-Dorner pour la Sauvegarde de la Cr\u00e9ation 2024\"}]},{\"@type\":\"WebSite\",\"@id\":\"https:\\\/\\\/ottawacornwall.ca\\\/#website\",\"url\":\"https:\\\/\\\/ottawacornwall.ca\\\/\",\"name\":\"Archdiocese of Ottawa-Cornwall\",\"description\":\"Welcome to the  Ottawa-Cornwall Archdiocese!\",\"publisher\":{\"@id\":\"https:\\\/\\\/ottawacornwall.ca\\\/#organization\"},\"potentialAction\":[{\"@type\":\"SearchAction\",\"target\":{\"@type\":\"EntryPoint\",\"urlTemplate\":\"https:\\\/\\\/ottawacornwall.ca\\\/?s={search_term_string}\"},\"query-input\":{\"@type\":\"PropertyValueSpecification\",\"valueRequired\":true,\"valueName\":\"search_term_string\"}}],\"inLanguage\":\"fr-FR\"},{\"@type\":\"Organization\",\"@id\":\"https:\\\/\\\/ottawacornwall.ca\\\/#organization\",\"name\":\"Archdiocese of Ottawa-Cornwall\",\"url\":\"https:\\\/\\\/ottawacornwall.ca\\\/\",\"logo\":{\"@type\":\"ImageObject\",\"inLanguage\":\"fr-FR\",\"@id\":\"https:\\\/\\\/ottawacornwall.ca\\\/#\\\/schema\\\/logo\\\/image\\\/\",\"url\":\"https:\\\/\\\/ottawacornwall.ca\\\/wp-content\\\/uploads\\\/2022\\\/11\\\/Archdiocese-Logo-Horizontal-Reverse-1.svg\",\"contentUrl\":\"https:\\\/\\\/ottawacornwall.ca\\\/wp-content\\\/uploads\\\/2022\\\/11\\\/Archdiocese-Logo-Horizontal-Reverse-1.svg\",\"caption\":\"Archdiocese of Ottawa-Cornwall\"},\"image\":{\"@id\":\"https:\\\/\\\/ottawacornwall.ca\\\/#\\\/schema\\\/logo\\\/image\\\/\"}}]}<\/script>\n<!-- \/ Yoast SEO plugin. -->","yoast_head_json":{"title":"Prix John-Dorner pour la Sauvegarde de la Cr\u00e9ation 2024 - Archdiocese of Ottawa-Cornwall","robots":{"index":"index","follow":"follow","max-snippet":"max-snippet:-1","max-image-preview":"max-image-preview:large","max-video-preview":"max-video-preview:-1"},"canonical":"https:\/\/ottawacornwall.ca\/fr\/news\/prix-john-dorner-pour-la-sauvegarde-de-la-creation-2024\/","og_locale":"fr_FR","og_type":"article","og_title":"Prix John-Dorner pour la Sauvegarde de la Cr\u00e9ation 2024 - Archdiocese of Ottawa-Cornwall","og_description":"Le 7 septembre dernier, le Minist\u00e8re de la Sauvegarde de la Cr\u00e9ation pour l\u2019Archidioc\u00e8se d\u2019Ottawa-Cornwall organisait une messe sp\u00e9ciale pour la Saison de la Cr\u00e9ation initi\u00e9e par le Pape Fran\u00e7ois pour nous rappeler notre responsabilit\u00e9 envers la Cr\u00e9ation et honorer notre Cr\u00e9ateur. \u00a0La messe \u00e9tait pr\u00e9sid\u00e9e par le R\u00e9v\u00e9rend Monseigneur Yvan Mathieu, \u00e9v\u00eaque auxiliaire de [&hellip;]","og_url":"https:\/\/ottawacornwall.ca\/fr\/news\/prix-john-dorner-pour-la-sauvegarde-de-la-creation-2024\/","og_site_name":"Archdiocese of Ottawa-Cornwall","og_image":[{"url":"http:\/\/ottawacornwall.ca\/wp-content\/uploads\/2024\/11\/Gagnantes-2024-300x286.jpg","type":"","width":"","height":""}],"twitter_card":"summary_large_image","twitter_misc":{"Dur\u00e9e de lecture estim\u00e9e":"2 minutes"},"schema":{"@context":"https:\/\/schema.org","@graph":[{"@type":"WebPage","@id":"https:\/\/ottawacornwall.ca\/fr\/news\/prix-john-dorner-pour-la-sauvegarde-de-la-creation-2024\/","url":"https:\/\/ottawacornwall.ca\/fr\/news\/prix-john-dorner-pour-la-sauvegarde-de-la-creation-2024\/","name":"Prix John-Dorner pour la Sauvegarde de la Cr\u00e9ation 2024 - Archdiocese of Ottawa-Cornwall","isPartOf":{"@id":"https:\/\/ottawacornwall.ca\/#website"},"primaryImageOfPage":{"@id":"https:\/\/ottawacornwall.ca\/fr\/news\/prix-john-dorner-pour-la-sauvegarde-de-la-creation-2024\/#primaryimage"},"image":{"@id":"https:\/\/ottawacornwall.ca\/fr\/news\/prix-john-dorner-pour-la-sauvegarde-de-la-creation-2024\/#primaryimage"},"thumbnailUrl":"http:\/\/ottawacornwall.ca\/wp-content\/uploads\/2024\/11\/Gagnantes-2024-300x286.jpg","datePublished":"2024-11-12T20:25:45+00:00","breadcrumb":{"@id":"https:\/\/ottawacornwall.ca\/fr\/news\/prix-john-dorner-pour-la-sauvegarde-de-la-creation-2024\/#breadcrumb"},"inLanguage":"fr-FR","potentialAction":[{"@type":"ReadAction","target":["https:\/\/ottawacornwall.ca\/fr\/news\/prix-john-dorner-pour-la-sauvegarde-de-la-creation-2024\/"]}]},{"@type":"ImageObject","inLanguage":"fr-FR","@id":"https:\/\/ottawacornwall.ca\/fr\/news\/prix-john-dorner-pour-la-sauvegarde-de-la-creation-2024\/#primaryimage","url":"http:\/\/ottawacornwall.ca\/wp-content\/uploads\/2024\/11\/Gagnantes-2024-300x286.jpg","contentUrl":"http:\/\/ottawacornwall.ca\/wp-content\/uploads\/2024\/11\/Gagnantes-2024-300x286.jpg"},{"@type":"BreadcrumbList","@id":"https:\/\/ottawacornwall.ca\/fr\/news\/prix-john-dorner-pour-la-sauvegarde-de-la-creation-2024\/#breadcrumb","itemListElement":[{"@type":"ListItem","position":1,"name":"Home","item":"https:\/\/ottawacornwall.ca\/fr\/"},{"@type":"ListItem","position":2,"name":"Prix John-Dorner pour la Sauvegarde de la Cr\u00e9ation 2024"}]},{"@type":"WebSite","@id":"https:\/\/ottawacornwall.ca\/#website","url":"https:\/\/ottawacornwall.ca\/","name":"Archdiocese of Ottawa-Cornwall","description":"Welcome to the  Ottawa-Cornwall Archdiocese!","publisher":{"@id":"https:\/\/ottawacornwall.ca\/#organization"},"potentialAction":[{"@type":"SearchAction","target":{"@type":"EntryPoint","urlTemplate":"https:\/\/ottawacornwall.ca\/?s={search_term_string}"},"query-input":{"@type":"PropertyValueSpecification","valueRequired":true,"valueName":"search_term_string"}}],"inLanguage":"fr-FR"},{"@type":"Organization","@id":"https:\/\/ottawacornwall.ca\/#organization","name":"Archdiocese of Ottawa-Cornwall","url":"https:\/\/ottawacornwall.ca\/","logo":{"@type":"ImageObject","inLanguage":"fr-FR","@id":"https:\/\/ottawacornwall.ca\/#\/schema\/logo\/image\/","url":"https:\/\/ottawacornwall.ca\/wp-content\/uploads\/2022\/11\/Archdiocese-Logo-Horizontal-Reverse-1.svg","contentUrl":"https:\/\/ottawacornwall.ca\/wp-content\/uploads\/2022\/11\/Archdiocese-Logo-Horizontal-Reverse-1.svg","caption":"Archdiocese of Ottawa-Cornwall"},"image":{"@id":"https:\/\/ottawacornwall.ca\/#\/schema\/logo\/image\/"}}]}},"_links":{"self":[{"href":"https:\/\/ottawacornwall.ca\/fr\/wp-json\/wp\/v2\/news\/24959","targetHints":{"allow":["GET"]}}],"collection":[{"href":"https:\/\/ottawacornwall.ca\/fr\/wp-json\/wp\/v2\/news"}],"about":[{"href":"https:\/\/ottawacornwall.ca\/fr\/wp-json\/wp\/v2\/types\/news"}],"author":[{"embeddable":true,"href":"https:\/\/ottawacornwall.ca\/fr\/wp-json\/wp\/v2\/users\/6"}],"replies":[{"embeddable":true,"href":"https:\/\/ottawacornwall.ca\/fr\/wp-json\/wp\/v2\/comments?post=24959"}],"version-history":[{"count":1,"href":"https:\/\/ottawacornwall.ca\/fr\/wp-json\/wp\/v2\/news\/24959\/revisions"}],"predecessor-version":[{"id":24960,"href":"https:\/\/ottawacornwall.ca\/fr\/wp-json\/wp\/v2\/news\/24959\/revisions\/24960"}],"wp:attachment":[{"href":"https:\/\/ottawacornwall.ca\/fr\/wp-json\/wp\/v2\/media?parent=24959"}],"wp:term":[{"taxonomy":"news_cate","embeddable":true,"href":"https:\/\/ottawacornwall.ca\/fr\/wp-json\/wp\/v2\/news_cate?post=24959"}],"curies":[{"name":"wp","href":"https:\/\/api.w.org\/{rel}","templated":true}]}}