{"id":25454,"date":"2024-11-27T14:37:09","date_gmt":"2024-11-27T19:37:09","guid":{"rendered":"https:\/\/wp268132.wpdns.ca\/?post_type=news&#038;p=25454"},"modified":"2024-11-27T14:41:36","modified_gmt":"2024-11-27T19:41:36","slug":"cheminer-ensemble-durant-lavent-2024-cecc","status":"publish","type":"news","link":"https:\/\/ottawacornwall.ca\/fr\/news\/cheminer-ensemble-durant-lavent-2024-cecc\/","title":{"rendered":"Cheminer ensemble durant l&rsquo;Avent 2024 &#8211; CECC"},"content":{"rendered":"<p style=\"text-align: center;\"><strong>Cheminer ensemble durant le temps de l&rsquo;Avent &#8211; Une s\u00e9rie de vid\u00e9os pour entrer dans le temps de l\u2019Avent et m\u00e9diter<\/strong><br \/>\n<strong>25 novembre 2024<\/strong><\/p>\n<p>&nbsp;<\/p>\n<p>Le Secr\u00e9tariat g\u00e9n\u00e9ral de la Conf\u00e9rence des \u00e9v\u00eaques catholiques du Canada (CECC) annonce aujourd&rsquo;hui la mise en ligne de la s\u00e9rie de vid\u00e9os hebdomadaires pour la p\u00e9riode de l&rsquo;Avent. Con\u00e7ues pour aider les fid\u00e8les \u00e0 se pr\u00e9parer \u00e0 la comm\u00e9moration de la naissance de Notre Seigneur c\u00e9l\u00e9br\u00e9e \u00e0 No\u00ebl, ces vid\u00e9os offrent des ressources pr\u00e9cieuses et des occasions de formation \u00e0 la foi. Intitul\u00e9e <em><span style=\"color: #000000;\"><a style=\"color: #000000;\" href=\"https:\/\/www.cecc.ca\/evangelisation-catechese-et-education\/ressources-video\/cheminer-ensemble-durant-lavent\/\">Cheminer ensemble durant l&rsquo;Avent<\/a><\/span><\/em>, la s\u00e9rie est une initiative conjointe de l&rsquo;Office for Evangelization and Catechesis, de l&rsquo;Office national de liturgie et du National Liturgy Office.<\/p>\n<p>Cette ann\u00e9e, les r\u00e9flexions seront men\u00e9es par Mgr Frank Leo, archev\u00eaque m\u00e9tropolitain de Toronto, et Mgr Ren\u00e9 Guay, \u00e9v\u00eaque de Chicoutimi. Les vid\u00e9os guideront ceux et celles qui les visionneront tout au long du temps de l&rsquo;Avent en leur proposant des r\u00e9flexions, enrichies de points de vue spirituels et pastoraux, sur les lectures de l&rsquo;\u00c9vangile proclam\u00e9es au cours de chacun des quatre dimanches de l&rsquo;Avent.<\/p>\n<p>Alors que nous nous pr\u00e9parons \u00e0 la Nativit\u00e9 de Notre Seigneur, nous esp\u00e9rons que les vid\u00e9os Cheminer ensemble durant le temps de l\u2019Avent de cette ann\u00e9e seront une source de r\u00e9confort spirituel, de paix et de pr\u00e9paration significative pour tous ceux et celles qui les regarderont.<br \/>\nLes vid\u00e9os seront t\u00e9l\u00e9vers\u00e9es une \u00e0 la fois sur une base hebdomadaire tout au long de l&rsquo;Avent et seront disponibles sur le site Web de la CECC chaque lundi avant la c\u00e9l\u00e9bration eucharistique dominicale \u00e0 venir (25 novembre, 2 d\u00e9cembre, 9 d\u00e9cembre et 16 d\u00e9cembre). Il y a plusieurs fa\u00e7ons de se tenir au courant de ces mises \u00e0 jour hebdomadaires :<\/p>\n<p>\u2022 Marquez d\u2019un signet \u00e0 la page d&rsquo;accueil du site Web de la CECC <span style=\"color: #000000;\"><a style=\"color: #000000;\" href=\"https:\/\/www.cecc.ca\/\">https:\/\/www.cecc.ca\/<\/a><\/span><br \/>\n\u2022 Abonnez-vous au service de nouvelles par courriel de la CECC <span style=\"color: #000000;\"><a style=\"color: #000000;\" href=\"https:\/\/www.cecc.ca\/nouvelles\/abonnez-vous\/\">https:\/\/www.cecc.ca\/nouvelles\/abonnez-vous\/<\/a><\/span><br \/>\n\u2022 Abonnez-vous \u00e0 la cha\u00eene YouTube de la CECC CCCB_CECC &#8211; <span style=\"color: #000000;\"><a style=\"color: #000000;\" href=\"https:\/\/www.youtube.com\/CCCB_CECC\">YouTube<\/a><\/span><br \/>\n\u2022 Suivez la CECC sur Twitter <span style=\"color: #000000;\"><a style=\"color: #000000;\" href=\"https:\/\/x.com\/CECC_CCCB\">@CCCB_CECC. CECC (@CCCB_CECC) \/ X (twitter.com)<\/a><\/span><\/p>\n<p>&nbsp;<\/p>\n<p><a href=\"http:\/\/ottawacornwall.ca\/wp-content\/uploads\/2024\/11\/Cheminer-ensemble-durant-le-temps-de-lAvent.pdf\">Cheminer ensemble durant le temps de l&rsquo;Avent<\/a><\/p>\n","protected":false},"author":6,"featured_media":0,"comment_status":"closed","ping_status":"closed","template":"","news_cate":[108],"class_list":["post-25454","news","type-news","status-publish","hentry","news_cate-news-from-the-cccb"],"acf":[],"yoast_head":"<!-- This site is optimized with the Yoast SEO plugin v27.4 - https:\/\/yoast.com\/product\/yoast-seo-wordpress\/ -->\n<title>Cheminer ensemble durant l&#039;Avent 2024 - CECC - Archdiocese of Ottawa-Cornwall<\/title>\n<meta name=\"robots\" content=\"index, follow, max-snippet:-1, max-image-preview:large, max-video-preview:-1\" \/>\n<link rel=\"canonical\" href=\"https:\/\/ottawacornwall.ca\/fr\/news\/cheminer-ensemble-durant-lavent-2024-cecc\/\" \/>\n<meta property=\"og:locale\" content=\"fr_FR\" \/>\n<meta property=\"og:type\" content=\"article\" \/>\n<meta property=\"og:title\" content=\"Cheminer ensemble durant l&#039;Avent 2024 - CECC - Archdiocese of Ottawa-Cornwall\" \/>\n<meta property=\"og:description\" content=\"Cheminer ensemble durant le temps de l&rsquo;Avent &#8211; Une s\u00e9rie de vid\u00e9os pour entrer dans le temps de l\u2019Avent et m\u00e9diter 25 novembre 2024 &nbsp; Le Secr\u00e9tariat g\u00e9n\u00e9ral de la Conf\u00e9rence des \u00e9v\u00eaques catholiques du Canada (CECC) annonce aujourd&rsquo;hui la mise en ligne de la s\u00e9rie de vid\u00e9os hebdomadaires pour la p\u00e9riode de l&rsquo;Avent. Con\u00e7ues [&hellip;]\" \/>\n<meta property=\"og:url\" content=\"https:\/\/ottawacornwall.ca\/fr\/news\/cheminer-ensemble-durant-lavent-2024-cecc\/\" \/>\n<meta property=\"og:site_name\" content=\"Archdiocese of Ottawa-Cornwall\" \/>\n<meta property=\"article:modified_time\" content=\"2024-11-27T19:41:36+00:00\" \/>\n<meta name=\"twitter:card\" content=\"summary_large_image\" \/>\n<meta name=\"twitter:label1\" content=\"Dur\u00e9e de lecture estim\u00e9e\" \/>\n\t<meta name=\"twitter:data1\" content=\"2 minutes\" \/>\n<script type=\"application\/ld+json\" class=\"yoast-schema-graph\">{\"@context\":\"https:\\\/\\\/schema.org\",\"@graph\":[{\"@type\":\"WebPage\",\"@id\":\"https:\\\/\\\/ottawacornwall.ca\\\/fr\\\/news\\\/cheminer-ensemble-durant-lavent-2024-cecc\\\/\",\"url\":\"https:\\\/\\\/ottawacornwall.ca\\\/fr\\\/news\\\/cheminer-ensemble-durant-lavent-2024-cecc\\\/\",\"name\":\"Cheminer ensemble durant l'Avent 2024 - CECC - Archdiocese of Ottawa-Cornwall\",\"isPartOf\":{\"@id\":\"https:\\\/\\\/ottawacornwall.ca\\\/#website\"},\"datePublished\":\"2024-11-27T19:37:09+00:00\",\"dateModified\":\"2024-11-27T19:41:36+00:00\",\"breadcrumb\":{\"@id\":\"https:\\\/\\\/ottawacornwall.ca\\\/fr\\\/news\\\/cheminer-ensemble-durant-lavent-2024-cecc\\\/#breadcrumb\"},\"inLanguage\":\"fr-FR\",\"potentialAction\":[{\"@type\":\"ReadAction\",\"target\":[\"https:\\\/\\\/ottawacornwall.ca\\\/fr\\\/news\\\/cheminer-ensemble-durant-lavent-2024-cecc\\\/\"]}]},{\"@type\":\"BreadcrumbList\",\"@id\":\"https:\\\/\\\/ottawacornwall.ca\\\/fr\\\/news\\\/cheminer-ensemble-durant-lavent-2024-cecc\\\/#breadcrumb\",\"itemListElement\":[{\"@type\":\"ListItem\",\"position\":1,\"name\":\"Home\",\"item\":\"https:\\\/\\\/ottawacornwall.ca\\\/fr\\\/\"},{\"@type\":\"ListItem\",\"position\":2,\"name\":\"Cheminer ensemble durant l&rsquo;Avent 2024 &#8211; CECC\"}]},{\"@type\":\"WebSite\",\"@id\":\"https:\\\/\\\/ottawacornwall.ca\\\/#website\",\"url\":\"https:\\\/\\\/ottawacornwall.ca\\\/\",\"name\":\"Archdiocese of Ottawa-Cornwall\",\"description\":\"Welcome to the  Ottawa-Cornwall Archdiocese!\",\"publisher\":{\"@id\":\"https:\\\/\\\/ottawacornwall.ca\\\/#organization\"},\"potentialAction\":[{\"@type\":\"SearchAction\",\"target\":{\"@type\":\"EntryPoint\",\"urlTemplate\":\"https:\\\/\\\/ottawacornwall.ca\\\/?s={search_term_string}\"},\"query-input\":{\"@type\":\"PropertyValueSpecification\",\"valueRequired\":true,\"valueName\":\"search_term_string\"}}],\"inLanguage\":\"fr-FR\"},{\"@type\":\"Organization\",\"@id\":\"https:\\\/\\\/ottawacornwall.ca\\\/#organization\",\"name\":\"Archdiocese of Ottawa-Cornwall\",\"url\":\"https:\\\/\\\/ottawacornwall.ca\\\/\",\"logo\":{\"@type\":\"ImageObject\",\"inLanguage\":\"fr-FR\",\"@id\":\"https:\\\/\\\/ottawacornwall.ca\\\/#\\\/schema\\\/logo\\\/image\\\/\",\"url\":\"https:\\\/\\\/ottawacornwall.ca\\\/wp-content\\\/uploads\\\/2022\\\/11\\\/Archdiocese-Logo-Horizontal-Reverse-1.svg\",\"contentUrl\":\"https:\\\/\\\/ottawacornwall.ca\\\/wp-content\\\/uploads\\\/2022\\\/11\\\/Archdiocese-Logo-Horizontal-Reverse-1.svg\",\"caption\":\"Archdiocese of Ottawa-Cornwall\"},\"image\":{\"@id\":\"https:\\\/\\\/ottawacornwall.ca\\\/#\\\/schema\\\/logo\\\/image\\\/\"}}]}<\/script>\n<!-- \/ Yoast SEO plugin. -->","yoast_head_json":{"title":"Cheminer ensemble durant l'Avent 2024 - CECC - Archdiocese of Ottawa-Cornwall","robots":{"index":"index","follow":"follow","max-snippet":"max-snippet:-1","max-image-preview":"max-image-preview:large","max-video-preview":"max-video-preview:-1"},"canonical":"https:\/\/ottawacornwall.ca\/fr\/news\/cheminer-ensemble-durant-lavent-2024-cecc\/","og_locale":"fr_FR","og_type":"article","og_title":"Cheminer ensemble durant l'Avent 2024 - CECC - Archdiocese of Ottawa-Cornwall","og_description":"Cheminer ensemble durant le temps de l&rsquo;Avent &#8211; Une s\u00e9rie de vid\u00e9os pour entrer dans le temps de l\u2019Avent et m\u00e9diter 25 novembre 2024 &nbsp; Le Secr\u00e9tariat g\u00e9n\u00e9ral de la Conf\u00e9rence des \u00e9v\u00eaques catholiques du Canada (CECC) annonce aujourd&rsquo;hui la mise en ligne de la s\u00e9rie de vid\u00e9os hebdomadaires pour la p\u00e9riode de l&rsquo;Avent. Con\u00e7ues [&hellip;]","og_url":"https:\/\/ottawacornwall.ca\/fr\/news\/cheminer-ensemble-durant-lavent-2024-cecc\/","og_site_name":"Archdiocese of Ottawa-Cornwall","article_modified_time":"2024-11-27T19:41:36+00:00","twitter_card":"summary_large_image","twitter_misc":{"Dur\u00e9e de lecture estim\u00e9e":"2 minutes"},"schema":{"@context":"https:\/\/schema.org","@graph":[{"@type":"WebPage","@id":"https:\/\/ottawacornwall.ca\/fr\/news\/cheminer-ensemble-durant-lavent-2024-cecc\/","url":"https:\/\/ottawacornwall.ca\/fr\/news\/cheminer-ensemble-durant-lavent-2024-cecc\/","name":"Cheminer ensemble durant l'Avent 2024 - CECC - Archdiocese of Ottawa-Cornwall","isPartOf":{"@id":"https:\/\/ottawacornwall.ca\/#website"},"datePublished":"2024-11-27T19:37:09+00:00","dateModified":"2024-11-27T19:41:36+00:00","breadcrumb":{"@id":"https:\/\/ottawacornwall.ca\/fr\/news\/cheminer-ensemble-durant-lavent-2024-cecc\/#breadcrumb"},"inLanguage":"fr-FR","potentialAction":[{"@type":"ReadAction","target":["https:\/\/ottawacornwall.ca\/fr\/news\/cheminer-ensemble-durant-lavent-2024-cecc\/"]}]},{"@type":"BreadcrumbList","@id":"https:\/\/ottawacornwall.ca\/fr\/news\/cheminer-ensemble-durant-lavent-2024-cecc\/#breadcrumb","itemListElement":[{"@type":"ListItem","position":1,"name":"Home","item":"https:\/\/ottawacornwall.ca\/fr\/"},{"@type":"ListItem","position":2,"name":"Cheminer ensemble durant l&rsquo;Avent 2024 &#8211; CECC"}]},{"@type":"WebSite","@id":"https:\/\/ottawacornwall.ca\/#website","url":"https:\/\/ottawacornwall.ca\/","name":"Archdiocese of Ottawa-Cornwall","description":"Welcome to the  Ottawa-Cornwall Archdiocese!","publisher":{"@id":"https:\/\/ottawacornwall.ca\/#organization"},"potentialAction":[{"@type":"SearchAction","target":{"@type":"EntryPoint","urlTemplate":"https:\/\/ottawacornwall.ca\/?s={search_term_string}"},"query-input":{"@type":"PropertyValueSpecification","valueRequired":true,"valueName":"search_term_string"}}],"inLanguage":"fr-FR"},{"@type":"Organization","@id":"https:\/\/ottawacornwall.ca\/#organization","name":"Archdiocese of Ottawa-Cornwall","url":"https:\/\/ottawacornwall.ca\/","logo":{"@type":"ImageObject","inLanguage":"fr-FR","@id":"https:\/\/ottawacornwall.ca\/#\/schema\/logo\/image\/","url":"https:\/\/ottawacornwall.ca\/wp-content\/uploads\/2022\/11\/Archdiocese-Logo-Horizontal-Reverse-1.svg","contentUrl":"https:\/\/ottawacornwall.ca\/wp-content\/uploads\/2022\/11\/Archdiocese-Logo-Horizontal-Reverse-1.svg","caption":"Archdiocese of Ottawa-Cornwall"},"image":{"@id":"https:\/\/ottawacornwall.ca\/#\/schema\/logo\/image\/"}}]}},"_links":{"self":[{"href":"https:\/\/ottawacornwall.ca\/fr\/wp-json\/wp\/v2\/news\/25454","targetHints":{"allow":["GET"]}}],"collection":[{"href":"https:\/\/ottawacornwall.ca\/fr\/wp-json\/wp\/v2\/news"}],"about":[{"href":"https:\/\/ottawacornwall.ca\/fr\/wp-json\/wp\/v2\/types\/news"}],"author":[{"embeddable":true,"href":"https:\/\/ottawacornwall.ca\/fr\/wp-json\/wp\/v2\/users\/6"}],"replies":[{"embeddable":true,"href":"https:\/\/ottawacornwall.ca\/fr\/wp-json\/wp\/v2\/comments?post=25454"}],"version-history":[{"count":3,"href":"https:\/\/ottawacornwall.ca\/fr\/wp-json\/wp\/v2\/news\/25454\/revisions"}],"predecessor-version":[{"id":25464,"href":"https:\/\/ottawacornwall.ca\/fr\/wp-json\/wp\/v2\/news\/25454\/revisions\/25464"}],"wp:attachment":[{"href":"https:\/\/ottawacornwall.ca\/fr\/wp-json\/wp\/v2\/media?parent=25454"}],"wp:term":[{"taxonomy":"news_cate","embeddable":true,"href":"https:\/\/ottawacornwall.ca\/fr\/wp-json\/wp\/v2\/news_cate?post=25454"}],"curies":[{"name":"wp","href":"https:\/\/api.w.org\/{rel}","templated":true}]}}