{"id":27283,"date":"2025-02-05T13:56:39","date_gmt":"2025-02-05T18:56:39","guid":{"rendered":"https:\/\/wp268132.wpdns.ca\/?post_type=news&#038;p=27283"},"modified":"2025-02-05T13:56:43","modified_gmt":"2025-02-05T18:56:43","slug":"deces-de-sr-anna-chan-s-c","status":"publish","type":"news","link":"https:\/\/ottawacornwall.ca\/fr\/news\/deces-de-sr-anna-chan-s-c\/","title":{"rendered":"D\u00e9c\u00e8s de Sr. Anna Chan, s.c."},"content":{"rendered":"<p>Nous avons le regret de vous annoncer la triste nouvelle que S\u0153ur Anna, sup\u00e9rieure des Servantes of the Cross, est d\u00e9c\u00e9d\u00e9e hier \u00e0 la suite d\u2019un infarctus.<\/p>\n<p>Nous vous demandons de nous garder dans vos pri\u00e8res et nous vous remercions d&rsquo;avance pour votre amour et votre soutien. Nous vous prions de nous accorder le temps dont nous avons besoin pour mettre en \u0153uvre la suite des choses. Sachez que l&rsquo;on s&rsquo;occupe bien de nous et que nous n\u2019h\u00e9siterons pas \u00e0 demander de l&rsquo;aide si n\u00e9cessaire.<\/p>\n<p>Nous vous tiendrons au courant des d\u00e9tails concernant les fun\u00e9railles de S\u0153ur Anna, mais nous vous invitons \u00e0 consulter notre site Web pour obtenir les renseignements les plus r\u00e9cents.<\/p>\n<p>Avec toute notre gratitude,<\/p>\n<p>The Servants of the Cross<\/p>\n","protected":false},"author":6,"featured_media":0,"comment_status":"closed","ping_status":"closed","template":"","news_cate":[74,77],"class_list":["post-27283","news","type-news","status-publish","hentry","news_cate-current-message","news_cate-news-from-our-parishes"],"acf":[],"yoast_head":"<!-- This site is optimized with the Yoast SEO plugin v27.4 - https:\/\/yoast.com\/product\/yoast-seo-wordpress\/ -->\n<title>D\u00e9c\u00e8s de Sr. Anna Chan, s.c. - Archdiocese of Ottawa-Cornwall<\/title>\n<meta name=\"robots\" content=\"index, follow, max-snippet:-1, max-image-preview:large, max-video-preview:-1\" \/>\n<link rel=\"canonical\" href=\"https:\/\/ottawacornwall.ca\/fr\/news\/deces-de-sr-anna-chan-s-c\/\" \/>\n<meta property=\"og:locale\" content=\"fr_FR\" \/>\n<meta property=\"og:type\" content=\"article\" \/>\n<meta property=\"og:title\" content=\"D\u00e9c\u00e8s de Sr. Anna Chan, s.c. - Archdiocese of Ottawa-Cornwall\" \/>\n<meta property=\"og:description\" content=\"Nous avons le regret de vous annoncer la triste nouvelle que S\u0153ur Anna, sup\u00e9rieure des Servantes of the Cross, est d\u00e9c\u00e9d\u00e9e hier \u00e0 la suite d\u2019un infarctus. Nous vous demandons de nous garder dans vos pri\u00e8res et nous vous remercions d&rsquo;avance pour votre amour et votre soutien. Nous vous prions de nous accorder le temps [&hellip;]\" \/>\n<meta property=\"og:url\" content=\"https:\/\/ottawacornwall.ca\/fr\/news\/deces-de-sr-anna-chan-s-c\/\" \/>\n<meta property=\"og:site_name\" content=\"Archdiocese of Ottawa-Cornwall\" \/>\n<meta property=\"article:modified_time\" content=\"2025-02-05T18:56:43+00:00\" \/>\n<meta name=\"twitter:card\" content=\"summary_large_image\" \/>\n<meta name=\"twitter:label1\" content=\"Dur\u00e9e de lecture estim\u00e9e\" \/>\n\t<meta name=\"twitter:data1\" content=\"1 minute\" \/>\n<script type=\"application\/ld+json\" class=\"yoast-schema-graph\">{\"@context\":\"https:\\\/\\\/schema.org\",\"@graph\":[{\"@type\":\"WebPage\",\"@id\":\"https:\\\/\\\/ottawacornwall.ca\\\/fr\\\/news\\\/deces-de-sr-anna-chan-s-c\\\/\",\"url\":\"https:\\\/\\\/ottawacornwall.ca\\\/fr\\\/news\\\/deces-de-sr-anna-chan-s-c\\\/\",\"name\":\"D\u00e9c\u00e8s de Sr. Anna Chan, s.c. - Archdiocese of Ottawa-Cornwall\",\"isPartOf\":{\"@id\":\"https:\\\/\\\/ottawacornwall.ca\\\/#website\"},\"datePublished\":\"2025-02-05T18:56:39+00:00\",\"dateModified\":\"2025-02-05T18:56:43+00:00\",\"breadcrumb\":{\"@id\":\"https:\\\/\\\/ottawacornwall.ca\\\/fr\\\/news\\\/deces-de-sr-anna-chan-s-c\\\/#breadcrumb\"},\"inLanguage\":\"fr-FR\",\"potentialAction\":[{\"@type\":\"ReadAction\",\"target\":[\"https:\\\/\\\/ottawacornwall.ca\\\/fr\\\/news\\\/deces-de-sr-anna-chan-s-c\\\/\"]}]},{\"@type\":\"BreadcrumbList\",\"@id\":\"https:\\\/\\\/ottawacornwall.ca\\\/fr\\\/news\\\/deces-de-sr-anna-chan-s-c\\\/#breadcrumb\",\"itemListElement\":[{\"@type\":\"ListItem\",\"position\":1,\"name\":\"Home\",\"item\":\"https:\\\/\\\/ottawacornwall.ca\\\/fr\\\/\"},{\"@type\":\"ListItem\",\"position\":2,\"name\":\"D\u00e9c\u00e8s de Sr. Anna Chan, s.c.\"}]},{\"@type\":\"WebSite\",\"@id\":\"https:\\\/\\\/ottawacornwall.ca\\\/#website\",\"url\":\"https:\\\/\\\/ottawacornwall.ca\\\/\",\"name\":\"Archdiocese of Ottawa-Cornwall\",\"description\":\"Welcome to the  Ottawa-Cornwall Archdiocese!\",\"publisher\":{\"@id\":\"https:\\\/\\\/ottawacornwall.ca\\\/#organization\"},\"potentialAction\":[{\"@type\":\"SearchAction\",\"target\":{\"@type\":\"EntryPoint\",\"urlTemplate\":\"https:\\\/\\\/ottawacornwall.ca\\\/?s={search_term_string}\"},\"query-input\":{\"@type\":\"PropertyValueSpecification\",\"valueRequired\":true,\"valueName\":\"search_term_string\"}}],\"inLanguage\":\"fr-FR\"},{\"@type\":\"Organization\",\"@id\":\"https:\\\/\\\/ottawacornwall.ca\\\/#organization\",\"name\":\"Archdiocese of Ottawa-Cornwall\",\"url\":\"https:\\\/\\\/ottawacornwall.ca\\\/\",\"logo\":{\"@type\":\"ImageObject\",\"inLanguage\":\"fr-FR\",\"@id\":\"https:\\\/\\\/ottawacornwall.ca\\\/#\\\/schema\\\/logo\\\/image\\\/\",\"url\":\"https:\\\/\\\/ottawacornwall.ca\\\/wp-content\\\/uploads\\\/2022\\\/11\\\/Archdiocese-Logo-Horizontal-Reverse-1.svg\",\"contentUrl\":\"https:\\\/\\\/ottawacornwall.ca\\\/wp-content\\\/uploads\\\/2022\\\/11\\\/Archdiocese-Logo-Horizontal-Reverse-1.svg\",\"caption\":\"Archdiocese of Ottawa-Cornwall\"},\"image\":{\"@id\":\"https:\\\/\\\/ottawacornwall.ca\\\/#\\\/schema\\\/logo\\\/image\\\/\"}}]}<\/script>\n<!-- \/ Yoast SEO plugin. -->","yoast_head_json":{"title":"D\u00e9c\u00e8s de Sr. Anna Chan, s.c. - Archdiocese of Ottawa-Cornwall","robots":{"index":"index","follow":"follow","max-snippet":"max-snippet:-1","max-image-preview":"max-image-preview:large","max-video-preview":"max-video-preview:-1"},"canonical":"https:\/\/ottawacornwall.ca\/fr\/news\/deces-de-sr-anna-chan-s-c\/","og_locale":"fr_FR","og_type":"article","og_title":"D\u00e9c\u00e8s de Sr. Anna Chan, s.c. - Archdiocese of Ottawa-Cornwall","og_description":"Nous avons le regret de vous annoncer la triste nouvelle que S\u0153ur Anna, sup\u00e9rieure des Servantes of the Cross, est d\u00e9c\u00e9d\u00e9e hier \u00e0 la suite d\u2019un infarctus. Nous vous demandons de nous garder dans vos pri\u00e8res et nous vous remercions d&rsquo;avance pour votre amour et votre soutien. Nous vous prions de nous accorder le temps [&hellip;]","og_url":"https:\/\/ottawacornwall.ca\/fr\/news\/deces-de-sr-anna-chan-s-c\/","og_site_name":"Archdiocese of Ottawa-Cornwall","article_modified_time":"2025-02-05T18:56:43+00:00","twitter_card":"summary_large_image","twitter_misc":{"Dur\u00e9e de lecture estim\u00e9e":"1 minute"},"schema":{"@context":"https:\/\/schema.org","@graph":[{"@type":"WebPage","@id":"https:\/\/ottawacornwall.ca\/fr\/news\/deces-de-sr-anna-chan-s-c\/","url":"https:\/\/ottawacornwall.ca\/fr\/news\/deces-de-sr-anna-chan-s-c\/","name":"D\u00e9c\u00e8s de Sr. Anna Chan, s.c. - Archdiocese of Ottawa-Cornwall","isPartOf":{"@id":"https:\/\/ottawacornwall.ca\/#website"},"datePublished":"2025-02-05T18:56:39+00:00","dateModified":"2025-02-05T18:56:43+00:00","breadcrumb":{"@id":"https:\/\/ottawacornwall.ca\/fr\/news\/deces-de-sr-anna-chan-s-c\/#breadcrumb"},"inLanguage":"fr-FR","potentialAction":[{"@type":"ReadAction","target":["https:\/\/ottawacornwall.ca\/fr\/news\/deces-de-sr-anna-chan-s-c\/"]}]},{"@type":"BreadcrumbList","@id":"https:\/\/ottawacornwall.ca\/fr\/news\/deces-de-sr-anna-chan-s-c\/#breadcrumb","itemListElement":[{"@type":"ListItem","position":1,"name":"Home","item":"https:\/\/ottawacornwall.ca\/fr\/"},{"@type":"ListItem","position":2,"name":"D\u00e9c\u00e8s de Sr. Anna Chan, s.c."}]},{"@type":"WebSite","@id":"https:\/\/ottawacornwall.ca\/#website","url":"https:\/\/ottawacornwall.ca\/","name":"Archdiocese of Ottawa-Cornwall","description":"Welcome to the  Ottawa-Cornwall Archdiocese!","publisher":{"@id":"https:\/\/ottawacornwall.ca\/#organization"},"potentialAction":[{"@type":"SearchAction","target":{"@type":"EntryPoint","urlTemplate":"https:\/\/ottawacornwall.ca\/?s={search_term_string}"},"query-input":{"@type":"PropertyValueSpecification","valueRequired":true,"valueName":"search_term_string"}}],"inLanguage":"fr-FR"},{"@type":"Organization","@id":"https:\/\/ottawacornwall.ca\/#organization","name":"Archdiocese of Ottawa-Cornwall","url":"https:\/\/ottawacornwall.ca\/","logo":{"@type":"ImageObject","inLanguage":"fr-FR","@id":"https:\/\/ottawacornwall.ca\/#\/schema\/logo\/image\/","url":"https:\/\/ottawacornwall.ca\/wp-content\/uploads\/2022\/11\/Archdiocese-Logo-Horizontal-Reverse-1.svg","contentUrl":"https:\/\/ottawacornwall.ca\/wp-content\/uploads\/2022\/11\/Archdiocese-Logo-Horizontal-Reverse-1.svg","caption":"Archdiocese of Ottawa-Cornwall"},"image":{"@id":"https:\/\/ottawacornwall.ca\/#\/schema\/logo\/image\/"}}]}},"_links":{"self":[{"href":"https:\/\/ottawacornwall.ca\/fr\/wp-json\/wp\/v2\/news\/27283","targetHints":{"allow":["GET"]}}],"collection":[{"href":"https:\/\/ottawacornwall.ca\/fr\/wp-json\/wp\/v2\/news"}],"about":[{"href":"https:\/\/ottawacornwall.ca\/fr\/wp-json\/wp\/v2\/types\/news"}],"author":[{"embeddable":true,"href":"https:\/\/ottawacornwall.ca\/fr\/wp-json\/wp\/v2\/users\/6"}],"replies":[{"embeddable":true,"href":"https:\/\/ottawacornwall.ca\/fr\/wp-json\/wp\/v2\/comments?post=27283"}],"version-history":[{"count":1,"href":"https:\/\/ottawacornwall.ca\/fr\/wp-json\/wp\/v2\/news\/27283\/revisions"}],"predecessor-version":[{"id":27284,"href":"https:\/\/ottawacornwall.ca\/fr\/wp-json\/wp\/v2\/news\/27283\/revisions\/27284"}],"wp:attachment":[{"href":"https:\/\/ottawacornwall.ca\/fr\/wp-json\/wp\/v2\/media?parent=27283"}],"wp:term":[{"taxonomy":"news_cate","embeddable":true,"href":"https:\/\/ottawacornwall.ca\/fr\/wp-json\/wp\/v2\/news_cate?post=27283"}],"curies":[{"name":"wp","href":"https:\/\/api.w.org\/{rel}","templated":true}]}}