{"id":31235,"date":"2025-05-20T09:38:47","date_gmt":"2025-05-20T13:38:47","guid":{"rendered":"https:\/\/wp268132.wpdns.ca\/?post_type=news&#038;p=31235"},"modified":"2025-05-20T09:48:43","modified_gmt":"2025-05-20T13:48:43","slug":"lancement-du-site-vivre-sa-foi-une-nouvelle-ressource-spirituelle","status":"publish","type":"news","link":"https:\/\/ottawacornwall.ca\/fr\/news\/lancement-du-site-vivre-sa-foi-une-nouvelle-ressource-spirituelle\/","title":{"rendered":"Lancement du site Vivre sa foi : une nouvelle ressource spirituelle"},"content":{"rendered":"\t\t<div data-elementor-type=\"wp-post\" data-elementor-id=\"31235\" class=\"elementor elementor-31235\" data-elementor-post-type=\"news\">\n\t\t\t\t<div class=\"elementor-element elementor-element-c64b4d0 e-flex e-con-boxed e-con e-parent\" data-id=\"c64b4d0\" data-element_type=\"container\">\n\t\t\t\t\t<div class=\"e-con-inner\">\n\t\t\t\t<div class=\"elementor-element elementor-element-8b2c453 elementor-widget elementor-widget-heading\" data-id=\"8b2c453\" data-element_type=\"widget\" data-widget_type=\"heading.default\">\n\t\t\t\t<div class=\"elementor-widget-container\">\n\t\t\t\t\t<h3 class=\"elementor-heading-title elementor-size-default\">L\u2019Office de cat\u00e9ch\u00e8se du Qu\u00e9bec (OCQ) annonce le lancement, \u00e0 l\u2019automne 2025, d\u2019un nouveau site web grand public intitul\u00e9: Vivre sa foi.<\/h3>\t\t\t\t<\/div>\n\t\t\t\t<\/div>\n\t\t\t\t\t<\/div>\n\t\t\t\t<\/div>\n\t\t<div class=\"elementor-element elementor-element-3bb97ce e-flex e-con-boxed e-con e-parent\" data-id=\"3bb97ce\" data-element_type=\"container\">\n\t\t\t\t\t<div class=\"e-con-inner\">\n\t\t\t\t<div class=\"elementor-element elementor-element-1eb1ed3 elementor-widget elementor-widget-text-editor\" data-id=\"1eb1ed3\" data-element_type=\"widget\" data-widget_type=\"text-editor.default\">\n\t\t\t\t<div class=\"elementor-widget-container\">\n\t\t\t\t\t\t\t\t\t<p>Destin\u00e9 aux adultes et aux familles en qu\u00eate de ressources spirituelles, ce site a \u00e9t\u00e9 con\u00e7u \u00e0 partir de consultations r\u00e9alis\u00e9es depuis janvier 2024 (focus group et sondage). Il s\u2019inscrit dans la mission de l\u2019OCQ de transmettre la foi chr\u00e9tienne et proposera des contenus organis\u00e9s autour de quatre verbes cl\u00e9s : <strong>prier, se ressourcer, explorer, s\u2019engager<\/strong>. Ces ressources, m\u00ealant contenus existants et nouveaut\u00e9s, viseront \u00e0 accompagner chacun dans son cheminement spirituel.<\/p><p>Bien que le site cible le grand public, il constitue aussi un outil pr\u00e9cieux pour les acteurs de la cat\u00e9ch\u00e8se. Le site actuel de l\u2019OCQ restera quant \u00e0 lui disponible pour les besoins professionnels.<\/p><p>Pour suivre l\u2019\u00e9volution du projet et \u00eatre inform\u00e9 de son lancement, l\u2019OCQ vous invite \u00e0 vous abonner \u00e0 l\u2019infolettre <strong><em><a href=\"https:\/\/vivresafoi.org\/infolettre\/index.html\">Vivre sa foi<\/a><\/em>.<\/strong><\/p>\t\t\t\t\t\t\t\t<\/div>\n\t\t\t\t<\/div>\n\t\t\t\t\t<\/div>\n\t\t\t\t<\/div>\n\t\t<div class=\"elementor-element elementor-element-ef8c14e e-flex e-con-boxed e-con e-parent\" data-id=\"ef8c14e\" data-element_type=\"container\">\n\t\t\t\t\t<div class=\"e-con-inner\">\n\t\t\t\t<div class=\"elementor-element elementor-element-167e0a6 elementor-widget elementor-widget-image\" data-id=\"167e0a6\" data-element_type=\"widget\" data-widget_type=\"image.default\">\n\t\t\t\t<div class=\"elementor-widget-container\">\n\t\t\t\t\t\t\t\t\t\t\t\t\t\t\t<img fetchpriority=\"high\" decoding=\"async\" width=\"793\" height=\"1024\" src=\"https:\/\/ottawacornwall.ca\/wp-content\/uploads\/2025\/05\/ocq-793x1024.png\" class=\"attachment-large size-large wp-image-31243\" alt=\"\" srcset=\"https:\/\/ottawacornwall.ca\/wp-content\/uploads\/2025\/05\/ocq-793x1024.png 793w, https:\/\/ottawacornwall.ca\/wp-content\/uploads\/2025\/05\/ocq-232x300.png 232w, https:\/\/ottawacornwall.ca\/wp-content\/uploads\/2025\/05\/ocq-768x992.png 768w, https:\/\/ottawacornwall.ca\/wp-content\/uploads\/2025\/05\/ocq-21x27.png 21w, https:\/\/ottawacornwall.ca\/wp-content\/uploads\/2025\/05\/ocq.png 814w\" sizes=\"(max-width: 793px) 100vw, 793px\" \/>\t\t\t\t\t\t\t\t\t\t\t\t\t\t\t<\/div>\n\t\t\t\t<\/div>\n\t\t\t\t\t<\/div>\n\t\t\t\t<\/div>\n\t\t\t\t<\/div>\n\t\t","protected":false},"author":24,"featured_media":0,"comment_status":"closed","ping_status":"closed","template":"","news_cate":[],"class_list":["post-31235","news","type-news","status-publish","hentry"],"acf":[],"yoast_head":"<!-- This site is optimized with the Yoast SEO plugin v27.4 - https:\/\/yoast.com\/product\/yoast-seo-wordpress\/ -->\n<title>Lancement du site Vivre sa foi : une nouvelle ressource spirituelle - Archdiocese of Ottawa-Cornwall<\/title>\n<meta name=\"robots\" content=\"index, follow, max-snippet:-1, max-image-preview:large, max-video-preview:-1\" \/>\n<link rel=\"canonical\" href=\"https:\/\/ottawacornwall.ca\/fr\/news\/lancement-du-site-vivre-sa-foi-une-nouvelle-ressource-spirituelle\/\" \/>\n<meta property=\"og:locale\" content=\"fr_FR\" \/>\n<meta property=\"og:type\" content=\"article\" \/>\n<meta property=\"og:title\" content=\"Lancement du site Vivre sa foi : une nouvelle ressource spirituelle - Archdiocese of Ottawa-Cornwall\" \/>\n<meta property=\"og:description\" content=\"L\u2019Office de cat\u00e9ch\u00e8se du Qu\u00e9bec (OCQ) annonce le lancement, \u00e0 l\u2019automne 2025, d\u2019un nouveau site web grand public intitul\u00e9: Vivre sa foi. Destin\u00e9 aux adultes et aux familles en qu\u00eate de ressources spirituelles, ce site a \u00e9t\u00e9 con\u00e7u \u00e0 partir de consultations r\u00e9alis\u00e9es depuis janvier 2024 (focus group et sondage). Il s\u2019inscrit dans la mission [&hellip;]\" \/>\n<meta property=\"og:url\" content=\"https:\/\/ottawacornwall.ca\/fr\/news\/lancement-du-site-vivre-sa-foi-une-nouvelle-ressource-spirituelle\/\" \/>\n<meta property=\"og:site_name\" content=\"Archdiocese of Ottawa-Cornwall\" \/>\n<meta property=\"article:modified_time\" content=\"2025-05-20T13:48:43+00:00\" \/>\n<meta property=\"og:image\" content=\"http:\/\/ottawacornwall.ca\/wp-content\/uploads\/2025\/05\/ocq-793x1024.png\" \/>\n<meta name=\"twitter:card\" content=\"summary_large_image\" \/>\n<meta name=\"twitter:label1\" content=\"Dur\u00e9e de lecture estim\u00e9e\" \/>\n\t<meta name=\"twitter:data1\" content=\"1 minute\" \/>\n<script type=\"application\/ld+json\" class=\"yoast-schema-graph\">{\"@context\":\"https:\\\/\\\/schema.org\",\"@graph\":[{\"@type\":\"WebPage\",\"@id\":\"https:\\\/\\\/ottawacornwall.ca\\\/fr\\\/news\\\/lancement-du-site-vivre-sa-foi-une-nouvelle-ressource-spirituelle\\\/\",\"url\":\"https:\\\/\\\/ottawacornwall.ca\\\/fr\\\/news\\\/lancement-du-site-vivre-sa-foi-une-nouvelle-ressource-spirituelle\\\/\",\"name\":\"Lancement du site Vivre sa foi : une nouvelle ressource spirituelle - Archdiocese of Ottawa-Cornwall\",\"isPartOf\":{\"@id\":\"https:\\\/\\\/ottawacornwall.ca\\\/#website\"},\"primaryImageOfPage\":{\"@id\":\"https:\\\/\\\/ottawacornwall.ca\\\/fr\\\/news\\\/lancement-du-site-vivre-sa-foi-une-nouvelle-ressource-spirituelle\\\/#primaryimage\"},\"image\":{\"@id\":\"https:\\\/\\\/ottawacornwall.ca\\\/fr\\\/news\\\/lancement-du-site-vivre-sa-foi-une-nouvelle-ressource-spirituelle\\\/#primaryimage\"},\"thumbnailUrl\":\"http:\\\/\\\/ottawacornwall.ca\\\/wp-content\\\/uploads\\\/2025\\\/05\\\/ocq-793x1024.png\",\"datePublished\":\"2025-05-20T13:38:47+00:00\",\"dateModified\":\"2025-05-20T13:48:43+00:00\",\"breadcrumb\":{\"@id\":\"https:\\\/\\\/ottawacornwall.ca\\\/fr\\\/news\\\/lancement-du-site-vivre-sa-foi-une-nouvelle-ressource-spirituelle\\\/#breadcrumb\"},\"inLanguage\":\"fr-FR\",\"potentialAction\":[{\"@type\":\"ReadAction\",\"target\":[\"https:\\\/\\\/ottawacornwall.ca\\\/fr\\\/news\\\/lancement-du-site-vivre-sa-foi-une-nouvelle-ressource-spirituelle\\\/\"]}]},{\"@type\":\"ImageObject\",\"inLanguage\":\"fr-FR\",\"@id\":\"https:\\\/\\\/ottawacornwall.ca\\\/fr\\\/news\\\/lancement-du-site-vivre-sa-foi-une-nouvelle-ressource-spirituelle\\\/#primaryimage\",\"url\":\"http:\\\/\\\/ottawacornwall.ca\\\/wp-content\\\/uploads\\\/2025\\\/05\\\/ocq-793x1024.png\",\"contentUrl\":\"http:\\\/\\\/ottawacornwall.ca\\\/wp-content\\\/uploads\\\/2025\\\/05\\\/ocq-793x1024.png\"},{\"@type\":\"BreadcrumbList\",\"@id\":\"https:\\\/\\\/ottawacornwall.ca\\\/fr\\\/news\\\/lancement-du-site-vivre-sa-foi-une-nouvelle-ressource-spirituelle\\\/#breadcrumb\",\"itemListElement\":[{\"@type\":\"ListItem\",\"position\":1,\"name\":\"Home\",\"item\":\"https:\\\/\\\/ottawacornwall.ca\\\/fr\\\/\"},{\"@type\":\"ListItem\",\"position\":2,\"name\":\"Lancement du site Vivre sa foi : une nouvelle ressource spirituelle\"}]},{\"@type\":\"WebSite\",\"@id\":\"https:\\\/\\\/ottawacornwall.ca\\\/#website\",\"url\":\"https:\\\/\\\/ottawacornwall.ca\\\/\",\"name\":\"Archdiocese of Ottawa-Cornwall\",\"description\":\"Welcome to the  Ottawa-Cornwall Archdiocese!\",\"publisher\":{\"@id\":\"https:\\\/\\\/ottawacornwall.ca\\\/#organization\"},\"potentialAction\":[{\"@type\":\"SearchAction\",\"target\":{\"@type\":\"EntryPoint\",\"urlTemplate\":\"https:\\\/\\\/ottawacornwall.ca\\\/?s={search_term_string}\"},\"query-input\":{\"@type\":\"PropertyValueSpecification\",\"valueRequired\":true,\"valueName\":\"search_term_string\"}}],\"inLanguage\":\"fr-FR\"},{\"@type\":\"Organization\",\"@id\":\"https:\\\/\\\/ottawacornwall.ca\\\/#organization\",\"name\":\"Archdiocese of Ottawa-Cornwall\",\"url\":\"https:\\\/\\\/ottawacornwall.ca\\\/\",\"logo\":{\"@type\":\"ImageObject\",\"inLanguage\":\"fr-FR\",\"@id\":\"https:\\\/\\\/ottawacornwall.ca\\\/#\\\/schema\\\/logo\\\/image\\\/\",\"url\":\"https:\\\/\\\/ottawacornwall.ca\\\/wp-content\\\/uploads\\\/2022\\\/11\\\/Archdiocese-Logo-Horizontal-Reverse-1.svg\",\"contentUrl\":\"https:\\\/\\\/ottawacornwall.ca\\\/wp-content\\\/uploads\\\/2022\\\/11\\\/Archdiocese-Logo-Horizontal-Reverse-1.svg\",\"caption\":\"Archdiocese of Ottawa-Cornwall\"},\"image\":{\"@id\":\"https:\\\/\\\/ottawacornwall.ca\\\/#\\\/schema\\\/logo\\\/image\\\/\"}}]}<\/script>\n<!-- \/ Yoast SEO plugin. -->","yoast_head_json":{"title":"Lancement du site Vivre sa foi : une nouvelle ressource spirituelle - Archdiocese of Ottawa-Cornwall","robots":{"index":"index","follow":"follow","max-snippet":"max-snippet:-1","max-image-preview":"max-image-preview:large","max-video-preview":"max-video-preview:-1"},"canonical":"https:\/\/ottawacornwall.ca\/fr\/news\/lancement-du-site-vivre-sa-foi-une-nouvelle-ressource-spirituelle\/","og_locale":"fr_FR","og_type":"article","og_title":"Lancement du site Vivre sa foi : une nouvelle ressource spirituelle - Archdiocese of Ottawa-Cornwall","og_description":"L\u2019Office de cat\u00e9ch\u00e8se du Qu\u00e9bec (OCQ) annonce le lancement, \u00e0 l\u2019automne 2025, d\u2019un nouveau site web grand public intitul\u00e9: Vivre sa foi. Destin\u00e9 aux adultes et aux familles en qu\u00eate de ressources spirituelles, ce site a \u00e9t\u00e9 con\u00e7u \u00e0 partir de consultations r\u00e9alis\u00e9es depuis janvier 2024 (focus group et sondage). Il s\u2019inscrit dans la mission [&hellip;]","og_url":"https:\/\/ottawacornwall.ca\/fr\/news\/lancement-du-site-vivre-sa-foi-une-nouvelle-ressource-spirituelle\/","og_site_name":"Archdiocese of Ottawa-Cornwall","article_modified_time":"2025-05-20T13:48:43+00:00","og_image":[{"url":"http:\/\/ottawacornwall.ca\/wp-content\/uploads\/2025\/05\/ocq-793x1024.png","type":"","width":"","height":""}],"twitter_card":"summary_large_image","twitter_misc":{"Dur\u00e9e de lecture estim\u00e9e":"1 minute"},"schema":{"@context":"https:\/\/schema.org","@graph":[{"@type":"WebPage","@id":"https:\/\/ottawacornwall.ca\/fr\/news\/lancement-du-site-vivre-sa-foi-une-nouvelle-ressource-spirituelle\/","url":"https:\/\/ottawacornwall.ca\/fr\/news\/lancement-du-site-vivre-sa-foi-une-nouvelle-ressource-spirituelle\/","name":"Lancement du site Vivre sa foi : une nouvelle ressource spirituelle - Archdiocese of Ottawa-Cornwall","isPartOf":{"@id":"https:\/\/ottawacornwall.ca\/#website"},"primaryImageOfPage":{"@id":"https:\/\/ottawacornwall.ca\/fr\/news\/lancement-du-site-vivre-sa-foi-une-nouvelle-ressource-spirituelle\/#primaryimage"},"image":{"@id":"https:\/\/ottawacornwall.ca\/fr\/news\/lancement-du-site-vivre-sa-foi-une-nouvelle-ressource-spirituelle\/#primaryimage"},"thumbnailUrl":"http:\/\/ottawacornwall.ca\/wp-content\/uploads\/2025\/05\/ocq-793x1024.png","datePublished":"2025-05-20T13:38:47+00:00","dateModified":"2025-05-20T13:48:43+00:00","breadcrumb":{"@id":"https:\/\/ottawacornwall.ca\/fr\/news\/lancement-du-site-vivre-sa-foi-une-nouvelle-ressource-spirituelle\/#breadcrumb"},"inLanguage":"fr-FR","potentialAction":[{"@type":"ReadAction","target":["https:\/\/ottawacornwall.ca\/fr\/news\/lancement-du-site-vivre-sa-foi-une-nouvelle-ressource-spirituelle\/"]}]},{"@type":"ImageObject","inLanguage":"fr-FR","@id":"https:\/\/ottawacornwall.ca\/fr\/news\/lancement-du-site-vivre-sa-foi-une-nouvelle-ressource-spirituelle\/#primaryimage","url":"http:\/\/ottawacornwall.ca\/wp-content\/uploads\/2025\/05\/ocq-793x1024.png","contentUrl":"http:\/\/ottawacornwall.ca\/wp-content\/uploads\/2025\/05\/ocq-793x1024.png"},{"@type":"BreadcrumbList","@id":"https:\/\/ottawacornwall.ca\/fr\/news\/lancement-du-site-vivre-sa-foi-une-nouvelle-ressource-spirituelle\/#breadcrumb","itemListElement":[{"@type":"ListItem","position":1,"name":"Home","item":"https:\/\/ottawacornwall.ca\/fr\/"},{"@type":"ListItem","position":2,"name":"Lancement du site Vivre sa foi : une nouvelle ressource spirituelle"}]},{"@type":"WebSite","@id":"https:\/\/ottawacornwall.ca\/#website","url":"https:\/\/ottawacornwall.ca\/","name":"Archdiocese of Ottawa-Cornwall","description":"Welcome to the  Ottawa-Cornwall Archdiocese!","publisher":{"@id":"https:\/\/ottawacornwall.ca\/#organization"},"potentialAction":[{"@type":"SearchAction","target":{"@type":"EntryPoint","urlTemplate":"https:\/\/ottawacornwall.ca\/?s={search_term_string}"},"query-input":{"@type":"PropertyValueSpecification","valueRequired":true,"valueName":"search_term_string"}}],"inLanguage":"fr-FR"},{"@type":"Organization","@id":"https:\/\/ottawacornwall.ca\/#organization","name":"Archdiocese of Ottawa-Cornwall","url":"https:\/\/ottawacornwall.ca\/","logo":{"@type":"ImageObject","inLanguage":"fr-FR","@id":"https:\/\/ottawacornwall.ca\/#\/schema\/logo\/image\/","url":"https:\/\/ottawacornwall.ca\/wp-content\/uploads\/2022\/11\/Archdiocese-Logo-Horizontal-Reverse-1.svg","contentUrl":"https:\/\/ottawacornwall.ca\/wp-content\/uploads\/2022\/11\/Archdiocese-Logo-Horizontal-Reverse-1.svg","caption":"Archdiocese of Ottawa-Cornwall"},"image":{"@id":"https:\/\/ottawacornwall.ca\/#\/schema\/logo\/image\/"}}]}},"_links":{"self":[{"href":"https:\/\/ottawacornwall.ca\/fr\/wp-json\/wp\/v2\/news\/31235","targetHints":{"allow":["GET"]}}],"collection":[{"href":"https:\/\/ottawacornwall.ca\/fr\/wp-json\/wp\/v2\/news"}],"about":[{"href":"https:\/\/ottawacornwall.ca\/fr\/wp-json\/wp\/v2\/types\/news"}],"author":[{"embeddable":true,"href":"https:\/\/ottawacornwall.ca\/fr\/wp-json\/wp\/v2\/users\/24"}],"replies":[{"embeddable":true,"href":"https:\/\/ottawacornwall.ca\/fr\/wp-json\/wp\/v2\/comments?post=31235"}],"version-history":[{"count":18,"href":"https:\/\/ottawacornwall.ca\/fr\/wp-json\/wp\/v2\/news\/31235\/revisions"}],"predecessor-version":[{"id":31446,"href":"https:\/\/ottawacornwall.ca\/fr\/wp-json\/wp\/v2\/news\/31235\/revisions\/31446"}],"wp:attachment":[{"href":"https:\/\/ottawacornwall.ca\/fr\/wp-json\/wp\/v2\/media?parent=31235"}],"wp:term":[{"taxonomy":"news_cate","embeddable":true,"href":"https:\/\/ottawacornwall.ca\/fr\/wp-json\/wp\/v2\/news_cate?post=31235"}],"curies":[{"name":"wp","href":"https:\/\/api.w.org\/{rel}","templated":true}]}}