{"id":31445,"date":"2025-05-21T14:49:56","date_gmt":"2025-05-21T18:49:56","guid":{"rendered":"https:\/\/wp268132.wpdns.ca\/?post_type=news&#038;p=31445"},"modified":"2025-05-21T15:27:26","modified_gmt":"2025-05-21T19:27:26","slug":"voyage-spirituel-le-ministere-capsule30-la-parole-et-les-communautes-autochtones-batissent-leglise-de-demain","status":"publish","type":"news","link":"https:\/\/ottawacornwall.ca\/fr\/news\/voyage-spirituel-le-ministere-capsule30-la-parole-et-les-communautes-autochtones-batissent-leglise-de-demain\/","title":{"rendered":"Voyage spirituel : Le minist\u00e8re Capsule30 La Parole et les communaut\u00e9s autochtones b\u00e2tissent l&rsquo;\u00c9glise de demain."},"content":{"rendered":"\t\t<div data-elementor-type=\"wp-post\" data-elementor-id=\"31445\" class=\"elementor elementor-31445\" data-elementor-post-type=\"news\">\n\t\t\t\t<div class=\"elementor-element elementor-element-6f7dc35 e-flex e-con-boxed e-con e-parent\" data-id=\"6f7dc35\" data-element_type=\"container\">\n\t\t\t\t\t<div class=\"e-con-inner\">\n\t\t\t\t<div class=\"elementor-element elementor-element-4c90e47 elementor-widget elementor-widget-text-editor\" data-id=\"4c90e47\" data-element_type=\"widget\" data-widget_type=\"text-editor.default\">\n\t\t\t\t<div class=\"elementor-widget-container\">\n\t\t\t\t\t\t\t\t\t<p>Depuis plusieurs ann\u00e9es, l&rsquo;abb\u00e9 Fran\u00e7ois Kibwenge parcourt jusqu&rsquo;\u00e0 11 heures de route pour visiter les communaut\u00e9s autochtones des Premi\u00e8res Nations. Aujourd&rsquo;hui, ce sont ces communaut\u00e9s qui entreprennent le voyage pour le rejoindre \u00e0 Capsule 30, un minist\u00e8re d\u00e9di\u00e9 \u00e0 l&rsquo;affirmation de leur foi et \u00e0 l&rsquo;approfondissement de leur relation avec J\u00e9sus-Christ.<\/p><p>Ces rencontres intercommunautaires, r\u00e9unissant des personnes de diverses origines \u2014 autochtones, blanches, africaines, ha\u00eftiennes et carib\u00e9ennes \u2014 incarnent l&rsquo;\u00c9glise des Actes des Ap\u00f4tres : unie par le m\u00eame Esprit, diverse dans ses cultures et profonde dans sa foi.<\/p><p>L&rsquo;abb\u00e9 Fran\u00e7ois s&rsquo;inspire \u00e9galement de la<strong> vision de notre archev\u00eaque Marcel Damphousse,<\/strong> <strong>articul\u00e9e autour de trois axes :<\/strong>\u00a0<strong>AVANCER VERS LES AUTRES, AVANCER EN PROFONDEUR et AVANCER ENSEMBLE.<\/strong> Cette d\u00e9marche se concr\u00e9tise par une rencontre mutuelle, un approfondissement spirituel commun et une unit\u00e9 grandissante entre les communaut\u00e9s.<\/p><p>Ecoutez ces t\u00e9moignages authentiques et d\u00e9couvrez comment ce minist\u00e8re transforme des vies, favorise l&rsquo;int\u00e9gration et nourrit l&rsquo;esp\u00e9rance dans l&rsquo;\u00c9glise de demain!<\/p>\t\t\t\t\t\t\t\t<\/div>\n\t\t\t\t<\/div>\n\t\t\t\t\t<\/div>\n\t\t\t\t<\/div>\n\t\t<div class=\"elementor-element elementor-element-f7114be e-flex e-con-boxed e-con e-parent\" data-id=\"f7114be\" data-element_type=\"container\">\n\t\t\t\t\t<div class=\"e-con-inner\">\n\t\t\t\t<div class=\"elementor-element elementor-element-6fa924f elementor-widget elementor-widget-video\" data-id=\"6fa924f\" data-element_type=\"widget\" data-settings=\"{&quot;youtube_url&quot;:&quot;https:\\\/\\\/youtu.be\\\/bM58yeDoOZ8&quot;,&quot;video_type&quot;:&quot;youtube&quot;,&quot;controls&quot;:&quot;yes&quot;}\" data-widget_type=\"video.default\">\n\t\t\t\t<div class=\"elementor-widget-container\">\n\t\t\t\t\t\t\t<div class=\"elementor-wrapper elementor-open-inline\">\n\t\t\t<div class=\"elementor-video\"><\/div>\t\t<\/div>\n\t\t\t\t\t\t<\/div>\n\t\t\t\t<\/div>\n\t\t\t\t\t<\/div>\n\t\t\t\t<\/div>\n\t\t\t\t<\/div>\n\t\t","protected":false},"author":24,"featured_media":0,"comment_status":"closed","ping_status":"closed","template":"","news_cate":[],"class_list":["post-31445","news","type-news","status-publish","hentry"],"acf":[],"yoast_head":"<!-- This site is optimized with the Yoast SEO plugin v27.4 - https:\/\/yoast.com\/product\/yoast-seo-wordpress\/ -->\n<title>Voyage spirituel : Le minist\u00e8re Capsule30 La Parole et les communaut\u00e9s autochtones b\u00e2tissent l&#039;\u00c9glise de demain. - Archdiocese of Ottawa-Cornwall<\/title>\n<meta name=\"robots\" content=\"index, follow, max-snippet:-1, max-image-preview:large, max-video-preview:-1\" \/>\n<link rel=\"canonical\" href=\"https:\/\/ottawacornwall.ca\/fr\/news\/voyage-spirituel-le-ministere-capsule30-la-parole-et-les-communautes-autochtones-batissent-leglise-de-demain\/\" \/>\n<meta property=\"og:locale\" content=\"fr_FR\" \/>\n<meta property=\"og:type\" content=\"article\" \/>\n<meta property=\"og:title\" content=\"Voyage spirituel : Le minist\u00e8re Capsule30 La Parole et les communaut\u00e9s autochtones b\u00e2tissent l&#039;\u00c9glise de demain. - Archdiocese of Ottawa-Cornwall\" \/>\n<meta property=\"og:description\" content=\"Depuis plusieurs ann\u00e9es, l&rsquo;abb\u00e9 Fran\u00e7ois Kibwenge parcourt jusqu&rsquo;\u00e0 11 heures de route pour visiter les communaut\u00e9s autochtones des Premi\u00e8res Nations. Aujourd&rsquo;hui, ce sont ces communaut\u00e9s qui entreprennent le voyage pour le rejoindre \u00e0 Capsule 30, un minist\u00e8re d\u00e9di\u00e9 \u00e0 l&rsquo;affirmation de leur foi et \u00e0 l&rsquo;approfondissement de leur relation avec J\u00e9sus-Christ. Ces rencontres intercommunautaires, r\u00e9unissant [&hellip;]\" \/>\n<meta property=\"og:url\" content=\"https:\/\/ottawacornwall.ca\/fr\/news\/voyage-spirituel-le-ministere-capsule30-la-parole-et-les-communautes-autochtones-batissent-leglise-de-demain\/\" \/>\n<meta property=\"og:site_name\" content=\"Archdiocese of Ottawa-Cornwall\" \/>\n<meta property=\"article:modified_time\" content=\"2025-05-21T19:27:26+00:00\" \/>\n<meta name=\"twitter:card\" content=\"summary_large_image\" \/>\n<meta name=\"twitter:label1\" content=\"Dur\u00e9e de lecture estim\u00e9e\" \/>\n\t<meta name=\"twitter:data1\" content=\"1 minute\" \/>\n<script type=\"application\/ld+json\" class=\"yoast-schema-graph\">{\"@context\":\"https:\\\/\\\/schema.org\",\"@graph\":[{\"@type\":\"WebPage\",\"@id\":\"https:\\\/\\\/ottawacornwall.ca\\\/fr\\\/news\\\/voyage-spirituel-le-ministere-capsule30-la-parole-et-les-communautes-autochtones-batissent-leglise-de-demain\\\/\",\"url\":\"https:\\\/\\\/ottawacornwall.ca\\\/fr\\\/news\\\/voyage-spirituel-le-ministere-capsule30-la-parole-et-les-communautes-autochtones-batissent-leglise-de-demain\\\/\",\"name\":\"Voyage spirituel : Le minist\u00e8re Capsule30 La Parole et les communaut\u00e9s autochtones b\u00e2tissent l'\u00c9glise de demain. - Archdiocese of Ottawa-Cornwall\",\"isPartOf\":{\"@id\":\"https:\\\/\\\/ottawacornwall.ca\\\/#website\"},\"datePublished\":\"2025-05-21T18:49:56+00:00\",\"dateModified\":\"2025-05-21T19:27:26+00:00\",\"breadcrumb\":{\"@id\":\"https:\\\/\\\/ottawacornwall.ca\\\/fr\\\/news\\\/voyage-spirituel-le-ministere-capsule30-la-parole-et-les-communautes-autochtones-batissent-leglise-de-demain\\\/#breadcrumb\"},\"inLanguage\":\"fr-FR\",\"potentialAction\":[{\"@type\":\"ReadAction\",\"target\":[\"https:\\\/\\\/ottawacornwall.ca\\\/fr\\\/news\\\/voyage-spirituel-le-ministere-capsule30-la-parole-et-les-communautes-autochtones-batissent-leglise-de-demain\\\/\"]}]},{\"@type\":\"BreadcrumbList\",\"@id\":\"https:\\\/\\\/ottawacornwall.ca\\\/fr\\\/news\\\/voyage-spirituel-le-ministere-capsule30-la-parole-et-les-communautes-autochtones-batissent-leglise-de-demain\\\/#breadcrumb\",\"itemListElement\":[{\"@type\":\"ListItem\",\"position\":1,\"name\":\"Home\",\"item\":\"https:\\\/\\\/ottawacornwall.ca\\\/fr\\\/\"},{\"@type\":\"ListItem\",\"position\":2,\"name\":\"Voyage spirituel : Le minist\u00e8re Capsule30 La Parole et les communaut\u00e9s autochtones b\u00e2tissent l&rsquo;\u00c9glise de demain.\"}]},{\"@type\":\"WebSite\",\"@id\":\"https:\\\/\\\/ottawacornwall.ca\\\/#website\",\"url\":\"https:\\\/\\\/ottawacornwall.ca\\\/\",\"name\":\"Archdiocese of Ottawa-Cornwall\",\"description\":\"Welcome to the  Ottawa-Cornwall Archdiocese!\",\"publisher\":{\"@id\":\"https:\\\/\\\/ottawacornwall.ca\\\/#organization\"},\"potentialAction\":[{\"@type\":\"SearchAction\",\"target\":{\"@type\":\"EntryPoint\",\"urlTemplate\":\"https:\\\/\\\/ottawacornwall.ca\\\/?s={search_term_string}\"},\"query-input\":{\"@type\":\"PropertyValueSpecification\",\"valueRequired\":true,\"valueName\":\"search_term_string\"}}],\"inLanguage\":\"fr-FR\"},{\"@type\":\"Organization\",\"@id\":\"https:\\\/\\\/ottawacornwall.ca\\\/#organization\",\"name\":\"Archdiocese of Ottawa-Cornwall\",\"url\":\"https:\\\/\\\/ottawacornwall.ca\\\/\",\"logo\":{\"@type\":\"ImageObject\",\"inLanguage\":\"fr-FR\",\"@id\":\"https:\\\/\\\/ottawacornwall.ca\\\/#\\\/schema\\\/logo\\\/image\\\/\",\"url\":\"https:\\\/\\\/ottawacornwall.ca\\\/wp-content\\\/uploads\\\/2022\\\/11\\\/Archdiocese-Logo-Horizontal-Reverse-1.svg\",\"contentUrl\":\"https:\\\/\\\/ottawacornwall.ca\\\/wp-content\\\/uploads\\\/2022\\\/11\\\/Archdiocese-Logo-Horizontal-Reverse-1.svg\",\"caption\":\"Archdiocese of Ottawa-Cornwall\"},\"image\":{\"@id\":\"https:\\\/\\\/ottawacornwall.ca\\\/#\\\/schema\\\/logo\\\/image\\\/\"}}]}<\/script>\n<!-- \/ Yoast SEO plugin. -->","yoast_head_json":{"title":"Voyage spirituel : Le minist\u00e8re Capsule30 La Parole et les communaut\u00e9s autochtones b\u00e2tissent l'\u00c9glise de demain. - Archdiocese of Ottawa-Cornwall","robots":{"index":"index","follow":"follow","max-snippet":"max-snippet:-1","max-image-preview":"max-image-preview:large","max-video-preview":"max-video-preview:-1"},"canonical":"https:\/\/ottawacornwall.ca\/fr\/news\/voyage-spirituel-le-ministere-capsule30-la-parole-et-les-communautes-autochtones-batissent-leglise-de-demain\/","og_locale":"fr_FR","og_type":"article","og_title":"Voyage spirituel : Le minist\u00e8re Capsule30 La Parole et les communaut\u00e9s autochtones b\u00e2tissent l'\u00c9glise de demain. - Archdiocese of Ottawa-Cornwall","og_description":"Depuis plusieurs ann\u00e9es, l&rsquo;abb\u00e9 Fran\u00e7ois Kibwenge parcourt jusqu&rsquo;\u00e0 11 heures de route pour visiter les communaut\u00e9s autochtones des Premi\u00e8res Nations. Aujourd&rsquo;hui, ce sont ces communaut\u00e9s qui entreprennent le voyage pour le rejoindre \u00e0 Capsule 30, un minist\u00e8re d\u00e9di\u00e9 \u00e0 l&rsquo;affirmation de leur foi et \u00e0 l&rsquo;approfondissement de leur relation avec J\u00e9sus-Christ. Ces rencontres intercommunautaires, r\u00e9unissant [&hellip;]","og_url":"https:\/\/ottawacornwall.ca\/fr\/news\/voyage-spirituel-le-ministere-capsule30-la-parole-et-les-communautes-autochtones-batissent-leglise-de-demain\/","og_site_name":"Archdiocese of Ottawa-Cornwall","article_modified_time":"2025-05-21T19:27:26+00:00","twitter_card":"summary_large_image","twitter_misc":{"Dur\u00e9e de lecture estim\u00e9e":"1 minute"},"schema":{"@context":"https:\/\/schema.org","@graph":[{"@type":"WebPage","@id":"https:\/\/ottawacornwall.ca\/fr\/news\/voyage-spirituel-le-ministere-capsule30-la-parole-et-les-communautes-autochtones-batissent-leglise-de-demain\/","url":"https:\/\/ottawacornwall.ca\/fr\/news\/voyage-spirituel-le-ministere-capsule30-la-parole-et-les-communautes-autochtones-batissent-leglise-de-demain\/","name":"Voyage spirituel : Le minist\u00e8re Capsule30 La Parole et les communaut\u00e9s autochtones b\u00e2tissent l'\u00c9glise de demain. - Archdiocese of Ottawa-Cornwall","isPartOf":{"@id":"https:\/\/ottawacornwall.ca\/#website"},"datePublished":"2025-05-21T18:49:56+00:00","dateModified":"2025-05-21T19:27:26+00:00","breadcrumb":{"@id":"https:\/\/ottawacornwall.ca\/fr\/news\/voyage-spirituel-le-ministere-capsule30-la-parole-et-les-communautes-autochtones-batissent-leglise-de-demain\/#breadcrumb"},"inLanguage":"fr-FR","potentialAction":[{"@type":"ReadAction","target":["https:\/\/ottawacornwall.ca\/fr\/news\/voyage-spirituel-le-ministere-capsule30-la-parole-et-les-communautes-autochtones-batissent-leglise-de-demain\/"]}]},{"@type":"BreadcrumbList","@id":"https:\/\/ottawacornwall.ca\/fr\/news\/voyage-spirituel-le-ministere-capsule30-la-parole-et-les-communautes-autochtones-batissent-leglise-de-demain\/#breadcrumb","itemListElement":[{"@type":"ListItem","position":1,"name":"Home","item":"https:\/\/ottawacornwall.ca\/fr\/"},{"@type":"ListItem","position":2,"name":"Voyage spirituel : Le minist\u00e8re Capsule30 La Parole et les communaut\u00e9s autochtones b\u00e2tissent l&rsquo;\u00c9glise de demain."}]},{"@type":"WebSite","@id":"https:\/\/ottawacornwall.ca\/#website","url":"https:\/\/ottawacornwall.ca\/","name":"Archdiocese of Ottawa-Cornwall","description":"Welcome to the  Ottawa-Cornwall Archdiocese!","publisher":{"@id":"https:\/\/ottawacornwall.ca\/#organization"},"potentialAction":[{"@type":"SearchAction","target":{"@type":"EntryPoint","urlTemplate":"https:\/\/ottawacornwall.ca\/?s={search_term_string}"},"query-input":{"@type":"PropertyValueSpecification","valueRequired":true,"valueName":"search_term_string"}}],"inLanguage":"fr-FR"},{"@type":"Organization","@id":"https:\/\/ottawacornwall.ca\/#organization","name":"Archdiocese of Ottawa-Cornwall","url":"https:\/\/ottawacornwall.ca\/","logo":{"@type":"ImageObject","inLanguage":"fr-FR","@id":"https:\/\/ottawacornwall.ca\/#\/schema\/logo\/image\/","url":"https:\/\/ottawacornwall.ca\/wp-content\/uploads\/2022\/11\/Archdiocese-Logo-Horizontal-Reverse-1.svg","contentUrl":"https:\/\/ottawacornwall.ca\/wp-content\/uploads\/2022\/11\/Archdiocese-Logo-Horizontal-Reverse-1.svg","caption":"Archdiocese of Ottawa-Cornwall"},"image":{"@id":"https:\/\/ottawacornwall.ca\/#\/schema\/logo\/image\/"}}]}},"_links":{"self":[{"href":"https:\/\/ottawacornwall.ca\/fr\/wp-json\/wp\/v2\/news\/31445","targetHints":{"allow":["GET"]}}],"collection":[{"href":"https:\/\/ottawacornwall.ca\/fr\/wp-json\/wp\/v2\/news"}],"about":[{"href":"https:\/\/ottawacornwall.ca\/fr\/wp-json\/wp\/v2\/types\/news"}],"author":[{"embeddable":true,"href":"https:\/\/ottawacornwall.ca\/fr\/wp-json\/wp\/v2\/users\/24"}],"replies":[{"embeddable":true,"href":"https:\/\/ottawacornwall.ca\/fr\/wp-json\/wp\/v2\/comments?post=31445"}],"version-history":[{"count":6,"href":"https:\/\/ottawacornwall.ca\/fr\/wp-json\/wp\/v2\/news\/31445\/revisions"}],"predecessor-version":[{"id":31453,"href":"https:\/\/ottawacornwall.ca\/fr\/wp-json\/wp\/v2\/news\/31445\/revisions\/31453"}],"wp:attachment":[{"href":"https:\/\/ottawacornwall.ca\/fr\/wp-json\/wp\/v2\/media?parent=31445"}],"wp:term":[{"taxonomy":"news_cate","embeddable":true,"href":"https:\/\/ottawacornwall.ca\/fr\/wp-json\/wp\/v2\/news_cate?post=31445"}],"curies":[{"name":"wp","href":"https:\/\/api.w.org\/{rel}","templated":true}]}}