{"id":31458,"date":"2025-05-22T11:34:57","date_gmt":"2025-05-22T15:34:57","guid":{"rendered":"https:\/\/wp268132.wpdns.ca\/?post_type=news&#038;p=31458"},"modified":"2025-05-22T11:47:17","modified_gmt":"2025-05-22T15:47:17","slug":"la-boussole-de-lengagement-communautaire-un-phare-pour-notre-communaute","status":"publish","type":"news","link":"https:\/\/ottawacornwall.ca\/fr\/news\/la-boussole-de-lengagement-communautaire-un-phare-pour-notre-communaute\/","title":{"rendered":"La Boussole de l\u2019engagement communautaire : Un phare pour notre communaut\u00e9"},"content":{"rendered":"\t\t<div data-elementor-type=\"wp-post\" data-elementor-id=\"31458\" class=\"elementor elementor-31458\" data-elementor-post-type=\"news\">\n\t\t\t\t<div class=\"elementor-element elementor-element-9750701 e-flex e-con-boxed e-con e-parent\" data-id=\"9750701\" data-element_type=\"container\">\n\t\t\t\t\t<div class=\"e-con-inner\">\n\t\t\t\t<div class=\"elementor-element elementor-element-8a103d7 elementor-widget elementor-widget-text-editor\" data-id=\"8a103d7\" data-element_type=\"widget\" data-widget_type=\"text-editor.default\">\n\t\t\t\t<div class=\"elementor-widget-container\">\n\t\t\t\t\t\t\t\t\t<p>Le CECCE lance <strong>la Boussole de l\u2019engagement communautaire<\/strong>, une plateforme gratuite qui connecte les \u00e9l\u00e8ves, les familles et le personnel aux organismes locaux francophones. Cet outil vise \u00e0 promouvoir les activit\u00e9s des organismes, \u00e0 exposer leurs besoins en dons et b\u00e9n\u00e9voles, et \u00e0 favoriser l&rsquo;engagement de chacun.<\/p><p><strong>Pourquoi s&rsquo;inscrire ?<\/strong><\/p><ul><li><strong>Visibilit\u00e9 accrue<\/strong> : Partagez vos \u00e9v\u00e9nements, offres de b\u00e9n\u00e9volat et besoins en dons avec une large audience.<\/li><li><strong>Engagement facilit\u00e9<\/strong> : Permettez \u00e0 la communaut\u00e9 de trouver facilement des opportunit\u00e9s de soutien selon leurs int\u00e9r\u00eats et disponibilit\u00e9s.<\/li><li><strong>Impact renforc\u00e9<\/strong> : Contribuez \u00e0 b\u00e2tir une communaut\u00e9 solidaire et dynamique.<\/li><\/ul><p><strong>Inscrivez-vous d\u00e8s aujourd&rsquo;hui sur <a href=\"https:\/\/boussole.ecolecatholique.ca\/\">boussole.ecolecatholique.ca<\/a> et devenez acteur du changement positif dans notre communaut\u00e9 !<\/strong><\/p>\t\t\t\t\t\t\t\t<\/div>\n\t\t\t\t<\/div>\n\t\t\t\t\t<\/div>\n\t\t\t\t<\/div>\n\t\t\t\t<\/div>\n\t\t","protected":false},"author":24,"featured_media":0,"comment_status":"closed","ping_status":"closed","template":"","news_cate":[],"class_list":["post-31458","news","type-news","status-publish","hentry"],"acf":[],"yoast_head":"<!-- This site is optimized with the Yoast SEO plugin v27.4 - https:\/\/yoast.com\/product\/yoast-seo-wordpress\/ -->\n<title>La Boussole de l\u2019engagement communautaire : Un phare pour notre communaut\u00e9 - Archdiocese of Ottawa-Cornwall<\/title>\n<meta name=\"robots\" content=\"index, follow, max-snippet:-1, max-image-preview:large, max-video-preview:-1\" \/>\n<link rel=\"canonical\" href=\"https:\/\/ottawacornwall.ca\/fr\/news\/la-boussole-de-lengagement-communautaire-un-phare-pour-notre-communaute\/\" \/>\n<meta property=\"og:locale\" content=\"fr_FR\" \/>\n<meta property=\"og:type\" content=\"article\" \/>\n<meta property=\"og:title\" content=\"La Boussole de l\u2019engagement communautaire : Un phare pour notre communaut\u00e9 - Archdiocese of Ottawa-Cornwall\" \/>\n<meta property=\"og:description\" content=\"Le CECCE lance la Boussole de l\u2019engagement communautaire, une plateforme gratuite qui connecte les \u00e9l\u00e8ves, les familles et le personnel aux organismes locaux francophones. Cet outil vise \u00e0 promouvoir les activit\u00e9s des organismes, \u00e0 exposer leurs besoins en dons et b\u00e9n\u00e9voles, et \u00e0 favoriser l&rsquo;engagement de chacun. Pourquoi s&rsquo;inscrire ? Visibilit\u00e9 accrue : Partagez vos [&hellip;]\" \/>\n<meta property=\"og:url\" content=\"https:\/\/ottawacornwall.ca\/fr\/news\/la-boussole-de-lengagement-communautaire-un-phare-pour-notre-communaute\/\" \/>\n<meta property=\"og:site_name\" content=\"Archdiocese of Ottawa-Cornwall\" \/>\n<meta property=\"article:modified_time\" content=\"2025-05-22T15:47:17+00:00\" \/>\n<meta name=\"twitter:card\" content=\"summary_large_image\" \/>\n<meta name=\"twitter:label1\" content=\"Dur\u00e9e de lecture estim\u00e9e\" \/>\n\t<meta name=\"twitter:data1\" content=\"1 minute\" \/>\n<script type=\"application\/ld+json\" class=\"yoast-schema-graph\">{\"@context\":\"https:\\\/\\\/schema.org\",\"@graph\":[{\"@type\":\"WebPage\",\"@id\":\"https:\\\/\\\/ottawacornwall.ca\\\/fr\\\/news\\\/la-boussole-de-lengagement-communautaire-un-phare-pour-notre-communaute\\\/\",\"url\":\"https:\\\/\\\/ottawacornwall.ca\\\/fr\\\/news\\\/la-boussole-de-lengagement-communautaire-un-phare-pour-notre-communaute\\\/\",\"name\":\"La Boussole de l\u2019engagement communautaire : Un phare pour notre communaut\u00e9 - Archdiocese of Ottawa-Cornwall\",\"isPartOf\":{\"@id\":\"https:\\\/\\\/ottawacornwall.ca\\\/#website\"},\"datePublished\":\"2025-05-22T15:34:57+00:00\",\"dateModified\":\"2025-05-22T15:47:17+00:00\",\"breadcrumb\":{\"@id\":\"https:\\\/\\\/ottawacornwall.ca\\\/fr\\\/news\\\/la-boussole-de-lengagement-communautaire-un-phare-pour-notre-communaute\\\/#breadcrumb\"},\"inLanguage\":\"fr-FR\",\"potentialAction\":[{\"@type\":\"ReadAction\",\"target\":[\"https:\\\/\\\/ottawacornwall.ca\\\/fr\\\/news\\\/la-boussole-de-lengagement-communautaire-un-phare-pour-notre-communaute\\\/\"]}]},{\"@type\":\"BreadcrumbList\",\"@id\":\"https:\\\/\\\/ottawacornwall.ca\\\/fr\\\/news\\\/la-boussole-de-lengagement-communautaire-un-phare-pour-notre-communaute\\\/#breadcrumb\",\"itemListElement\":[{\"@type\":\"ListItem\",\"position\":1,\"name\":\"Home\",\"item\":\"https:\\\/\\\/ottawacornwall.ca\\\/fr\\\/\"},{\"@type\":\"ListItem\",\"position\":2,\"name\":\"La Boussole de l\u2019engagement communautaire : Un phare pour notre communaut\u00e9\"}]},{\"@type\":\"WebSite\",\"@id\":\"https:\\\/\\\/ottawacornwall.ca\\\/#website\",\"url\":\"https:\\\/\\\/ottawacornwall.ca\\\/\",\"name\":\"Archdiocese of Ottawa-Cornwall\",\"description\":\"Welcome to the  Ottawa-Cornwall Archdiocese!\",\"publisher\":{\"@id\":\"https:\\\/\\\/ottawacornwall.ca\\\/#organization\"},\"potentialAction\":[{\"@type\":\"SearchAction\",\"target\":{\"@type\":\"EntryPoint\",\"urlTemplate\":\"https:\\\/\\\/ottawacornwall.ca\\\/?s={search_term_string}\"},\"query-input\":{\"@type\":\"PropertyValueSpecification\",\"valueRequired\":true,\"valueName\":\"search_term_string\"}}],\"inLanguage\":\"fr-FR\"},{\"@type\":\"Organization\",\"@id\":\"https:\\\/\\\/ottawacornwall.ca\\\/#organization\",\"name\":\"Archdiocese of Ottawa-Cornwall\",\"url\":\"https:\\\/\\\/ottawacornwall.ca\\\/\",\"logo\":{\"@type\":\"ImageObject\",\"inLanguage\":\"fr-FR\",\"@id\":\"https:\\\/\\\/ottawacornwall.ca\\\/#\\\/schema\\\/logo\\\/image\\\/\",\"url\":\"https:\\\/\\\/ottawacornwall.ca\\\/wp-content\\\/uploads\\\/2022\\\/11\\\/Archdiocese-Logo-Horizontal-Reverse-1.svg\",\"contentUrl\":\"https:\\\/\\\/ottawacornwall.ca\\\/wp-content\\\/uploads\\\/2022\\\/11\\\/Archdiocese-Logo-Horizontal-Reverse-1.svg\",\"caption\":\"Archdiocese of Ottawa-Cornwall\"},\"image\":{\"@id\":\"https:\\\/\\\/ottawacornwall.ca\\\/#\\\/schema\\\/logo\\\/image\\\/\"}}]}<\/script>\n<!-- \/ Yoast SEO plugin. -->","yoast_head_json":{"title":"La Boussole de l\u2019engagement communautaire : Un phare pour notre communaut\u00e9 - Archdiocese of Ottawa-Cornwall","robots":{"index":"index","follow":"follow","max-snippet":"max-snippet:-1","max-image-preview":"max-image-preview:large","max-video-preview":"max-video-preview:-1"},"canonical":"https:\/\/ottawacornwall.ca\/fr\/news\/la-boussole-de-lengagement-communautaire-un-phare-pour-notre-communaute\/","og_locale":"fr_FR","og_type":"article","og_title":"La Boussole de l\u2019engagement communautaire : Un phare pour notre communaut\u00e9 - Archdiocese of Ottawa-Cornwall","og_description":"Le CECCE lance la Boussole de l\u2019engagement communautaire, une plateforme gratuite qui connecte les \u00e9l\u00e8ves, les familles et le personnel aux organismes locaux francophones. Cet outil vise \u00e0 promouvoir les activit\u00e9s des organismes, \u00e0 exposer leurs besoins en dons et b\u00e9n\u00e9voles, et \u00e0 favoriser l&rsquo;engagement de chacun. Pourquoi s&rsquo;inscrire ? Visibilit\u00e9 accrue : Partagez vos [&hellip;]","og_url":"https:\/\/ottawacornwall.ca\/fr\/news\/la-boussole-de-lengagement-communautaire-un-phare-pour-notre-communaute\/","og_site_name":"Archdiocese of Ottawa-Cornwall","article_modified_time":"2025-05-22T15:47:17+00:00","twitter_card":"summary_large_image","twitter_misc":{"Dur\u00e9e de lecture estim\u00e9e":"1 minute"},"schema":{"@context":"https:\/\/schema.org","@graph":[{"@type":"WebPage","@id":"https:\/\/ottawacornwall.ca\/fr\/news\/la-boussole-de-lengagement-communautaire-un-phare-pour-notre-communaute\/","url":"https:\/\/ottawacornwall.ca\/fr\/news\/la-boussole-de-lengagement-communautaire-un-phare-pour-notre-communaute\/","name":"La Boussole de l\u2019engagement communautaire : Un phare pour notre communaut\u00e9 - Archdiocese of Ottawa-Cornwall","isPartOf":{"@id":"https:\/\/ottawacornwall.ca\/#website"},"datePublished":"2025-05-22T15:34:57+00:00","dateModified":"2025-05-22T15:47:17+00:00","breadcrumb":{"@id":"https:\/\/ottawacornwall.ca\/fr\/news\/la-boussole-de-lengagement-communautaire-un-phare-pour-notre-communaute\/#breadcrumb"},"inLanguage":"fr-FR","potentialAction":[{"@type":"ReadAction","target":["https:\/\/ottawacornwall.ca\/fr\/news\/la-boussole-de-lengagement-communautaire-un-phare-pour-notre-communaute\/"]}]},{"@type":"BreadcrumbList","@id":"https:\/\/ottawacornwall.ca\/fr\/news\/la-boussole-de-lengagement-communautaire-un-phare-pour-notre-communaute\/#breadcrumb","itemListElement":[{"@type":"ListItem","position":1,"name":"Home","item":"https:\/\/ottawacornwall.ca\/fr\/"},{"@type":"ListItem","position":2,"name":"La Boussole de l\u2019engagement communautaire : Un phare pour notre communaut\u00e9"}]},{"@type":"WebSite","@id":"https:\/\/ottawacornwall.ca\/#website","url":"https:\/\/ottawacornwall.ca\/","name":"Archdiocese of Ottawa-Cornwall","description":"Welcome to the  Ottawa-Cornwall Archdiocese!","publisher":{"@id":"https:\/\/ottawacornwall.ca\/#organization"},"potentialAction":[{"@type":"SearchAction","target":{"@type":"EntryPoint","urlTemplate":"https:\/\/ottawacornwall.ca\/?s={search_term_string}"},"query-input":{"@type":"PropertyValueSpecification","valueRequired":true,"valueName":"search_term_string"}}],"inLanguage":"fr-FR"},{"@type":"Organization","@id":"https:\/\/ottawacornwall.ca\/#organization","name":"Archdiocese of Ottawa-Cornwall","url":"https:\/\/ottawacornwall.ca\/","logo":{"@type":"ImageObject","inLanguage":"fr-FR","@id":"https:\/\/ottawacornwall.ca\/#\/schema\/logo\/image\/","url":"https:\/\/ottawacornwall.ca\/wp-content\/uploads\/2022\/11\/Archdiocese-Logo-Horizontal-Reverse-1.svg","contentUrl":"https:\/\/ottawacornwall.ca\/wp-content\/uploads\/2022\/11\/Archdiocese-Logo-Horizontal-Reverse-1.svg","caption":"Archdiocese of Ottawa-Cornwall"},"image":{"@id":"https:\/\/ottawacornwall.ca\/#\/schema\/logo\/image\/"}}]}},"_links":{"self":[{"href":"https:\/\/ottawacornwall.ca\/fr\/wp-json\/wp\/v2\/news\/31458","targetHints":{"allow":["GET"]}}],"collection":[{"href":"https:\/\/ottawacornwall.ca\/fr\/wp-json\/wp\/v2\/news"}],"about":[{"href":"https:\/\/ottawacornwall.ca\/fr\/wp-json\/wp\/v2\/types\/news"}],"author":[{"embeddable":true,"href":"https:\/\/ottawacornwall.ca\/fr\/wp-json\/wp\/v2\/users\/24"}],"replies":[{"embeddable":true,"href":"https:\/\/ottawacornwall.ca\/fr\/wp-json\/wp\/v2\/comments?post=31458"}],"version-history":[{"count":15,"href":"https:\/\/ottawacornwall.ca\/fr\/wp-json\/wp\/v2\/news\/31458\/revisions"}],"predecessor-version":[{"id":31473,"href":"https:\/\/ottawacornwall.ca\/fr\/wp-json\/wp\/v2\/news\/31458\/revisions\/31473"}],"wp:attachment":[{"href":"https:\/\/ottawacornwall.ca\/fr\/wp-json\/wp\/v2\/media?parent=31458"}],"wp:term":[{"taxonomy":"news_cate","embeddable":true,"href":"https:\/\/ottawacornwall.ca\/fr\/wp-json\/wp\/v2\/news_cate?post=31458"}],"curies":[{"name":"wp","href":"https:\/\/api.w.org\/{rel}","templated":true}]}}