{"id":31783,"date":"2025-05-27T09:14:49","date_gmt":"2025-05-27T13:14:49","guid":{"rendered":"https:\/\/wp268132.wpdns.ca\/?post_type=news&#038;p=31783"},"modified":"2025-05-30T08:58:51","modified_gmt":"2025-05-30T12:58:51","slug":"2025-nominations-pastorales","status":"publish","type":"news","link":"https:\/\/ottawacornwall.ca\/fr\/news\/2025-nominations-pastorales\/","title":{"rendered":"2025 Nominations pastorales"},"content":{"rendered":"<p>S. Exc. Mgr Marcel Damphousse annonce les nominations pastorales suivantes qui entreront en vigueur le 1er ao\u00fbt 2025, sauf indication contraire.<\/p>\n<p><em>\u00c0 tous les membres du clerg\u00e9 qui servent notre \u00c9glise dioc\u00e9saine, que Dieu vous b\u00e9nisse abondamment alors que vous accomplissez votre minist\u00e8re avec d\u00e9vouement, g\u00e9n\u00e9rosit\u00e9 et joie.<\/em><\/p>\n<p><em>Nous exprimons notre gratitude \u00e0 tous ceux qui assumeront de nouvelles responsabilit\u00e9s. Merci de r\u00e9pondre aux besoins des fid\u00e8les de notre archidioc\u00e8se avec g\u00e9n\u00e9rosit\u00e9 et enthousiasme.<\/em><\/p>\n<p><em>Nous exprimons \u00e9galement notre profonde gratitude aux pr\u00eatres et diacres qui prendront bient\u00f4t leur retraite ou qui se pr\u00e9parent \u00e0 aller servir ailleurs. Nous leurs sommes tr\u00e8s reconnaissants.<\/em><\/p>\n<p>&nbsp;<\/p>\n<p><strong>AU NIVEAU DIOC\u00c9SAIN<\/strong><\/p>\n<p><strong>P\u00e8re Robert Arsenault, CC,<\/strong> est reconduit comme vicaire \u00e9piscopal pour les services pastoraux du secteur anglophone, tout en continuant \u00e0 exercer ses fonctions de cur\u00e9 de la paroisse Annunciation of the Lord \u00e0 Ottawa.<\/p>\n<p><strong>M. l\u2019abb\u00e9 Michael El-Nachef<\/strong> est nomm\u00e9 vice-recteur (assistant-cur\u00e9) de la basilique-cath\u00e9drale Notre-Dame.<\/p>\n<p><strong>M. l\u2019abb\u00e9 Gerard Monaghan<\/strong> est reconduit comme vicaire \u00e9piscopal pour le clerg\u00e9 du secteur anglophone et est \u00e9galement reconduit comme cur\u00e9 de la paroisse St. Faustina \u00e0 Cumberland.<\/p>\n<p>&nbsp;<\/p>\n<p><strong>POUR LE SECTEUR FRANCOPHONE<\/strong><\/p>\n<p><strong>M. l\u2019abb\u00e9 William Serge Bationo<\/strong> est nomm\u00e9 vicaire dominical des paroisses Saint-Paul \u00e0 Plantagenet, Saint-Victor \u00e0 Alfred, Saint-Luc \u00e0 Curran, Saint-Thomas \u00e0 Lefaivre, Saint-L\u00e9on-le-Grand \u00e0 Treadwell et Saint-Beno\u00eet-Labre \u00e0 Wendover.<\/p>\n<p><strong>M. l\u2019abb\u00e9 Yvelt C\u00e9lestin Mondor<\/strong> est nomm\u00e9 administrateur des paroisses Saint-Joachim \u00e0 Chute-\u00e0-Blondeau, Saint-Jean-Baptiste \u00e0 L\u2019Orignal, Sainte-Anne \u00e0 Ste-Anne-de-Prescott, Saint-Bernardin \u00e0 St-Bernardin, Sainte-Eug\u00e8ne \u00e0 St-Eug\u00e8ne et Saint-Gr\u00e9goire-de-Nazianze \u00e0 Vankleek Hill.<\/p>\n<p><strong>M. l\u2019abb\u00e9 Pierre Dalin Domerson<\/strong> est nomm\u00e9 administrateur de la paroisse Tr\u00e8s-Sainte-Trinit\u00e9 \u00e0 Rockland.<\/p>\n<p><strong>Fr\u00e8re Shibu George Sipriyanose, OFM Cap.,<\/strong> est reconduit comme cur\u00e9 des paroisses Saint-Fran\u00e7ois-d\u2019Assise et Saint-Bonaventure \u00e0 Ottawa.<\/p>\n<p><strong>M. l\u2019abb\u00e9 Polux Jean Baptiste<\/strong> est nomm\u00e9 assistant-cur\u00e9 des paroisses Nativit\u00e9-de-la-bienheureuse-vierge-Marie, Saint-F\u00e9lix-de-Valois et Sainte-Th\u00e9r\u00e8se-de-Lisieux \u00e0 Cornwall.<\/p>\n<p><strong>M. l\u2019abb\u00e9 Jacques Kabasu-Bamba<\/strong> est reconduit comme cur\u00e9 de la paroisse Saint-Gabriel \u00e0 Ottawa.<\/p>\n<p><strong>M. l\u2019abb\u00e9 Albert Kazadi Nkashama<\/strong> est nomm\u00e9 cur\u00e9 des paroisses Sainte-Marie \u00e0 Ottawa, Saint-Hugues \u00e0 Sarsfield et Notre-Dame-des-Champs \u00e0 Navan.<\/p>\n<p><strong>M. l\u2019abb\u00e9 Kizito Lututu Mukanda<\/strong> est nomm\u00e9 assistant-cur\u00e9 \u00e0 mi-temps des paroisses Sainte-Marie \u00e0 Ottawa, Saint-Hugues \u00e0 Sarsfield et Notre-Dame-des-Champs \u00e0 Navan.<\/p>\n<p><strong>M. l\u2019abb\u00e9 Marc Pich\u00e9<\/strong> est nomm\u00e9 cur\u00e9 de la paroisse Sainte-Th\u00e9r\u00e8se-de-Lisieux \u00e0 Cornwall et continue \u00e0 exercer ses fonctions de cur\u00e9 des paroisses Nativit\u00e9-de-la-bienheureuse-vierge-Marie et Saint-F\u00e9lix-de-Valois \u00e0 Cornwall.<\/p>\n<p><strong>P\u00e8re Gimsly Valbrun, o.m.i.,<\/strong> est nomm\u00e9 administrateur des paroisses Saint-Victor \u00e0 Alfred et Saint-Thomas \u00e0 Lefaivre et continue \u00e0 exercer ses fonctions de cur\u00e9 des paroisses Saint-Paul \u00e0 Plantagenet, Saint-Luc \u00e0 Curran, Saint-L\u00e9on-le-Grand \u00e0 Treadwell et Saint-Beno\u00eet-Labre \u00e0 Wendover.<\/p>\n<p><strong>Mgr L\u00e9o Villeneuve<\/strong> est nomm\u00e9 cur\u00e9 de la paroisse Saint-S\u00e9bastien \u00e0 Ottawa. M. l\u2019abb\u00e9 Abeli Damien Dewornu est nomm\u00e9 administrateur par interim de la paroisse Saint-S\u00e9bastien du 2 juin 2025 au 31 juillet 2025.<\/p>\n<p>&nbsp;<\/p>\n<p><strong>M. le diacre Pierre K\u00e9nel Bercy<\/strong> est reconduit dans la paroisse Saint-Remi \u00e0 Ottawa.<\/p>\n<p><strong>M. le diacre Guy Dacquay<\/strong> est reconduit dans la paroisse Saint-Joseph \u00e0 Ottawa.<\/p>\n<p><strong>M. le diacre Max-Andr\u00e9 Dorc\u00e9us<\/strong> est reconduit dans la paroisse Marie-M\u00e9diatrice (communaut\u00e9 chr\u00e9tienne Saint-Fr\u00e8re-Andr\u00e9) \u00e0 Ottawa.<\/p>\n<p><strong>M. le diacre Claude Jacques<\/strong> est reconduit dans les paroisses Saint-Hugues \u00e0 Sarsfield, Notre-Dame-des-Champs \u00e0 Navan et Sainte-Marie \u00e0 Ottawa.<\/p>\n<p><strong>M. le diacre Luc Ou\u00e9draogo<\/strong> est reconduit dans la basilique-cath\u00e9drale Notre-Dame \u00e0 Ottawa.<\/p>\n<p><strong>M. le diacre Gilles Ouellette<\/strong> est reconduit dans les paroisses Saint-Hugues \u00e0 Sarsfield, Notre-Dame-des-Champs \u00e0 Navan et Sainte-Marie \u00e0 Ottawa.<\/p>\n<p><strong>M. le diacre Wilner Predelus<\/strong> est reconduit dans les paroisses Nativit\u00e9 de Notre-Seigneur-J\u00e9sus-Christ et Sainte-Genevi\u00e8ve \u00e0 Ottawa.<\/p>\n<p><strong>M. le diacre Wilner Sem\u00e9<\/strong> est reconduit dans la paroisse Saint-Joseph \u00e0 Ottawa.<\/p>\n<p>&nbsp;<\/p>\n<p><strong>POUR LE SECTEUR ANGLOPHONE<\/strong><\/p>\n<p><strong>M. l\u2019abb\u00e9 Yosief Temnewo Awate<\/strong> est reconduit comme aum\u00f4nier de la communaut\u00e9 \u00e9rythr\u00e9enne catholique de rite Ge\u2019ez.<\/p>\n<p><strong>M. l\u2019abb\u00e9 Jonathan Blake<\/strong> est nomm\u00e9 cur\u00e9 des paroisses St. Columban et St. Francis de Sales \u00e0 Cornwall.<\/p>\n<p><strong>M. l\u2019abb\u00e9 Kevin Burgess<\/strong> est nomm\u00e9 assistant-cur\u00e9 de la paroisse St. Monica et de la communaut\u00e9 St. Andrew \u00e0 Ottawa<\/p>\n<p><strong>M. l\u2019abb\u00e9 Adolphus Chukwuka<\/strong> est nomm\u00e9 administrateur de la paroisse St. Basil \u00e0 Ottawa.<\/p>\n<p><strong>M. l\u2019abb\u00e9 Kipling Cooper<\/strong> est nomm\u00e9 aum\u00f4nier \u00e0 mi-temps \u00e0 l&rsquo;h\u00f4pital Queensway-Carleton.<\/p>\n<p><strong>M. l\u2019abb\u00e9 Carlos Encinas<\/strong> est nomm\u00e9 administrateur de la paroisse Sagrada Familia \u00e0 Ottawa \u00e0 compter du 23 juin 2025.<\/p>\n<p><strong>M. l\u2019abb\u00e9 Steven Gaudet<\/strong> est nomm\u00e9 cur\u00e9 de la paroisse St. Finnan\u2019s Basilica \u00e0 Alexandria, laquelle comprend les \u00e9glises St. James \u00e0 Maxville et St. Anthony \u00e0 Apple Hill.<\/p>\n<p><strong>M. l\u2019abb\u00e9 Louis Groetelaars<\/strong> est reconduit comme cur\u00e9 de la paroisse St. Andrew \u00e0 St. Andrews West.<\/p>\n<p><strong>M. l\u2019abb\u00e9 Jonathan Kelly<\/strong> est nomm\u00e9 aum\u00f4nier au campus Civic de l\u2019h\u00f4pital d\u2019Ottawa.<\/p>\n<p><strong>P\u00e8re Frank Kuczera, o.m.i.,<\/strong> est nomm\u00e9 cur\u00e9 de la paroisse Holy Canadian Martyrs \u00e0 Ottawa.<\/p>\n<p><strong>P\u00e8re Robert Laroche, o.m.i.,<\/strong> est reconduit comme cur\u00e9 de la paroisse St. Joseph \u00e0 Ottawa.<\/p>\n<p><strong>P\u00e8re John Likozar, CC,<\/strong> est nomm\u00e9 assistant-cur\u00e9 de la paroisse St. Maurice \u00e0 Ottawa \u00e0 compter du 1er juillet 2025.<\/p>\n<p><strong>M. l\u2019abb\u00e9 Jonathan Ndubueze Madueke<\/strong> est reconduit comme administrateur de la paroisse St. Catherine of Siena \u00e0 Metcalfe.<\/p>\n<p><strong>P\u00e8re Yves Marchildon, CC,<\/strong> est nomm\u00e9 assistant-cur\u00e9 de la paroisse St. Mary \u00e0 Ottawa \u00e0 compter du 1er juillet 2025.<\/p>\n<p><strong>P\u00e8re Sebastien Muggeridge, CC,<\/strong> est nomm\u00e9 assistant-cur\u00e9 de la paroisse Annunciation of the Lord \u00e0 Ottawa \u00e0 compter du 1er juillet 2025.<\/p>\n<p><strong>M. l\u2019abb\u00e9 Francis Ndey<\/strong> est nomm\u00e9 administrateur \u00e0 mi-temps de la paroisse Queen of the Most Holy Rosary \u00e0 Ottawa.<\/p>\n<p><strong>P\u00e8re Theodore Tochukwu Nnorom, s.m.m.m.<\/strong>, est nomm\u00e9 cur\u00e9 de la paroisse St. Peter \u00e0 Cornwall.<\/p>\n<p><strong>M. l\u2019abb\u00e9 Anthony Nwaohiri<\/strong> est reconduit comme administrateur des paroisses St. Michael \u00e0 Fitzroy Harbour et St. Gabriel \u00e0 Constance Bay.<\/p>\n<p><strong>M. l\u2019abb\u00e9 Ikedi Charles Obikaonu<\/strong> est reconduit comme administrateur des paroisses St. Jude \u00e0 Hawkesbury et Our Lady of Divine Love \u00e0 Pendleton.<\/p>\n<p><strong>M. l\u2019abb\u00e9 John Onmeje Ogbaje<\/strong> est nomm\u00e9 assistant-cur\u00e9 des paroisses St. Columban et St. Francis de Sales \u00e0 Cornwall.<\/p>\n<p><strong>M. l\u2019abb\u00e9 Martin Okwukwe Okwudiba<\/strong> est nomm\u00e9 assistant-cur\u00e9 de la paroisse Divine Infant \u00e0 Ottawa.<\/p>\n<p><strong>P\u00e8re Antonio Pannunzi, o.m.i.,<\/strong> est reconduit comme cur\u00e9 de la paroisse Madonna Della Risurrezione \u00e0 Ottawa.<\/p>\n<p><strong>M. l\u2019abb\u00e9 Robert Poole<\/strong> est nomm\u00e9 administrateur de la paroisse St. Philip \u00e0 Richmond et de la mission St. Clare \u00e0 Dwyer Hill.<\/p>\n<p><strong>P\u00e8re Daniel Ramos, CC,<\/strong> est nomm\u00e9 assistant-cur\u00e9 de la paroisse Annunciation of the Lord \u00e0 Ottawa \u00e0 compter du 1er juillet 2025.<\/p>\n<p><strong>P\u00e8re Jinkao Zhou, CJSB,<\/strong> est nomm\u00e9 administrateur de la paroisse Sheng Shen \u00e0 Ottawa.<\/p>\n<p><strong>M. l\u2019abb\u00e9 Daniel Van Delst<\/strong> continue \u00e0 exercer ses fonctions de chancelier et recommence \u00e0 aider \u00e0 la paroisse Our Lady of Fatima \u00e0 Ottawa.<\/p>\n<p>&nbsp;<\/p>\n<p><strong>M. le diacre Stephen Donohue<\/strong> est reconduit dans la paroisse Divine Infant \u00e0 Ottawa.<\/p>\n<p><strong>M. le diacre Peter Fan<\/strong> est nomm\u00e9 \u00e0 la paroisse Sheng Shen, mais a termin\u00e9 son mandat de diacre coordonnateur de la pastorale<\/p>\n<p><strong>M. le diacre Mathew Mathew<\/strong> est reconduit dans la paroisse Queen of the Most Holy Rosary \u00e0 Ottawa.<\/p>\n<p><strong>M. le diacre Richard Murphy<\/strong> est reconduit dans son minist\u00e8re diaconal, mais prend sa retraite en paroisse.<\/p>\n<p><strong>M. le diacre Gerardo Panes<\/strong> est reconduit dans la paroisse Divine Infant \u00e0 Ottawa.<\/p>\n<p>&nbsp;<\/p>\n<p><strong>L&rsquo;archidioc\u00e8se tient \u00e0 remercier les personnes suivantes pour leur minist\u00e8re dans l&rsquo;archidioc\u00e8se d&rsquo;Ottawa-Cornwall :<\/strong><\/p>\n<p><strong>Mgr Daniel Berniquez, c.s.s.,<\/strong> prend une ann\u00e9e sabbatique.<\/p>\n<p><strong>Fr\u00e8re Dieudonn\u00e9 Bigirimana, o.p.,<\/strong> re\u00e7oit une nouvelle nomination de sa communaut\u00e9 religieuse \u00e0 compter du 2 juin 2025.<\/p>\n<p><strong>P\u00e8re Timothy Coonen, o.m.i.,<\/strong> prend sa retraite.<\/p>\n<p><strong>P\u00e8re Kevin Darwent, CC,<\/strong> est nomm\u00e9 \u00e0 l\u2019ext\u00e9rieur de l\u2019archidioc\u00e8se d\u2019Ottawa-Cornwall \u00e0 compter du 1er juillet 2025.<\/p>\n<p><strong>M. l\u2019abb\u00e9 Jacques Fr\u00e9d\u00e9rique<\/strong> retourne aux \u00e9tudes.<\/p>\n<p><strong>P\u00e8re Paul Hubert, LC,<\/strong> n\u2019a pas de nomination dans l\u2019archidioc\u00e8se d\u2019Ottawa-Cornwall.<\/p>\n<p><strong>P\u00e8re Kenneth Lao, CC,<\/strong> est nomm\u00e9 \u00e0 l\u2019ext\u00e9rieur de l\u2019archidioc\u00e8se d\u2019Ottawa-Cornwall \u00e0 compter du 1er juillet 2025.<\/p>\n<p><strong>M. l\u2019abb\u00e9 Stephen Liang<\/strong> prend sa retraite.<\/p>\n<p><strong>M. l\u2019abb\u00e9 Ricardo Quinones Sanchez<\/strong> re\u00e7oit une nouvelle nomination \u00e0 l\u2019ext\u00e9rieur de l\u2019archidioc\u00e8se d\u2019Ottawa-Cornwall \u00e0 compter du 22 juin 2025.<\/p>\n<p><strong>P\u00e8re Marcus Schonnop, CC,<\/strong> prend une ann\u00e9e de cong\u00e9 \u00e0 compter du 1er juillet 2025.<\/p>\n<p><strong>M. l\u2019abb\u00e9 Daryold Winkler<\/strong> prend une ann\u00e9e sabbatique.<\/p>\n","protected":false},"author":6,"featured_media":0,"comment_status":"closed","ping_status":"closed","template":"","news_cate":[74],"class_list":["post-31783","news","type-news","status-publish","hentry","news_cate-current-message"],"acf":[],"yoast_head":"<!-- This site is optimized with the Yoast SEO plugin v27.4 - https:\/\/yoast.com\/product\/yoast-seo-wordpress\/ -->\n<title>2025 Nominations pastorales - Archdiocese of Ottawa-Cornwall<\/title>\n<meta name=\"robots\" content=\"index, follow, max-snippet:-1, max-image-preview:large, max-video-preview:-1\" \/>\n<link rel=\"canonical\" href=\"https:\/\/ottawacornwall.ca\/fr\/news\/2025-nominations-pastorales\/\" \/>\n<meta property=\"og:locale\" content=\"fr_FR\" \/>\n<meta property=\"og:type\" content=\"article\" \/>\n<meta property=\"og:title\" content=\"2025 Nominations pastorales - Archdiocese of Ottawa-Cornwall\" \/>\n<meta property=\"og:description\" content=\"S. Exc. Mgr Marcel Damphousse annonce les nominations pastorales suivantes qui entreront en vigueur le 1er ao\u00fbt 2025, sauf indication contraire. \u00c0 tous les membres du clerg\u00e9 qui servent notre \u00c9glise dioc\u00e9saine, que Dieu vous b\u00e9nisse abondamment alors que vous accomplissez votre minist\u00e8re avec d\u00e9vouement, g\u00e9n\u00e9rosit\u00e9 et joie. Nous exprimons notre gratitude \u00e0 tous ceux [&hellip;]\" \/>\n<meta property=\"og:url\" content=\"https:\/\/ottawacornwall.ca\/fr\/news\/2025-nominations-pastorales\/\" \/>\n<meta property=\"og:site_name\" content=\"Archdiocese of Ottawa-Cornwall\" \/>\n<meta property=\"article:modified_time\" content=\"2025-05-30T12:58:51+00:00\" \/>\n<meta name=\"twitter:card\" content=\"summary_large_image\" \/>\n<meta name=\"twitter:label1\" content=\"Dur\u00e9e de lecture estim\u00e9e\" \/>\n\t<meta name=\"twitter:data1\" content=\"6 minutes\" \/>\n<script type=\"application\/ld+json\" class=\"yoast-schema-graph\">{\"@context\":\"https:\\\/\\\/schema.org\",\"@graph\":[{\"@type\":\"WebPage\",\"@id\":\"https:\\\/\\\/ottawacornwall.ca\\\/fr\\\/news\\\/2025-nominations-pastorales\\\/\",\"url\":\"https:\\\/\\\/ottawacornwall.ca\\\/fr\\\/news\\\/2025-nominations-pastorales\\\/\",\"name\":\"2025 Nominations pastorales - Archdiocese of Ottawa-Cornwall\",\"isPartOf\":{\"@id\":\"https:\\\/\\\/ottawacornwall.ca\\\/#website\"},\"datePublished\":\"2025-05-27T13:14:49+00:00\",\"dateModified\":\"2025-05-30T12:58:51+00:00\",\"breadcrumb\":{\"@id\":\"https:\\\/\\\/ottawacornwall.ca\\\/fr\\\/news\\\/2025-nominations-pastorales\\\/#breadcrumb\"},\"inLanguage\":\"fr-FR\",\"potentialAction\":[{\"@type\":\"ReadAction\",\"target\":[\"https:\\\/\\\/ottawacornwall.ca\\\/fr\\\/news\\\/2025-nominations-pastorales\\\/\"]}]},{\"@type\":\"BreadcrumbList\",\"@id\":\"https:\\\/\\\/ottawacornwall.ca\\\/fr\\\/news\\\/2025-nominations-pastorales\\\/#breadcrumb\",\"itemListElement\":[{\"@type\":\"ListItem\",\"position\":1,\"name\":\"Home\",\"item\":\"https:\\\/\\\/ottawacornwall.ca\\\/fr\\\/\"},{\"@type\":\"ListItem\",\"position\":2,\"name\":\"2025 Nominations pastorales\"}]},{\"@type\":\"WebSite\",\"@id\":\"https:\\\/\\\/ottawacornwall.ca\\\/#website\",\"url\":\"https:\\\/\\\/ottawacornwall.ca\\\/\",\"name\":\"Archdiocese of Ottawa-Cornwall\",\"description\":\"Welcome to the  Ottawa-Cornwall Archdiocese!\",\"publisher\":{\"@id\":\"https:\\\/\\\/ottawacornwall.ca\\\/#organization\"},\"potentialAction\":[{\"@type\":\"SearchAction\",\"target\":{\"@type\":\"EntryPoint\",\"urlTemplate\":\"https:\\\/\\\/ottawacornwall.ca\\\/?s={search_term_string}\"},\"query-input\":{\"@type\":\"PropertyValueSpecification\",\"valueRequired\":true,\"valueName\":\"search_term_string\"}}],\"inLanguage\":\"fr-FR\"},{\"@type\":\"Organization\",\"@id\":\"https:\\\/\\\/ottawacornwall.ca\\\/#organization\",\"name\":\"Archdiocese of Ottawa-Cornwall\",\"url\":\"https:\\\/\\\/ottawacornwall.ca\\\/\",\"logo\":{\"@type\":\"ImageObject\",\"inLanguage\":\"fr-FR\",\"@id\":\"https:\\\/\\\/ottawacornwall.ca\\\/#\\\/schema\\\/logo\\\/image\\\/\",\"url\":\"https:\\\/\\\/ottawacornwall.ca\\\/wp-content\\\/uploads\\\/2022\\\/11\\\/Archdiocese-Logo-Horizontal-Reverse-1.svg\",\"contentUrl\":\"https:\\\/\\\/ottawacornwall.ca\\\/wp-content\\\/uploads\\\/2022\\\/11\\\/Archdiocese-Logo-Horizontal-Reverse-1.svg\",\"caption\":\"Archdiocese of Ottawa-Cornwall\"},\"image\":{\"@id\":\"https:\\\/\\\/ottawacornwall.ca\\\/#\\\/schema\\\/logo\\\/image\\\/\"}}]}<\/script>\n<!-- \/ Yoast SEO plugin. -->","yoast_head_json":{"title":"2025 Nominations pastorales - Archdiocese of Ottawa-Cornwall","robots":{"index":"index","follow":"follow","max-snippet":"max-snippet:-1","max-image-preview":"max-image-preview:large","max-video-preview":"max-video-preview:-1"},"canonical":"https:\/\/ottawacornwall.ca\/fr\/news\/2025-nominations-pastorales\/","og_locale":"fr_FR","og_type":"article","og_title":"2025 Nominations pastorales - Archdiocese of Ottawa-Cornwall","og_description":"S. Exc. Mgr Marcel Damphousse annonce les nominations pastorales suivantes qui entreront en vigueur le 1er ao\u00fbt 2025, sauf indication contraire. \u00c0 tous les membres du clerg\u00e9 qui servent notre \u00c9glise dioc\u00e9saine, que Dieu vous b\u00e9nisse abondamment alors que vous accomplissez votre minist\u00e8re avec d\u00e9vouement, g\u00e9n\u00e9rosit\u00e9 et joie. Nous exprimons notre gratitude \u00e0 tous ceux [&hellip;]","og_url":"https:\/\/ottawacornwall.ca\/fr\/news\/2025-nominations-pastorales\/","og_site_name":"Archdiocese of Ottawa-Cornwall","article_modified_time":"2025-05-30T12:58:51+00:00","twitter_card":"summary_large_image","twitter_misc":{"Dur\u00e9e de lecture estim\u00e9e":"6 minutes"},"schema":{"@context":"https:\/\/schema.org","@graph":[{"@type":"WebPage","@id":"https:\/\/ottawacornwall.ca\/fr\/news\/2025-nominations-pastorales\/","url":"https:\/\/ottawacornwall.ca\/fr\/news\/2025-nominations-pastorales\/","name":"2025 Nominations pastorales - Archdiocese of Ottawa-Cornwall","isPartOf":{"@id":"https:\/\/ottawacornwall.ca\/#website"},"datePublished":"2025-05-27T13:14:49+00:00","dateModified":"2025-05-30T12:58:51+00:00","breadcrumb":{"@id":"https:\/\/ottawacornwall.ca\/fr\/news\/2025-nominations-pastorales\/#breadcrumb"},"inLanguage":"fr-FR","potentialAction":[{"@type":"ReadAction","target":["https:\/\/ottawacornwall.ca\/fr\/news\/2025-nominations-pastorales\/"]}]},{"@type":"BreadcrumbList","@id":"https:\/\/ottawacornwall.ca\/fr\/news\/2025-nominations-pastorales\/#breadcrumb","itemListElement":[{"@type":"ListItem","position":1,"name":"Home","item":"https:\/\/ottawacornwall.ca\/fr\/"},{"@type":"ListItem","position":2,"name":"2025 Nominations pastorales"}]},{"@type":"WebSite","@id":"https:\/\/ottawacornwall.ca\/#website","url":"https:\/\/ottawacornwall.ca\/","name":"Archdiocese of Ottawa-Cornwall","description":"Welcome to the  Ottawa-Cornwall Archdiocese!","publisher":{"@id":"https:\/\/ottawacornwall.ca\/#organization"},"potentialAction":[{"@type":"SearchAction","target":{"@type":"EntryPoint","urlTemplate":"https:\/\/ottawacornwall.ca\/?s={search_term_string}"},"query-input":{"@type":"PropertyValueSpecification","valueRequired":true,"valueName":"search_term_string"}}],"inLanguage":"fr-FR"},{"@type":"Organization","@id":"https:\/\/ottawacornwall.ca\/#organization","name":"Archdiocese of Ottawa-Cornwall","url":"https:\/\/ottawacornwall.ca\/","logo":{"@type":"ImageObject","inLanguage":"fr-FR","@id":"https:\/\/ottawacornwall.ca\/#\/schema\/logo\/image\/","url":"https:\/\/ottawacornwall.ca\/wp-content\/uploads\/2022\/11\/Archdiocese-Logo-Horizontal-Reverse-1.svg","contentUrl":"https:\/\/ottawacornwall.ca\/wp-content\/uploads\/2022\/11\/Archdiocese-Logo-Horizontal-Reverse-1.svg","caption":"Archdiocese of Ottawa-Cornwall"},"image":{"@id":"https:\/\/ottawacornwall.ca\/#\/schema\/logo\/image\/"}}]}},"_links":{"self":[{"href":"https:\/\/ottawacornwall.ca\/fr\/wp-json\/wp\/v2\/news\/31783","targetHints":{"allow":["GET"]}}],"collection":[{"href":"https:\/\/ottawacornwall.ca\/fr\/wp-json\/wp\/v2\/news"}],"about":[{"href":"https:\/\/ottawacornwall.ca\/fr\/wp-json\/wp\/v2\/types\/news"}],"author":[{"embeddable":true,"href":"https:\/\/ottawacornwall.ca\/fr\/wp-json\/wp\/v2\/users\/6"}],"replies":[{"embeddable":true,"href":"https:\/\/ottawacornwall.ca\/fr\/wp-json\/wp\/v2\/comments?post=31783"}],"version-history":[{"count":6,"href":"https:\/\/ottawacornwall.ca\/fr\/wp-json\/wp\/v2\/news\/31783\/revisions"}],"predecessor-version":[{"id":31817,"href":"https:\/\/ottawacornwall.ca\/fr\/wp-json\/wp\/v2\/news\/31783\/revisions\/31817"}],"wp:attachment":[{"href":"https:\/\/ottawacornwall.ca\/fr\/wp-json\/wp\/v2\/media?parent=31783"}],"wp:term":[{"taxonomy":"news_cate","embeddable":true,"href":"https:\/\/ottawacornwall.ca\/fr\/wp-json\/wp\/v2\/news_cate?post=31783"}],"curies":[{"name":"wp","href":"https:\/\/api.w.org\/{rel}","templated":true}]}}