{"id":32280,"date":"2025-06-09T09:57:38","date_gmt":"2025-06-09T13:57:38","guid":{"rendered":"https:\/\/wp268132.wpdns.ca\/?post_type=news&#038;p=32280"},"modified":"2025-06-09T09:57:38","modified_gmt":"2025-06-09T13:57:38","slug":"deces-de-mgr-james-macdonald-c-s-c-archeveque-emerite-de-st-johns-t-n-l","status":"publish","type":"news","link":"https:\/\/ottawacornwall.ca\/fr\/news\/deces-de-mgr-james-macdonald-c-s-c-archeveque-emerite-de-st-johns-t-n-l\/","title":{"rendered":"D\u00e9c\u00e8s de Mgr James MacDonald, C.S.C., archev\u00eaque \u00e9m\u00e9rite de St. John\u2019s (T.-N.-L.)"},"content":{"rendered":"","protected":false},"author":6,"featured_media":0,"comment_status":"closed","ping_status":"closed","template":"","news_cate":[108],"class_list":["post-32280","news","type-news","status-publish","hentry","news_cate-news-from-the-cccb"],"acf":[],"yoast_head":"<!-- This site is optimized with the Yoast SEO plugin v27.4 - https:\/\/yoast.com\/product\/yoast-seo-wordpress\/ -->\n<title>D\u00e9c\u00e8s de Mgr James MacDonald, C.S.C., archev\u00eaque \u00e9m\u00e9rite de St. John\u2019s (T.-N.-L.) - Archdiocese of Ottawa-Cornwall<\/title>\n<meta name=\"robots\" content=\"index, follow, max-snippet:-1, max-image-preview:large, max-video-preview:-1\" \/>\n<link rel=\"canonical\" href=\"https:\/\/ottawacornwall.ca\/fr\/news\/deces-de-mgr-james-macdonald-c-s-c-archeveque-emerite-de-st-johns-t-n-l\/\" \/>\n<meta property=\"og:locale\" content=\"fr_FR\" \/>\n<meta property=\"og:type\" content=\"article\" \/>\n<meta property=\"og:title\" content=\"D\u00e9c\u00e8s de Mgr James MacDonald, C.S.C., archev\u00eaque \u00e9m\u00e9rite de St. John\u2019s (T.-N.-L.) - Archdiocese of Ottawa-Cornwall\" \/>\n<meta property=\"og:url\" content=\"https:\/\/ottawacornwall.ca\/fr\/news\/deces-de-mgr-james-macdonald-c-s-c-archeveque-emerite-de-st-johns-t-n-l\/\" \/>\n<meta property=\"og:site_name\" content=\"Archdiocese of Ottawa-Cornwall\" \/>\n<meta name=\"twitter:card\" content=\"summary_large_image\" \/>\n<script type=\"application\/ld+json\" class=\"yoast-schema-graph\">{\"@context\":\"https:\\\/\\\/schema.org\",\"@graph\":[{\"@type\":\"WebPage\",\"@id\":\"https:\\\/\\\/ottawacornwall.ca\\\/fr\\\/news\\\/deces-de-mgr-james-macdonald-c-s-c-archeveque-emerite-de-st-johns-t-n-l\\\/\",\"url\":\"https:\\\/\\\/ottawacornwall.ca\\\/fr\\\/news\\\/deces-de-mgr-james-macdonald-c-s-c-archeveque-emerite-de-st-johns-t-n-l\\\/\",\"name\":\"D\u00e9c\u00e8s de Mgr James MacDonald, C.S.C., archev\u00eaque \u00e9m\u00e9rite de St. John\u2019s (T.-N.-L.) - Archdiocese of Ottawa-Cornwall\",\"isPartOf\":{\"@id\":\"https:\\\/\\\/ottawacornwall.ca\\\/#website\"},\"datePublished\":\"2025-06-09T13:57:38+00:00\",\"breadcrumb\":{\"@id\":\"https:\\\/\\\/ottawacornwall.ca\\\/fr\\\/news\\\/deces-de-mgr-james-macdonald-c-s-c-archeveque-emerite-de-st-johns-t-n-l\\\/#breadcrumb\"},\"inLanguage\":\"fr-FR\",\"potentialAction\":[{\"@type\":\"ReadAction\",\"target\":[\"https:\\\/\\\/ottawacornwall.ca\\\/fr\\\/news\\\/deces-de-mgr-james-macdonald-c-s-c-archeveque-emerite-de-st-johns-t-n-l\\\/\"]}]},{\"@type\":\"BreadcrumbList\",\"@id\":\"https:\\\/\\\/ottawacornwall.ca\\\/fr\\\/news\\\/deces-de-mgr-james-macdonald-c-s-c-archeveque-emerite-de-st-johns-t-n-l\\\/#breadcrumb\",\"itemListElement\":[{\"@type\":\"ListItem\",\"position\":1,\"name\":\"Home\",\"item\":\"https:\\\/\\\/ottawacornwall.ca\\\/fr\\\/\"},{\"@type\":\"ListItem\",\"position\":2,\"name\":\"D\u00e9c\u00e8s de Mgr James MacDonald, C.S.C., archev\u00eaque \u00e9m\u00e9rite de St. John\u2019s (T.-N.-L.)\"}]},{\"@type\":\"WebSite\",\"@id\":\"https:\\\/\\\/ottawacornwall.ca\\\/#website\",\"url\":\"https:\\\/\\\/ottawacornwall.ca\\\/\",\"name\":\"Archdiocese of Ottawa-Cornwall\",\"description\":\"Welcome to the  Ottawa-Cornwall Archdiocese!\",\"publisher\":{\"@id\":\"https:\\\/\\\/ottawacornwall.ca\\\/#organization\"},\"potentialAction\":[{\"@type\":\"SearchAction\",\"target\":{\"@type\":\"EntryPoint\",\"urlTemplate\":\"https:\\\/\\\/ottawacornwall.ca\\\/?s={search_term_string}\"},\"query-input\":{\"@type\":\"PropertyValueSpecification\",\"valueRequired\":true,\"valueName\":\"search_term_string\"}}],\"inLanguage\":\"fr-FR\"},{\"@type\":\"Organization\",\"@id\":\"https:\\\/\\\/ottawacornwall.ca\\\/#organization\",\"name\":\"Archdiocese of Ottawa-Cornwall\",\"url\":\"https:\\\/\\\/ottawacornwall.ca\\\/\",\"logo\":{\"@type\":\"ImageObject\",\"inLanguage\":\"fr-FR\",\"@id\":\"https:\\\/\\\/ottawacornwall.ca\\\/#\\\/schema\\\/logo\\\/image\\\/\",\"url\":\"https:\\\/\\\/ottawacornwall.ca\\\/wp-content\\\/uploads\\\/2022\\\/11\\\/Archdiocese-Logo-Horizontal-Reverse-1.svg\",\"contentUrl\":\"https:\\\/\\\/ottawacornwall.ca\\\/wp-content\\\/uploads\\\/2022\\\/11\\\/Archdiocese-Logo-Horizontal-Reverse-1.svg\",\"caption\":\"Archdiocese of Ottawa-Cornwall\"},\"image\":{\"@id\":\"https:\\\/\\\/ottawacornwall.ca\\\/#\\\/schema\\\/logo\\\/image\\\/\"}}]}<\/script>\n<!-- \/ Yoast SEO plugin. -->","yoast_head_json":{"title":"D\u00e9c\u00e8s de Mgr James MacDonald, C.S.C., archev\u00eaque \u00e9m\u00e9rite de St. John\u2019s (T.-N.-L.) - Archdiocese of Ottawa-Cornwall","robots":{"index":"index","follow":"follow","max-snippet":"max-snippet:-1","max-image-preview":"max-image-preview:large","max-video-preview":"max-video-preview:-1"},"canonical":"https:\/\/ottawacornwall.ca\/fr\/news\/deces-de-mgr-james-macdonald-c-s-c-archeveque-emerite-de-st-johns-t-n-l\/","og_locale":"fr_FR","og_type":"article","og_title":"D\u00e9c\u00e8s de Mgr James MacDonald, C.S.C., archev\u00eaque \u00e9m\u00e9rite de St. John\u2019s (T.-N.-L.) - Archdiocese of Ottawa-Cornwall","og_url":"https:\/\/ottawacornwall.ca\/fr\/news\/deces-de-mgr-james-macdonald-c-s-c-archeveque-emerite-de-st-johns-t-n-l\/","og_site_name":"Archdiocese of Ottawa-Cornwall","twitter_card":"summary_large_image","schema":{"@context":"https:\/\/schema.org","@graph":[{"@type":"WebPage","@id":"https:\/\/ottawacornwall.ca\/fr\/news\/deces-de-mgr-james-macdonald-c-s-c-archeveque-emerite-de-st-johns-t-n-l\/","url":"https:\/\/ottawacornwall.ca\/fr\/news\/deces-de-mgr-james-macdonald-c-s-c-archeveque-emerite-de-st-johns-t-n-l\/","name":"D\u00e9c\u00e8s de Mgr James MacDonald, C.S.C., archev\u00eaque \u00e9m\u00e9rite de St. John\u2019s (T.-N.-L.) - Archdiocese of Ottawa-Cornwall","isPartOf":{"@id":"https:\/\/ottawacornwall.ca\/#website"},"datePublished":"2025-06-09T13:57:38+00:00","breadcrumb":{"@id":"https:\/\/ottawacornwall.ca\/fr\/news\/deces-de-mgr-james-macdonald-c-s-c-archeveque-emerite-de-st-johns-t-n-l\/#breadcrumb"},"inLanguage":"fr-FR","potentialAction":[{"@type":"ReadAction","target":["https:\/\/ottawacornwall.ca\/fr\/news\/deces-de-mgr-james-macdonald-c-s-c-archeveque-emerite-de-st-johns-t-n-l\/"]}]},{"@type":"BreadcrumbList","@id":"https:\/\/ottawacornwall.ca\/fr\/news\/deces-de-mgr-james-macdonald-c-s-c-archeveque-emerite-de-st-johns-t-n-l\/#breadcrumb","itemListElement":[{"@type":"ListItem","position":1,"name":"Home","item":"https:\/\/ottawacornwall.ca\/fr\/"},{"@type":"ListItem","position":2,"name":"D\u00e9c\u00e8s de Mgr James MacDonald, C.S.C., archev\u00eaque \u00e9m\u00e9rite de St. John\u2019s (T.-N.-L.)"}]},{"@type":"WebSite","@id":"https:\/\/ottawacornwall.ca\/#website","url":"https:\/\/ottawacornwall.ca\/","name":"Archdiocese of Ottawa-Cornwall","description":"Welcome to the  Ottawa-Cornwall Archdiocese!","publisher":{"@id":"https:\/\/ottawacornwall.ca\/#organization"},"potentialAction":[{"@type":"SearchAction","target":{"@type":"EntryPoint","urlTemplate":"https:\/\/ottawacornwall.ca\/?s={search_term_string}"},"query-input":{"@type":"PropertyValueSpecification","valueRequired":true,"valueName":"search_term_string"}}],"inLanguage":"fr-FR"},{"@type":"Organization","@id":"https:\/\/ottawacornwall.ca\/#organization","name":"Archdiocese of Ottawa-Cornwall","url":"https:\/\/ottawacornwall.ca\/","logo":{"@type":"ImageObject","inLanguage":"fr-FR","@id":"https:\/\/ottawacornwall.ca\/#\/schema\/logo\/image\/","url":"https:\/\/ottawacornwall.ca\/wp-content\/uploads\/2022\/11\/Archdiocese-Logo-Horizontal-Reverse-1.svg","contentUrl":"https:\/\/ottawacornwall.ca\/wp-content\/uploads\/2022\/11\/Archdiocese-Logo-Horizontal-Reverse-1.svg","caption":"Archdiocese of Ottawa-Cornwall"},"image":{"@id":"https:\/\/ottawacornwall.ca\/#\/schema\/logo\/image\/"}}]}},"_links":{"self":[{"href":"https:\/\/ottawacornwall.ca\/fr\/wp-json\/wp\/v2\/news\/32280","targetHints":{"allow":["GET"]}}],"collection":[{"href":"https:\/\/ottawacornwall.ca\/fr\/wp-json\/wp\/v2\/news"}],"about":[{"href":"https:\/\/ottawacornwall.ca\/fr\/wp-json\/wp\/v2\/types\/news"}],"author":[{"embeddable":true,"href":"https:\/\/ottawacornwall.ca\/fr\/wp-json\/wp\/v2\/users\/6"}],"replies":[{"embeddable":true,"href":"https:\/\/ottawacornwall.ca\/fr\/wp-json\/wp\/v2\/comments?post=32280"}],"version-history":[{"count":1,"href":"https:\/\/ottawacornwall.ca\/fr\/wp-json\/wp\/v2\/news\/32280\/revisions"}],"predecessor-version":[{"id":32281,"href":"https:\/\/ottawacornwall.ca\/fr\/wp-json\/wp\/v2\/news\/32280\/revisions\/32281"}],"wp:attachment":[{"href":"https:\/\/ottawacornwall.ca\/fr\/wp-json\/wp\/v2\/media?parent=32280"}],"wp:term":[{"taxonomy":"news_cate","embeddable":true,"href":"https:\/\/ottawacornwall.ca\/fr\/wp-json\/wp\/v2\/news_cate?post=32280"}],"curies":[{"name":"wp","href":"https:\/\/api.w.org\/{rel}","templated":true}]}}