{"id":32319,"date":"2025-06-09T15:14:29","date_gmt":"2025-06-09T19:14:29","guid":{"rendered":"https:\/\/wp268132.wpdns.ca\/?post_type=news&#038;p=32319"},"modified":"2025-06-09T16:55:56","modified_gmt":"2025-06-09T20:55:56","slug":"declaration-de-mgr-damphousse-concernant-la-degradation-du-memorial-national-de-lholocauste","status":"publish","type":"news","link":"https:\/\/ottawacornwall.ca\/fr\/news\/declaration-de-mgr-damphousse-concernant-la-degradation-du-memorial-national-de-lholocauste\/","title":{"rendered":"D\u00e9claration de Mgr Damphousse concernant la d\u00e9gradation du M\u00e9morial national de l&rsquo;Holocauste"},"content":{"rendered":"<p>Le M\u00e9morial national de l\u2019Holocauste \u00e0 Ottawa demeure un lieu solennel et sacr\u00e9, t\u00e9moignant du sacrifice de millions d\u2019innocents sous le r\u00e9gime nazi et rendant hommage au courage et \u00e0 la r\u00e9silience des survivants de l\u2019Holocauste qui ont enrichi notre pays. Il est profond\u00e9ment troublant d\u2019apprendre que ce lieu a r\u00e9cemment \u00e9t\u00e9 profan\u00e9. Si la protestation pacifique fait partie de notre tradition d\u00e9mocratique, la d\u00e9figuration d\u2019un site aussi sacr\u00e9 pour les survivants, les victimes et leurs familles constitue une atteinte \u00e0 leur dignit\u00e9 et \u00e0 leur m\u00e9moire.<\/p>\n<p>En tant qu\u2019Archev\u00eaque, je tends la main en solidarit\u00e9 \u00e0 nos fr\u00e8res et s\u0153urs juifs, \u00e0 tous les chefs religieux et au service de police d\u2019Ottawa. Ensemble, condamnons la haine sous toutes ses formes et r\u00e9affirmons notre engagement \u00e0 b\u00e2tir une communaut\u00e9 fond\u00e9e sur le respect, la compassion et l\u2019unit\u00e9.<\/p>\n<p><strong><span class=\"OYPEnA font-feature-liga-off font-feature-clig-off font-feature-calt-off text-decoration-none text-strikethrough-none\">Mgr Marcel Damphousse<\/span><\/strong><\/p>\n<p class=\"cvGsUA direction-ltr align-justify para-style-body\"><em><span class=\"OYPEnA font-feature-liga-off font-feature-clig-off font-feature-calt-off text-decoration-none text-strikethrough-none\">Archev\u00eaque d&rsquo;Ottawa-Cornwall<\/span><\/em><\/p>\n","protected":false},"author":6,"featured_media":32320,"comment_status":"closed","ping_status":"closed","template":"","news_cate":[74],"class_list":["post-32319","news","type-news","status-publish","has-post-thumbnail","hentry","news_cate-current-message"],"acf":[],"yoast_head":"<!-- This site is optimized with the Yoast SEO plugin v27.4 - https:\/\/yoast.com\/product\/yoast-seo-wordpress\/ -->\n<title>D\u00e9claration de Mgr Damphousse concernant la d\u00e9gradation du M\u00e9morial national de l&#039;Holocauste - Archdiocese of Ottawa-Cornwall<\/title>\n<meta name=\"robots\" content=\"index, follow, max-snippet:-1, max-image-preview:large, max-video-preview:-1\" \/>\n<link rel=\"canonical\" href=\"https:\/\/ottawacornwall.ca\/fr\/news\/declaration-de-mgr-damphousse-concernant-la-degradation-du-memorial-national-de-lholocauste\/\" \/>\n<meta property=\"og:locale\" content=\"fr_FR\" \/>\n<meta property=\"og:type\" content=\"article\" \/>\n<meta property=\"og:title\" content=\"D\u00e9claration de Mgr Damphousse concernant la d\u00e9gradation du M\u00e9morial national de l&#039;Holocauste - Archdiocese of Ottawa-Cornwall\" \/>\n<meta property=\"og:description\" content=\"Le M\u00e9morial national de l\u2019Holocauste \u00e0 Ottawa demeure un lieu solennel et sacr\u00e9, t\u00e9moignant du sacrifice de millions d\u2019innocents sous le r\u00e9gime nazi et rendant hommage au courage et \u00e0 la r\u00e9silience des survivants de l\u2019Holocauste qui ont enrichi notre pays. Il est profond\u00e9ment troublant d\u2019apprendre que ce lieu a r\u00e9cemment \u00e9t\u00e9 profan\u00e9. Si la [&hellip;]\" \/>\n<meta property=\"og:url\" content=\"https:\/\/ottawacornwall.ca\/fr\/news\/declaration-de-mgr-damphousse-concernant-la-degradation-du-memorial-national-de-lholocauste\/\" \/>\n<meta property=\"og:site_name\" content=\"Archdiocese of Ottawa-Cornwall\" \/>\n<meta property=\"article:modified_time\" content=\"2025-06-09T20:55:56+00:00\" \/>\n<meta property=\"og:image\" content=\"https:\/\/ottawacornwall.ca\/wp-content\/uploads\/2025\/06\/Statement-from-the-Bishop-4-1024x1024.png\" \/>\n\t<meta property=\"og:image:width\" content=\"1024\" \/>\n\t<meta property=\"og:image:height\" content=\"1024\" \/>\n\t<meta property=\"og:image:type\" content=\"image\/png\" \/>\n<meta name=\"twitter:card\" content=\"summary_large_image\" \/>\n<meta name=\"twitter:label1\" content=\"Dur\u00e9e de lecture estim\u00e9e\" \/>\n\t<meta name=\"twitter:data1\" content=\"1 minute\" \/>\n<script type=\"application\/ld+json\" class=\"yoast-schema-graph\">{\"@context\":\"https:\\\/\\\/schema.org\",\"@graph\":[{\"@type\":\"WebPage\",\"@id\":\"https:\\\/\\\/ottawacornwall.ca\\\/fr\\\/news\\\/declaration-de-mgr-damphousse-concernant-la-degradation-du-memorial-national-de-lholocauste\\\/\",\"url\":\"https:\\\/\\\/ottawacornwall.ca\\\/fr\\\/news\\\/declaration-de-mgr-damphousse-concernant-la-degradation-du-memorial-national-de-lholocauste\\\/\",\"name\":\"D\u00e9claration de Mgr Damphousse concernant la d\u00e9gradation du M\u00e9morial national de l'Holocauste - Archdiocese of Ottawa-Cornwall\",\"isPartOf\":{\"@id\":\"https:\\\/\\\/ottawacornwall.ca\\\/#website\"},\"primaryImageOfPage\":{\"@id\":\"https:\\\/\\\/ottawacornwall.ca\\\/fr\\\/news\\\/declaration-de-mgr-damphousse-concernant-la-degradation-du-memorial-national-de-lholocauste\\\/#primaryimage\"},\"image\":{\"@id\":\"https:\\\/\\\/ottawacornwall.ca\\\/fr\\\/news\\\/declaration-de-mgr-damphousse-concernant-la-degradation-du-memorial-national-de-lholocauste\\\/#primaryimage\"},\"thumbnailUrl\":\"https:\\\/\\\/ottawacornwall.ca\\\/wp-content\\\/uploads\\\/2025\\\/06\\\/Statement-from-the-Bishop-4.png\",\"datePublished\":\"2025-06-09T19:14:29+00:00\",\"dateModified\":\"2025-06-09T20:55:56+00:00\",\"breadcrumb\":{\"@id\":\"https:\\\/\\\/ottawacornwall.ca\\\/fr\\\/news\\\/declaration-de-mgr-damphousse-concernant-la-degradation-du-memorial-national-de-lholocauste\\\/#breadcrumb\"},\"inLanguage\":\"fr-FR\",\"potentialAction\":[{\"@type\":\"ReadAction\",\"target\":[\"https:\\\/\\\/ottawacornwall.ca\\\/fr\\\/news\\\/declaration-de-mgr-damphousse-concernant-la-degradation-du-memorial-national-de-lholocauste\\\/\"]}]},{\"@type\":\"ImageObject\",\"inLanguage\":\"fr-FR\",\"@id\":\"https:\\\/\\\/ottawacornwall.ca\\\/fr\\\/news\\\/declaration-de-mgr-damphousse-concernant-la-degradation-du-memorial-national-de-lholocauste\\\/#primaryimage\",\"url\":\"https:\\\/\\\/ottawacornwall.ca\\\/wp-content\\\/uploads\\\/2025\\\/06\\\/Statement-from-the-Bishop-4.png\",\"contentUrl\":\"https:\\\/\\\/ottawacornwall.ca\\\/wp-content\\\/uploads\\\/2025\\\/06\\\/Statement-from-the-Bishop-4.png\",\"width\":1755,\"height\":1755},{\"@type\":\"BreadcrumbList\",\"@id\":\"https:\\\/\\\/ottawacornwall.ca\\\/fr\\\/news\\\/declaration-de-mgr-damphousse-concernant-la-degradation-du-memorial-national-de-lholocauste\\\/#breadcrumb\",\"itemListElement\":[{\"@type\":\"ListItem\",\"position\":1,\"name\":\"Home\",\"item\":\"https:\\\/\\\/ottawacornwall.ca\\\/fr\\\/\"},{\"@type\":\"ListItem\",\"position\":2,\"name\":\"D\u00e9claration de Mgr Damphousse concernant la d\u00e9gradation du M\u00e9morial national de l&rsquo;Holocauste\"}]},{\"@type\":\"WebSite\",\"@id\":\"https:\\\/\\\/ottawacornwall.ca\\\/#website\",\"url\":\"https:\\\/\\\/ottawacornwall.ca\\\/\",\"name\":\"Archdiocese of Ottawa-Cornwall\",\"description\":\"Welcome to the  Ottawa-Cornwall Archdiocese!\",\"publisher\":{\"@id\":\"https:\\\/\\\/ottawacornwall.ca\\\/#organization\"},\"potentialAction\":[{\"@type\":\"SearchAction\",\"target\":{\"@type\":\"EntryPoint\",\"urlTemplate\":\"https:\\\/\\\/ottawacornwall.ca\\\/?s={search_term_string}\"},\"query-input\":{\"@type\":\"PropertyValueSpecification\",\"valueRequired\":true,\"valueName\":\"search_term_string\"}}],\"inLanguage\":\"fr-FR\"},{\"@type\":\"Organization\",\"@id\":\"https:\\\/\\\/ottawacornwall.ca\\\/#organization\",\"name\":\"Archdiocese of Ottawa-Cornwall\",\"url\":\"https:\\\/\\\/ottawacornwall.ca\\\/\",\"logo\":{\"@type\":\"ImageObject\",\"inLanguage\":\"fr-FR\",\"@id\":\"https:\\\/\\\/ottawacornwall.ca\\\/#\\\/schema\\\/logo\\\/image\\\/\",\"url\":\"https:\\\/\\\/ottawacornwall.ca\\\/wp-content\\\/uploads\\\/2022\\\/11\\\/Archdiocese-Logo-Horizontal-Reverse-1.svg\",\"contentUrl\":\"https:\\\/\\\/ottawacornwall.ca\\\/wp-content\\\/uploads\\\/2022\\\/11\\\/Archdiocese-Logo-Horizontal-Reverse-1.svg\",\"caption\":\"Archdiocese of Ottawa-Cornwall\"},\"image\":{\"@id\":\"https:\\\/\\\/ottawacornwall.ca\\\/#\\\/schema\\\/logo\\\/image\\\/\"}}]}<\/script>\n<!-- \/ Yoast SEO plugin. -->","yoast_head_json":{"title":"D\u00e9claration de Mgr Damphousse concernant la d\u00e9gradation du M\u00e9morial national de l'Holocauste - Archdiocese of Ottawa-Cornwall","robots":{"index":"index","follow":"follow","max-snippet":"max-snippet:-1","max-image-preview":"max-image-preview:large","max-video-preview":"max-video-preview:-1"},"canonical":"https:\/\/ottawacornwall.ca\/fr\/news\/declaration-de-mgr-damphousse-concernant-la-degradation-du-memorial-national-de-lholocauste\/","og_locale":"fr_FR","og_type":"article","og_title":"D\u00e9claration de Mgr Damphousse concernant la d\u00e9gradation du M\u00e9morial national de l'Holocauste - Archdiocese of Ottawa-Cornwall","og_description":"Le M\u00e9morial national de l\u2019Holocauste \u00e0 Ottawa demeure un lieu solennel et sacr\u00e9, t\u00e9moignant du sacrifice de millions d\u2019innocents sous le r\u00e9gime nazi et rendant hommage au courage et \u00e0 la r\u00e9silience des survivants de l\u2019Holocauste qui ont enrichi notre pays. Il est profond\u00e9ment troublant d\u2019apprendre que ce lieu a r\u00e9cemment \u00e9t\u00e9 profan\u00e9. Si la [&hellip;]","og_url":"https:\/\/ottawacornwall.ca\/fr\/news\/declaration-de-mgr-damphousse-concernant-la-degradation-du-memorial-national-de-lholocauste\/","og_site_name":"Archdiocese of Ottawa-Cornwall","article_modified_time":"2025-06-09T20:55:56+00:00","og_image":[{"width":1024,"height":1024,"url":"https:\/\/ottawacornwall.ca\/wp-content\/uploads\/2025\/06\/Statement-from-the-Bishop-4-1024x1024.png","type":"image\/png"}],"twitter_card":"summary_large_image","twitter_misc":{"Dur\u00e9e de lecture estim\u00e9e":"1 minute"},"schema":{"@context":"https:\/\/schema.org","@graph":[{"@type":"WebPage","@id":"https:\/\/ottawacornwall.ca\/fr\/news\/declaration-de-mgr-damphousse-concernant-la-degradation-du-memorial-national-de-lholocauste\/","url":"https:\/\/ottawacornwall.ca\/fr\/news\/declaration-de-mgr-damphousse-concernant-la-degradation-du-memorial-national-de-lholocauste\/","name":"D\u00e9claration de Mgr Damphousse concernant la d\u00e9gradation du M\u00e9morial national de l'Holocauste - Archdiocese of Ottawa-Cornwall","isPartOf":{"@id":"https:\/\/ottawacornwall.ca\/#website"},"primaryImageOfPage":{"@id":"https:\/\/ottawacornwall.ca\/fr\/news\/declaration-de-mgr-damphousse-concernant-la-degradation-du-memorial-national-de-lholocauste\/#primaryimage"},"image":{"@id":"https:\/\/ottawacornwall.ca\/fr\/news\/declaration-de-mgr-damphousse-concernant-la-degradation-du-memorial-national-de-lholocauste\/#primaryimage"},"thumbnailUrl":"https:\/\/ottawacornwall.ca\/wp-content\/uploads\/2025\/06\/Statement-from-the-Bishop-4.png","datePublished":"2025-06-09T19:14:29+00:00","dateModified":"2025-06-09T20:55:56+00:00","breadcrumb":{"@id":"https:\/\/ottawacornwall.ca\/fr\/news\/declaration-de-mgr-damphousse-concernant-la-degradation-du-memorial-national-de-lholocauste\/#breadcrumb"},"inLanguage":"fr-FR","potentialAction":[{"@type":"ReadAction","target":["https:\/\/ottawacornwall.ca\/fr\/news\/declaration-de-mgr-damphousse-concernant-la-degradation-du-memorial-national-de-lholocauste\/"]}]},{"@type":"ImageObject","inLanguage":"fr-FR","@id":"https:\/\/ottawacornwall.ca\/fr\/news\/declaration-de-mgr-damphousse-concernant-la-degradation-du-memorial-national-de-lholocauste\/#primaryimage","url":"https:\/\/ottawacornwall.ca\/wp-content\/uploads\/2025\/06\/Statement-from-the-Bishop-4.png","contentUrl":"https:\/\/ottawacornwall.ca\/wp-content\/uploads\/2025\/06\/Statement-from-the-Bishop-4.png","width":1755,"height":1755},{"@type":"BreadcrumbList","@id":"https:\/\/ottawacornwall.ca\/fr\/news\/declaration-de-mgr-damphousse-concernant-la-degradation-du-memorial-national-de-lholocauste\/#breadcrumb","itemListElement":[{"@type":"ListItem","position":1,"name":"Home","item":"https:\/\/ottawacornwall.ca\/fr\/"},{"@type":"ListItem","position":2,"name":"D\u00e9claration de Mgr Damphousse concernant la d\u00e9gradation du M\u00e9morial national de l&rsquo;Holocauste"}]},{"@type":"WebSite","@id":"https:\/\/ottawacornwall.ca\/#website","url":"https:\/\/ottawacornwall.ca\/","name":"Archdiocese of Ottawa-Cornwall","description":"Welcome to the  Ottawa-Cornwall Archdiocese!","publisher":{"@id":"https:\/\/ottawacornwall.ca\/#organization"},"potentialAction":[{"@type":"SearchAction","target":{"@type":"EntryPoint","urlTemplate":"https:\/\/ottawacornwall.ca\/?s={search_term_string}"},"query-input":{"@type":"PropertyValueSpecification","valueRequired":true,"valueName":"search_term_string"}}],"inLanguage":"fr-FR"},{"@type":"Organization","@id":"https:\/\/ottawacornwall.ca\/#organization","name":"Archdiocese of Ottawa-Cornwall","url":"https:\/\/ottawacornwall.ca\/","logo":{"@type":"ImageObject","inLanguage":"fr-FR","@id":"https:\/\/ottawacornwall.ca\/#\/schema\/logo\/image\/","url":"https:\/\/ottawacornwall.ca\/wp-content\/uploads\/2022\/11\/Archdiocese-Logo-Horizontal-Reverse-1.svg","contentUrl":"https:\/\/ottawacornwall.ca\/wp-content\/uploads\/2022\/11\/Archdiocese-Logo-Horizontal-Reverse-1.svg","caption":"Archdiocese of Ottawa-Cornwall"},"image":{"@id":"https:\/\/ottawacornwall.ca\/#\/schema\/logo\/image\/"}}]}},"_links":{"self":[{"href":"https:\/\/ottawacornwall.ca\/fr\/wp-json\/wp\/v2\/news\/32319","targetHints":{"allow":["GET"]}}],"collection":[{"href":"https:\/\/ottawacornwall.ca\/fr\/wp-json\/wp\/v2\/news"}],"about":[{"href":"https:\/\/ottawacornwall.ca\/fr\/wp-json\/wp\/v2\/types\/news"}],"author":[{"embeddable":true,"href":"https:\/\/ottawacornwall.ca\/fr\/wp-json\/wp\/v2\/users\/6"}],"replies":[{"embeddable":true,"href":"https:\/\/ottawacornwall.ca\/fr\/wp-json\/wp\/v2\/comments?post=32319"}],"version-history":[{"count":2,"href":"https:\/\/ottawacornwall.ca\/fr\/wp-json\/wp\/v2\/news\/32319\/revisions"}],"predecessor-version":[{"id":32333,"href":"https:\/\/ottawacornwall.ca\/fr\/wp-json\/wp\/v2\/news\/32319\/revisions\/32333"}],"wp:featuredmedia":[{"embeddable":true,"href":"https:\/\/ottawacornwall.ca\/fr\/wp-json\/wp\/v2\/media\/32320"}],"wp:attachment":[{"href":"https:\/\/ottawacornwall.ca\/fr\/wp-json\/wp\/v2\/media?parent=32319"}],"wp:term":[{"taxonomy":"news_cate","embeddable":true,"href":"https:\/\/ottawacornwall.ca\/fr\/wp-json\/wp\/v2\/news_cate?post=32319"}],"curies":[{"name":"wp","href":"https:\/\/api.w.org\/{rel}","templated":true}]}}