{"id":32432,"date":"2025-06-11T13:39:14","date_gmt":"2025-06-11T17:39:14","guid":{"rendered":"https:\/\/wp268132.wpdns.ca\/?post_type=news&#038;p=32432"},"modified":"2025-08-07T15:01:15","modified_gmt":"2025-08-07T19:01:15","slug":"jubile-2025-devenez-un-pelerin-de-lesperance","status":"publish","type":"news","link":"https:\/\/ottawacornwall.ca\/fr\/news\/jubile-2025-devenez-un-pelerin-de-lesperance\/","title":{"rendered":"Jubil\u00e9 2025 \u2013 Devenez un P\u00e8lerin de l\u2019Esp\u00e9rance"},"content":{"rendered":"\t\t<div data-elementor-type=\"wp-post\" data-elementor-id=\"32432\" class=\"elementor elementor-32432\" data-elementor-post-type=\"news\">\n\t\t\t\t<div class=\"elementor-element elementor-element-4021310 e-flex e-con-boxed e-con e-parent\" data-id=\"4021310\" data-element_type=\"container\">\n\t\t\t\t\t<div class=\"e-con-inner\">\n\t\t\t\t<div class=\"elementor-element elementor-element-abc6f46 elementor-widget elementor-widget-text-editor\" data-id=\"abc6f46\" data-element_type=\"widget\" data-widget_type=\"text-editor.default\">\n\t\t\t\t<div class=\"elementor-widget-container\">\n\t\t\t\t\t\t\t\t\t<p><strong>Le pape Fran\u00e7ois a proclam\u00e9 2025 Ann\u00e9e jubilaire, invitant tous les fid\u00e8les \u00e0 devenir des P\u00e8lerins de l\u2019Esp\u00e9rance. Du 24 d\u00e9cembre 2024 au 6 janvier 2026, c\u2019est un temps pour renouveler notre foi et recevoir la gr\u00e2ce d\u2019une indulgence pl\u00e9ni\u00e8re.<\/strong><\/p><p><strong>Vous pouvez accomplir un p\u00e8lerinage ici m\u00eame, dans notre archidioc\u00e8se, en visitant l\u2019une des quatre \u00e9glises d\u00e9sign\u00e9es :<\/strong><\/p><p><strong>\ud83d\udccd<\/strong><strong> Basilique-cath\u00e9drale Notre-Dame (Ottawa) : joyau architectural n\u00e9o-gothique et centre spirituel historique de la communaut\u00e9 catholique.<br \/><\/strong><strong>\ud83d\udccd<\/strong><strong> Basilique St. Finnan (Alexandria) : reconnue pour son riche patrimoine \u00e9cossais et son importance dans l\u2019histoire locale.<br \/><\/strong><strong>\ud83d\udccd<\/strong><strong> \u00c9glise Saint-Joseph (Orl\u00e9ans) : c\u00e9l\u00e8bre pour son accueil chaleureux et ses nombreuses activit\u00e9s communautaires.<br \/><\/strong><strong>\ud83d\udccd<\/strong><strong> Basilique St. Patrick (Ottawa) : connue pour son magnifique int\u00e9rieur orn\u00e9 de vitraux color\u00e9s et son ambiance paisible.<\/strong><\/p><p><strong>Pour recevoir l\u2019indulgence, il faut :<br \/><\/strong><strong>\u2714\ufe0f<\/strong><strong> Visiter l\u2019une des \u00e9glises d\u00e9sign\u00e9es<br \/><\/strong><strong>\u2714\ufe0f<\/strong><strong> Assister \u00e0 la messe et communier<br \/><\/strong><strong>\u2714\ufe0f<\/strong><strong> Se confesser<br \/><\/strong><strong>\u2714\ufe0f<\/strong><strong> Prier aux intentions du Saint-P\u00e8re<\/strong><\/p><p><strong>Marchons ensemble dans l\u2019esp\u00e9rance.<\/strong><\/p>\t\t\t\t\t\t\t\t<\/div>\n\t\t\t\t<\/div>\n\t\t\t\t\t<\/div>\n\t\t\t\t<\/div>\n\t\t<div class=\"elementor-element elementor-element-8fba06a e-flex e-con-boxed e-con e-parent\" data-id=\"8fba06a\" data-element_type=\"container\">\n\t\t\t\t\t<div class=\"e-con-inner\">\n\t\t\t\t<div class=\"elementor-element elementor-element-3842b3a elementor-widget elementor-widget-image\" data-id=\"3842b3a\" data-element_type=\"widget\" data-widget_type=\"image.default\">\n\t\t\t\t<div class=\"elementor-widget-container\">\n\t\t\t\t\t\t\t\t\t\t\t\t\t\t\t<img fetchpriority=\"high\" decoding=\"async\" width=\"800\" height=\"400\" src=\"https:\/\/ottawacornwall.ca\/wp-content\/uploads\/2025\/06\/St.-Patricks-Basilica-Ottawa-1.png\" class=\"attachment-large size-large wp-image-32457\" alt=\"\" srcset=\"https:\/\/ottawacornwall.ca\/wp-content\/uploads\/2025\/06\/St.-Patricks-Basilica-Ottawa-1.png 1000w, https:\/\/ottawacornwall.ca\/wp-content\/uploads\/2025\/06\/St.-Patricks-Basilica-Ottawa-1-300x150.png 300w, https:\/\/ottawacornwall.ca\/wp-content\/uploads\/2025\/06\/St.-Patricks-Basilica-Ottawa-1-768x384.png 768w, https:\/\/ottawacornwall.ca\/wp-content\/uploads\/2025\/06\/St.-Patricks-Basilica-Ottawa-1-31x16.png 31w\" sizes=\"(max-width: 800px) 100vw, 800px\" \/>\t\t\t\t\t\t\t\t\t\t\t\t\t\t\t<\/div>\n\t\t\t\t<\/div>\n\t\t\t\t\t<\/div>\n\t\t\t\t<\/div>\n\t\t\t\t<\/div>\n\t\t","protected":false},"author":24,"featured_media":0,"comment_status":"closed","ping_status":"closed","template":"","news_cate":[77],"class_list":["post-32432","news","type-news","status-publish","hentry","news_cate-news-from-our-parishes"],"acf":[],"yoast_head":"<!-- This site is optimized with the Yoast SEO plugin v27.4 - https:\/\/yoast.com\/product\/yoast-seo-wordpress\/ -->\n<title>Jubil\u00e9 2025 \u2013 Devenez un P\u00e8lerin de l\u2019Esp\u00e9rance - Archdiocese of Ottawa-Cornwall<\/title>\n<meta name=\"robots\" content=\"index, follow, max-snippet:-1, max-image-preview:large, max-video-preview:-1\" \/>\n<link rel=\"canonical\" href=\"https:\/\/ottawacornwall.ca\/fr\/news\/jubile-2025-devenez-un-pelerin-de-lesperance\/\" \/>\n<meta property=\"og:locale\" content=\"fr_FR\" \/>\n<meta property=\"og:type\" content=\"article\" \/>\n<meta property=\"og:title\" content=\"Jubil\u00e9 2025 \u2013 Devenez un P\u00e8lerin de l\u2019Esp\u00e9rance - Archdiocese of Ottawa-Cornwall\" \/>\n<meta property=\"og:description\" content=\"Le pape Fran\u00e7ois a proclam\u00e9 2025 Ann\u00e9e jubilaire, invitant tous les fid\u00e8les \u00e0 devenir des P\u00e8lerins de l\u2019Esp\u00e9rance. Du 24 d\u00e9cembre 2024 au 6 janvier 2026, c\u2019est un temps pour renouveler notre foi et recevoir la gr\u00e2ce d\u2019une indulgence pl\u00e9ni\u00e8re. Vous pouvez accomplir un p\u00e8lerinage ici m\u00eame, dans notre archidioc\u00e8se, en visitant l\u2019une des quatre [&hellip;]\" \/>\n<meta property=\"og:url\" content=\"https:\/\/ottawacornwall.ca\/fr\/news\/jubile-2025-devenez-un-pelerin-de-lesperance\/\" \/>\n<meta property=\"og:site_name\" content=\"Archdiocese of Ottawa-Cornwall\" \/>\n<meta property=\"article:modified_time\" content=\"2025-08-07T19:01:15+00:00\" \/>\n<meta property=\"og:image\" content=\"http:\/\/ottawacornwall.ca\/wp-content\/uploads\/2025\/06\/St.-Patricks-Basilica-Ottawa-1.png\" \/>\n<meta name=\"twitter:card\" content=\"summary_large_image\" \/>\n<meta name=\"twitter:label1\" content=\"Dur\u00e9e de lecture estim\u00e9e\" \/>\n\t<meta name=\"twitter:data1\" content=\"3 minutes\" \/>\n<script type=\"application\/ld+json\" class=\"yoast-schema-graph\">{\"@context\":\"https:\\\/\\\/schema.org\",\"@graph\":[{\"@type\":\"WebPage\",\"@id\":\"https:\\\/\\\/ottawacornwall.ca\\\/fr\\\/news\\\/jubile-2025-devenez-un-pelerin-de-lesperance\\\/\",\"url\":\"https:\\\/\\\/ottawacornwall.ca\\\/fr\\\/news\\\/jubile-2025-devenez-un-pelerin-de-lesperance\\\/\",\"name\":\"Jubil\u00e9 2025 \u2013 Devenez un P\u00e8lerin de l\u2019Esp\u00e9rance - Archdiocese of Ottawa-Cornwall\",\"isPartOf\":{\"@id\":\"https:\\\/\\\/ottawacornwall.ca\\\/#website\"},\"primaryImageOfPage\":{\"@id\":\"https:\\\/\\\/ottawacornwall.ca\\\/fr\\\/news\\\/jubile-2025-devenez-un-pelerin-de-lesperance\\\/#primaryimage\"},\"image\":{\"@id\":\"https:\\\/\\\/ottawacornwall.ca\\\/fr\\\/news\\\/jubile-2025-devenez-un-pelerin-de-lesperance\\\/#primaryimage\"},\"thumbnailUrl\":\"http:\\\/\\\/ottawacornwall.ca\\\/wp-content\\\/uploads\\\/2025\\\/06\\\/St.-Patricks-Basilica-Ottawa-1.png\",\"datePublished\":\"2025-06-11T17:39:14+00:00\",\"dateModified\":\"2025-08-07T19:01:15+00:00\",\"breadcrumb\":{\"@id\":\"https:\\\/\\\/ottawacornwall.ca\\\/fr\\\/news\\\/jubile-2025-devenez-un-pelerin-de-lesperance\\\/#breadcrumb\"},\"inLanguage\":\"fr-FR\",\"potentialAction\":[{\"@type\":\"ReadAction\",\"target\":[\"https:\\\/\\\/ottawacornwall.ca\\\/fr\\\/news\\\/jubile-2025-devenez-un-pelerin-de-lesperance\\\/\"]}]},{\"@type\":\"ImageObject\",\"inLanguage\":\"fr-FR\",\"@id\":\"https:\\\/\\\/ottawacornwall.ca\\\/fr\\\/news\\\/jubile-2025-devenez-un-pelerin-de-lesperance\\\/#primaryimage\",\"url\":\"http:\\\/\\\/ottawacornwall.ca\\\/wp-content\\\/uploads\\\/2025\\\/06\\\/St.-Patricks-Basilica-Ottawa-1.png\",\"contentUrl\":\"http:\\\/\\\/ottawacornwall.ca\\\/wp-content\\\/uploads\\\/2025\\\/06\\\/St.-Patricks-Basilica-Ottawa-1.png\"},{\"@type\":\"BreadcrumbList\",\"@id\":\"https:\\\/\\\/ottawacornwall.ca\\\/fr\\\/news\\\/jubile-2025-devenez-un-pelerin-de-lesperance\\\/#breadcrumb\",\"itemListElement\":[{\"@type\":\"ListItem\",\"position\":1,\"name\":\"Home\",\"item\":\"https:\\\/\\\/ottawacornwall.ca\\\/fr\\\/\"},{\"@type\":\"ListItem\",\"position\":2,\"name\":\"Jubil\u00e9 2025 \u2013 Devenez un P\u00e8lerin de l\u2019Esp\u00e9rance\"}]},{\"@type\":\"WebSite\",\"@id\":\"https:\\\/\\\/ottawacornwall.ca\\\/#website\",\"url\":\"https:\\\/\\\/ottawacornwall.ca\\\/\",\"name\":\"Archdiocese of Ottawa-Cornwall\",\"description\":\"Welcome to the  Ottawa-Cornwall Archdiocese!\",\"publisher\":{\"@id\":\"https:\\\/\\\/ottawacornwall.ca\\\/#organization\"},\"potentialAction\":[{\"@type\":\"SearchAction\",\"target\":{\"@type\":\"EntryPoint\",\"urlTemplate\":\"https:\\\/\\\/ottawacornwall.ca\\\/?s={search_term_string}\"},\"query-input\":{\"@type\":\"PropertyValueSpecification\",\"valueRequired\":true,\"valueName\":\"search_term_string\"}}],\"inLanguage\":\"fr-FR\"},{\"@type\":\"Organization\",\"@id\":\"https:\\\/\\\/ottawacornwall.ca\\\/#organization\",\"name\":\"Archdiocese of Ottawa-Cornwall\",\"url\":\"https:\\\/\\\/ottawacornwall.ca\\\/\",\"logo\":{\"@type\":\"ImageObject\",\"inLanguage\":\"fr-FR\",\"@id\":\"https:\\\/\\\/ottawacornwall.ca\\\/#\\\/schema\\\/logo\\\/image\\\/\",\"url\":\"https:\\\/\\\/ottawacornwall.ca\\\/wp-content\\\/uploads\\\/2022\\\/11\\\/Archdiocese-Logo-Horizontal-Reverse-1.svg\",\"contentUrl\":\"https:\\\/\\\/ottawacornwall.ca\\\/wp-content\\\/uploads\\\/2022\\\/11\\\/Archdiocese-Logo-Horizontal-Reverse-1.svg\",\"caption\":\"Archdiocese of Ottawa-Cornwall\"},\"image\":{\"@id\":\"https:\\\/\\\/ottawacornwall.ca\\\/#\\\/schema\\\/logo\\\/image\\\/\"}}]}<\/script>\n<!-- \/ Yoast SEO plugin. -->","yoast_head_json":{"title":"Jubil\u00e9 2025 \u2013 Devenez un P\u00e8lerin de l\u2019Esp\u00e9rance - Archdiocese of Ottawa-Cornwall","robots":{"index":"index","follow":"follow","max-snippet":"max-snippet:-1","max-image-preview":"max-image-preview:large","max-video-preview":"max-video-preview:-1"},"canonical":"https:\/\/ottawacornwall.ca\/fr\/news\/jubile-2025-devenez-un-pelerin-de-lesperance\/","og_locale":"fr_FR","og_type":"article","og_title":"Jubil\u00e9 2025 \u2013 Devenez un P\u00e8lerin de l\u2019Esp\u00e9rance - Archdiocese of Ottawa-Cornwall","og_description":"Le pape Fran\u00e7ois a proclam\u00e9 2025 Ann\u00e9e jubilaire, invitant tous les fid\u00e8les \u00e0 devenir des P\u00e8lerins de l\u2019Esp\u00e9rance. Du 24 d\u00e9cembre 2024 au 6 janvier 2026, c\u2019est un temps pour renouveler notre foi et recevoir la gr\u00e2ce d\u2019une indulgence pl\u00e9ni\u00e8re. Vous pouvez accomplir un p\u00e8lerinage ici m\u00eame, dans notre archidioc\u00e8se, en visitant l\u2019une des quatre [&hellip;]","og_url":"https:\/\/ottawacornwall.ca\/fr\/news\/jubile-2025-devenez-un-pelerin-de-lesperance\/","og_site_name":"Archdiocese of Ottawa-Cornwall","article_modified_time":"2025-08-07T19:01:15+00:00","og_image":[{"url":"http:\/\/ottawacornwall.ca\/wp-content\/uploads\/2025\/06\/St.-Patricks-Basilica-Ottawa-1.png","type":"","width":"","height":""}],"twitter_card":"summary_large_image","twitter_misc":{"Dur\u00e9e de lecture estim\u00e9e":"3 minutes"},"schema":{"@context":"https:\/\/schema.org","@graph":[{"@type":"WebPage","@id":"https:\/\/ottawacornwall.ca\/fr\/news\/jubile-2025-devenez-un-pelerin-de-lesperance\/","url":"https:\/\/ottawacornwall.ca\/fr\/news\/jubile-2025-devenez-un-pelerin-de-lesperance\/","name":"Jubil\u00e9 2025 \u2013 Devenez un P\u00e8lerin de l\u2019Esp\u00e9rance - Archdiocese of Ottawa-Cornwall","isPartOf":{"@id":"https:\/\/ottawacornwall.ca\/#website"},"primaryImageOfPage":{"@id":"https:\/\/ottawacornwall.ca\/fr\/news\/jubile-2025-devenez-un-pelerin-de-lesperance\/#primaryimage"},"image":{"@id":"https:\/\/ottawacornwall.ca\/fr\/news\/jubile-2025-devenez-un-pelerin-de-lesperance\/#primaryimage"},"thumbnailUrl":"http:\/\/ottawacornwall.ca\/wp-content\/uploads\/2025\/06\/St.-Patricks-Basilica-Ottawa-1.png","datePublished":"2025-06-11T17:39:14+00:00","dateModified":"2025-08-07T19:01:15+00:00","breadcrumb":{"@id":"https:\/\/ottawacornwall.ca\/fr\/news\/jubile-2025-devenez-un-pelerin-de-lesperance\/#breadcrumb"},"inLanguage":"fr-FR","potentialAction":[{"@type":"ReadAction","target":["https:\/\/ottawacornwall.ca\/fr\/news\/jubile-2025-devenez-un-pelerin-de-lesperance\/"]}]},{"@type":"ImageObject","inLanguage":"fr-FR","@id":"https:\/\/ottawacornwall.ca\/fr\/news\/jubile-2025-devenez-un-pelerin-de-lesperance\/#primaryimage","url":"http:\/\/ottawacornwall.ca\/wp-content\/uploads\/2025\/06\/St.-Patricks-Basilica-Ottawa-1.png","contentUrl":"http:\/\/ottawacornwall.ca\/wp-content\/uploads\/2025\/06\/St.-Patricks-Basilica-Ottawa-1.png"},{"@type":"BreadcrumbList","@id":"https:\/\/ottawacornwall.ca\/fr\/news\/jubile-2025-devenez-un-pelerin-de-lesperance\/#breadcrumb","itemListElement":[{"@type":"ListItem","position":1,"name":"Home","item":"https:\/\/ottawacornwall.ca\/fr\/"},{"@type":"ListItem","position":2,"name":"Jubil\u00e9 2025 \u2013 Devenez un P\u00e8lerin de l\u2019Esp\u00e9rance"}]},{"@type":"WebSite","@id":"https:\/\/ottawacornwall.ca\/#website","url":"https:\/\/ottawacornwall.ca\/","name":"Archdiocese of Ottawa-Cornwall","description":"Welcome to the  Ottawa-Cornwall Archdiocese!","publisher":{"@id":"https:\/\/ottawacornwall.ca\/#organization"},"potentialAction":[{"@type":"SearchAction","target":{"@type":"EntryPoint","urlTemplate":"https:\/\/ottawacornwall.ca\/?s={search_term_string}"},"query-input":{"@type":"PropertyValueSpecification","valueRequired":true,"valueName":"search_term_string"}}],"inLanguage":"fr-FR"},{"@type":"Organization","@id":"https:\/\/ottawacornwall.ca\/#organization","name":"Archdiocese of Ottawa-Cornwall","url":"https:\/\/ottawacornwall.ca\/","logo":{"@type":"ImageObject","inLanguage":"fr-FR","@id":"https:\/\/ottawacornwall.ca\/#\/schema\/logo\/image\/","url":"https:\/\/ottawacornwall.ca\/wp-content\/uploads\/2022\/11\/Archdiocese-Logo-Horizontal-Reverse-1.svg","contentUrl":"https:\/\/ottawacornwall.ca\/wp-content\/uploads\/2022\/11\/Archdiocese-Logo-Horizontal-Reverse-1.svg","caption":"Archdiocese of Ottawa-Cornwall"},"image":{"@id":"https:\/\/ottawacornwall.ca\/#\/schema\/logo\/image\/"}}]}},"_links":{"self":[{"href":"https:\/\/ottawacornwall.ca\/fr\/wp-json\/wp\/v2\/news\/32432","targetHints":{"allow":["GET"]}}],"collection":[{"href":"https:\/\/ottawacornwall.ca\/fr\/wp-json\/wp\/v2\/news"}],"about":[{"href":"https:\/\/ottawacornwall.ca\/fr\/wp-json\/wp\/v2\/types\/news"}],"author":[{"embeddable":true,"href":"https:\/\/ottawacornwall.ca\/fr\/wp-json\/wp\/v2\/users\/24"}],"replies":[{"embeddable":true,"href":"https:\/\/ottawacornwall.ca\/fr\/wp-json\/wp\/v2\/comments?post=32432"}],"version-history":[{"count":9,"href":"https:\/\/ottawacornwall.ca\/fr\/wp-json\/wp\/v2\/news\/32432\/revisions"}],"predecessor-version":[{"id":32461,"href":"https:\/\/ottawacornwall.ca\/fr\/wp-json\/wp\/v2\/news\/32432\/revisions\/32461"}],"wp:attachment":[{"href":"https:\/\/ottawacornwall.ca\/fr\/wp-json\/wp\/v2\/media?parent=32432"}],"wp:term":[{"taxonomy":"news_cate","embeddable":true,"href":"https:\/\/ottawacornwall.ca\/fr\/wp-json\/wp\/v2\/news_cate?post=32432"}],"curies":[{"name":"wp","href":"https:\/\/api.w.org\/{rel}","templated":true}]}}