{"id":32692,"date":"2025-06-18T13:43:49","date_gmt":"2025-06-18T17:43:49","guid":{"rendered":"https:\/\/wp268132.wpdns.ca\/?post_type=news&#038;p=32692"},"modified":"2025-08-07T14:59:15","modified_gmt":"2025-08-07T18:59:15","slug":"veillee-interreligieuse-au-monument-de-lholocauste-denonciation-de-la-haine-et-affirmation-de-la-solidarite","status":"publish","type":"news","link":"https:\/\/ottawacornwall.ca\/fr\/news\/veillee-interreligieuse-au-monument-de-lholocauste-denonciation-de-la-haine-et-affirmation-de-la-solidarite\/","title":{"rendered":"Veill\u00e9e interreligieuse au Monument de l\u2019Holocauste : d\u00e9nonciation de la haine et affirmation de la solidarit\u00e9"},"content":{"rendered":"\t\t<div data-elementor-type=\"wp-post\" data-elementor-id=\"32692\" class=\"elementor elementor-32692\" data-elementor-post-type=\"news\">\n\t\t\t\t<div class=\"elementor-element elementor-element-ed88cec e-flex e-con-boxed e-con e-parent\" data-id=\"ed88cec\" data-element_type=\"container\">\n\t\t\t\t\t<div class=\"e-con-inner\">\n\t\t\t\t<div class=\"elementor-element elementor-element-07d0c0b elementor-widget elementor-widget-image\" data-id=\"07d0c0b\" data-element_type=\"widget\" data-widget_type=\"image.default\">\n\t\t\t\t<div class=\"elementor-widget-container\">\n\t\t\t\t\t\t\t\t\t\t\t\t\t\t\t<img fetchpriority=\"high\" decoding=\"async\" width=\"800\" height=\"409\" src=\"https:\/\/ottawacornwall.ca\/wp-content\/uploads\/2025\/06\/agnesklein-crop-scaled-e1750113974782-1536x786-1-1024x524.jpg\" class=\"attachment-large size-large wp-image-32672\" alt=\"\" srcset=\"https:\/\/ottawacornwall.ca\/wp-content\/uploads\/2025\/06\/agnesklein-crop-scaled-e1750113974782-1536x786-1-1024x524.jpg 1024w, https:\/\/ottawacornwall.ca\/wp-content\/uploads\/2025\/06\/agnesklein-crop-scaled-e1750113974782-1536x786-1-300x154.jpg 300w, https:\/\/ottawacornwall.ca\/wp-content\/uploads\/2025\/06\/agnesklein-crop-scaled-e1750113974782-1536x786-1-768x393.jpg 768w, https:\/\/ottawacornwall.ca\/wp-content\/uploads\/2025\/06\/agnesklein-crop-scaled-e1750113974782-1536x786-1-31x16.jpg 31w, https:\/\/ottawacornwall.ca\/wp-content\/uploads\/2025\/06\/agnesklein-crop-scaled-e1750113974782-1536x786-1.jpg 1536w\" sizes=\"(max-width: 800px) 100vw, 800px\" \/>\t\t\t\t\t\t\t\t\t\t\t\t\t\t\t<\/div>\n\t\t\t\t<\/div>\n\t\t\t\t<div class=\"elementor-element elementor-element-3e547cf elementor-widget elementor-widget-text-editor\" data-id=\"3e547cf\" data-element_type=\"widget\" data-widget_type=\"text-editor.default\">\n\t\t\t\t<div class=\"elementor-widget-container\">\n\t\t\t\t\t\t\t\t\t<p style=\"text-align: center;\" data-start=\"70\" data-end=\"278\"><span style=\"color: #000000;\"><em>Agnes Klein, survivante de l\u2019Holocauste, prend la parole lors du rassemblement au Monument national de l\u2019Holocauste \u00e0 Ottawa, quelques jours apr\u00e8s sa profanation, le 15 juin 2025. (Cr\u00e9dit : Alex Dolansky)<\/em><\/span><\/p>\t\t\t\t\t\t\t\t<\/div>\n\t\t\t\t<\/div>\n\t\t\t\t<div class=\"elementor-element elementor-element-d41792c elementor-widget elementor-widget-text-editor\" data-id=\"d41792c\" data-element_type=\"widget\" data-widget_type=\"text-editor.default\">\n\t\t\t\t<div class=\"elementor-widget-container\">\n\t\t\t\t\t\t\t\t\t<p data-start=\"276\" data-end=\"661\">Le 15 juin dernier, une veill\u00e9e interreligieuse s\u2019est tenue au Monument national de l\u2019Holocauste \u00e0 Ottawa, en r\u00e9ponse \u00e0 un acte de vandalisme perp\u00e9tr\u00e9 quelques jours plus t\u00f4t. Le monument, situ\u00e9 sur la Kichi Zibi Mikan pr\u00e8s de Lebreton Flats, a \u00e9t\u00e9 souill\u00e9 par des graffitis rouges portant les mots \u00ab\u202fFeed Me\u202f\u00bb (Nourris-moi), inscrits en lettres majuscules dans la nuit du 8 au 9 juin.<\/p><p data-start=\"663\" data-end=\"930\">L\u2019incident a \u00e9t\u00e9 unanimement condamn\u00e9 comme un acte antis\u00e9mite, notamment par des personnalit\u00e9s politiques comme le d\u00e9put\u00e9 Yasir Naqvi et des repr\u00e9sentants de la communaut\u00e9 juive. L\u2019unit\u00e9 des crimes haineux du Service de police d\u2019Ottawa m\u00e8ne actuellement une enqu\u00eate.<\/p><p data-start=\"932\" data-end=\"1184\">Plus de 200 personnes se sont rassembl\u00e9es pour cette veill\u00e9e de pri\u00e8re et de solidarit\u00e9, qui a r\u00e9uni des membres de diff\u00e9rentes confessions religieuses, des survivants de l\u2019Holocauste, des leaders communautaires ainsi que des repr\u00e9sentants autochtones.<\/p><p data-start=\"1186\" data-end=\"1593\">Adam Silver, pr\u00e9sident-directeur g\u00e9n\u00e9ral de la F\u00e9d\u00e9ration juive d\u2019Ottawa, a rappel\u00e9 la gravit\u00e9 de cet acte :<br data-start=\"1294\" data-end=\"1297\" \/><em data-start=\"1297\" data-end=\"1593\">\u00ab La profanation du Monument national de l\u2019Holocauste ne constitue pas seulement un acte de vandalisme \u2014 c\u2019est une attaque contre la m\u00e9moire des six millions de Juifs assassin\u00e9s pendant la Shoah, ainsi que contre les valeurs de d\u00e9cence et d\u2019humanit\u00e9 que nous partageons en tant que Canadiens. \u00bb<\/em><\/p><p data-start=\"1595\" data-end=\"1942\"><strong>Mgr Yvan Mathieu, \u00e9v\u00eaque auxiliaire de l\u2019archidioc\u00e8se d\u2019Ottawa\u2013Cornwall<\/strong>, a soulign\u00e9 l\u2019importance d\u2019une r\u00e9ponse collective :<br data-start=\"1718\" data-end=\"1721\" \/><em data-start=\"1721\" data-end=\"1942\">\u00ab Nous devons nous unir \u00e0 nos fr\u00e8res et s\u0153urs qui souffrent. Il ne doit pas y avoir de place pour la haine au Canada. \u00catre en d\u00e9saccord ou critiquer une situation ne justifie jamais des gestes de violence ou de haine. \u00bb<\/em><\/p><p data-start=\"1944\" data-end=\"2216\">L\u2019a\u00een\u00e9e Verna McGregor, de la Premi\u00e8re Nation Kitigan Zibi Anishinabeg, a \u00e9galement pris la parole :<br data-start=\"2044\" data-end=\"2047\" \/><em data-start=\"2047\" data-end=\"2216\">\u00ab Nous sommes ici aujourd\u2019hui pour gu\u00e9rir ce lieu sacr\u00e9. Nous devons prendre soin les uns des autres, et cela passe par la recherche de la paix et de la coexistence. \u00bb<\/em><\/p><p data-start=\"2218\" data-end=\"2557\">Agnes Klein, survivante de l\u2019Holocauste, a livr\u00e9 un t\u00e9moignage bouleversant :<br data-start=\"2295\" data-end=\"2298\" \/><em data-start=\"2298\" data-end=\"2557\">\u00ab La peinture a peut-\u00eatre \u00e9t\u00e9 effac\u00e9e, mais sa m\u00e9moire persiste. Cet acte ravive les souvenirs d\u2019une \u00e9poque sombre, et montre que certaines formes de haine ne sont peut-\u00eatre jamais vraiment disparues. Mais nous sommes r\u00e9silients. Et nous allons tenir bon. \u00bb<\/em><\/p><p data-start=\"2559\" data-end=\"2780\">La veill\u00e9e s\u2019est conclue sur un appel \u00e0 la solidarit\u00e9 entre les communaut\u00e9s, \u00e0 la vigilance face \u00e0 la mont\u00e9e de l\u2019antis\u00e9mitisme, et \u00e0 l\u2019engagement actif pour promouvoir la paix, le respect et la dignit\u00e9 humaine pour tous.<\/p><p>CBC:\u00a0<a style=\"background-color: #ffffff; letter-spacing: 0px; font-weight: 400 !important;\" href=\"https:\/\/www.cbc.ca\/news\/canada\/ottawa\/holocaust-monument-vigil-calls-for-end-to-hate-crimes-1.7561913\">Holocaust monument vigil calls for end to hate crimes | CBC News<\/a>\u00a0<\/p><p><span style=\"letter-spacing: 0px;\">CJN:\u00a0<\/span><a style=\"background-color: #ffffff; letter-spacing: 0px; font-weight: 400 !important;\" href=\"https:\/\/thecjn.ca\/news\/at-an-interfaith-rally-at-the-national-holocaust-monument-prayers-for-peace-are-offered-after-an-act-of-vandalism\/\">At an interfaith rally at the National Holocaust Monument prayers for peace are offered after an act of vandalism<\/a><\/p>\t\t\t\t\t\t\t\t<\/div>\n\t\t\t\t<\/div>\n\t\t\t\t\t<\/div>\n\t\t\t\t<\/div>\n\t\t<div class=\"elementor-element elementor-element-986c72d e-flex e-con-boxed e-con e-parent\" data-id=\"986c72d\" data-element_type=\"container\">\n\t\t\t\t\t<div class=\"e-con-inner\">\n\t\t\t\t<div class=\"elementor-element elementor-element-8f6a01b elementor-widget elementor-widget-image\" data-id=\"8f6a01b\" data-element_type=\"widget\" data-widget_type=\"image.default\">\n\t\t\t\t<div class=\"elementor-widget-container\">\n\t\t\t\t\t\t\t\t\t\t\t\t\t\t\t<img decoding=\"async\" width=\"780\" height=\"439\" src=\"https:\/\/ottawacornwall.ca\/wp-content\/uploads\/2025\/06\/national-holocaust-memorial-monument-vigil-gathering-ottawa.avif\" class=\"attachment-large size-large wp-image-32674\" alt=\"\" srcset=\"https:\/\/ottawacornwall.ca\/wp-content\/uploads\/2025\/06\/national-holocaust-memorial-monument-vigil-gathering-ottawa.avif 780w, https:\/\/ottawacornwall.ca\/wp-content\/uploads\/2025\/06\/national-holocaust-memorial-monument-vigil-gathering-ottawa-300x169.avif 300w, https:\/\/ottawacornwall.ca\/wp-content\/uploads\/2025\/06\/national-holocaust-memorial-monument-vigil-gathering-ottawa-768x432.avif 768w, https:\/\/ottawacornwall.ca\/wp-content\/uploads\/2025\/06\/national-holocaust-memorial-monument-vigil-gathering-ottawa-31x17.avif 31w\" sizes=\"(max-width: 780px) 100vw, 780px\" \/>\t\t\t\t\t\t\t\t\t\t\t\t\t\t\t<\/div>\n\t\t\t\t<\/div>\n\t\t\t\t<div class=\"elementor-element elementor-element-220f5de elementor-widget elementor-widget-text-editor\" data-id=\"220f5de\" data-element_type=\"widget\" data-widget_type=\"text-editor.default\">\n\t\t\t\t<div class=\"elementor-widget-container\">\n\t\t\t\t\t\t\t\t\t<p style=\"text-align: center;\"><em><span style=\"color: #000000;\">Des personnes se rassemblent au Monument national de l\u2019Holocauste \u00e0 Ottawa, le dimanche 15 juin 2025. Le monument de b\u00e9ton avait \u00e9t\u00e9 vandalis\u00e9 avec de la peinture rouge environ une semaine plus t\u00f4t. (Benjamin Andrews\/CBC)<\/span><\/em><\/p>\t\t\t\t\t\t\t\t<\/div>\n\t\t\t\t<\/div>\n\t\t\t\t\t<\/div>\n\t\t\t\t<\/div>\n\t\t\t\t<\/div>\n\t\t","protected":false},"author":24,"featured_media":0,"comment_status":"closed","ping_status":"closed","template":"","news_cate":[74],"class_list":["post-32692","news","type-news","status-publish","hentry","news_cate-current-message"],"acf":[],"yoast_head":"<!-- This site is optimized with the Yoast SEO plugin v27.4 - https:\/\/yoast.com\/product\/yoast-seo-wordpress\/ -->\n<title>Veill\u00e9e interreligieuse au Monument de l\u2019Holocauste : d\u00e9nonciation de la haine et affirmation de la solidarit\u00e9 - Archdiocese of Ottawa-Cornwall<\/title>\n<meta name=\"robots\" content=\"index, follow, max-snippet:-1, max-image-preview:large, max-video-preview:-1\" \/>\n<link rel=\"canonical\" href=\"https:\/\/ottawacornwall.ca\/fr\/news\/veillee-interreligieuse-au-monument-de-lholocauste-denonciation-de-la-haine-et-affirmation-de-la-solidarite\/\" \/>\n<meta property=\"og:locale\" content=\"fr_FR\" \/>\n<meta property=\"og:type\" content=\"article\" \/>\n<meta property=\"og:title\" content=\"Veill\u00e9e interreligieuse au Monument de l\u2019Holocauste : d\u00e9nonciation de la haine et affirmation de la solidarit\u00e9 - Archdiocese of Ottawa-Cornwall\" \/>\n<meta property=\"og:description\" content=\"Agnes Klein, survivante de l\u2019Holocauste, prend la parole lors du rassemblement au Monument national de l\u2019Holocauste \u00e0 Ottawa, quelques jours apr\u00e8s sa profanation, le 15 juin 2025. (Cr\u00e9dit : Alex Dolansky) Le 15 juin dernier, une veill\u00e9e interreligieuse s\u2019est tenue au Monument national de l\u2019Holocauste \u00e0 Ottawa, en r\u00e9ponse \u00e0 un acte de vandalisme perp\u00e9tr\u00e9 [&hellip;]\" \/>\n<meta property=\"og:url\" content=\"https:\/\/ottawacornwall.ca\/fr\/news\/veillee-interreligieuse-au-monument-de-lholocauste-denonciation-de-la-haine-et-affirmation-de-la-solidarite\/\" \/>\n<meta property=\"og:site_name\" content=\"Archdiocese of Ottawa-Cornwall\" \/>\n<meta property=\"article:modified_time\" content=\"2025-08-07T18:59:15+00:00\" \/>\n<meta property=\"og:image\" content=\"http:\/\/ottawacornwall.ca\/wp-content\/uploads\/2025\/06\/agnesklein-crop-scaled-e1750113974782-1536x786-1-1024x524.jpg\" \/>\n<meta name=\"twitter:card\" content=\"summary_large_image\" \/>\n<meta name=\"twitter:label1\" content=\"Dur\u00e9e de lecture estim\u00e9e\" \/>\n\t<meta name=\"twitter:data1\" content=\"3 minutes\" \/>\n<script type=\"application\/ld+json\" class=\"yoast-schema-graph\">{\"@context\":\"https:\\\/\\\/schema.org\",\"@graph\":[{\"@type\":\"WebPage\",\"@id\":\"https:\\\/\\\/ottawacornwall.ca\\\/fr\\\/news\\\/veillee-interreligieuse-au-monument-de-lholocauste-denonciation-de-la-haine-et-affirmation-de-la-solidarite\\\/\",\"url\":\"https:\\\/\\\/ottawacornwall.ca\\\/fr\\\/news\\\/veillee-interreligieuse-au-monument-de-lholocauste-denonciation-de-la-haine-et-affirmation-de-la-solidarite\\\/\",\"name\":\"Veill\u00e9e interreligieuse au Monument de l\u2019Holocauste : d\u00e9nonciation de la haine et affirmation de la solidarit\u00e9 - Archdiocese of Ottawa-Cornwall\",\"isPartOf\":{\"@id\":\"https:\\\/\\\/ottawacornwall.ca\\\/#website\"},\"primaryImageOfPage\":{\"@id\":\"https:\\\/\\\/ottawacornwall.ca\\\/fr\\\/news\\\/veillee-interreligieuse-au-monument-de-lholocauste-denonciation-de-la-haine-et-affirmation-de-la-solidarite\\\/#primaryimage\"},\"image\":{\"@id\":\"https:\\\/\\\/ottawacornwall.ca\\\/fr\\\/news\\\/veillee-interreligieuse-au-monument-de-lholocauste-denonciation-de-la-haine-et-affirmation-de-la-solidarite\\\/#primaryimage\"},\"thumbnailUrl\":\"http:\\\/\\\/ottawacornwall.ca\\\/wp-content\\\/uploads\\\/2025\\\/06\\\/agnesklein-crop-scaled-e1750113974782-1536x786-1-1024x524.jpg\",\"datePublished\":\"2025-06-18T17:43:49+00:00\",\"dateModified\":\"2025-08-07T18:59:15+00:00\",\"breadcrumb\":{\"@id\":\"https:\\\/\\\/ottawacornwall.ca\\\/fr\\\/news\\\/veillee-interreligieuse-au-monument-de-lholocauste-denonciation-de-la-haine-et-affirmation-de-la-solidarite\\\/#breadcrumb\"},\"inLanguage\":\"fr-FR\",\"potentialAction\":[{\"@type\":\"ReadAction\",\"target\":[\"https:\\\/\\\/ottawacornwall.ca\\\/fr\\\/news\\\/veillee-interreligieuse-au-monument-de-lholocauste-denonciation-de-la-haine-et-affirmation-de-la-solidarite\\\/\"]}]},{\"@type\":\"ImageObject\",\"inLanguage\":\"fr-FR\",\"@id\":\"https:\\\/\\\/ottawacornwall.ca\\\/fr\\\/news\\\/veillee-interreligieuse-au-monument-de-lholocauste-denonciation-de-la-haine-et-affirmation-de-la-solidarite\\\/#primaryimage\",\"url\":\"http:\\\/\\\/ottawacornwall.ca\\\/wp-content\\\/uploads\\\/2025\\\/06\\\/agnesklein-crop-scaled-e1750113974782-1536x786-1-1024x524.jpg\",\"contentUrl\":\"http:\\\/\\\/ottawacornwall.ca\\\/wp-content\\\/uploads\\\/2025\\\/06\\\/agnesklein-crop-scaled-e1750113974782-1536x786-1-1024x524.jpg\"},{\"@type\":\"BreadcrumbList\",\"@id\":\"https:\\\/\\\/ottawacornwall.ca\\\/fr\\\/news\\\/veillee-interreligieuse-au-monument-de-lholocauste-denonciation-de-la-haine-et-affirmation-de-la-solidarite\\\/#breadcrumb\",\"itemListElement\":[{\"@type\":\"ListItem\",\"position\":1,\"name\":\"Home\",\"item\":\"https:\\\/\\\/ottawacornwall.ca\\\/fr\\\/\"},{\"@type\":\"ListItem\",\"position\":2,\"name\":\"Veill\u00e9e interreligieuse au Monument de l\u2019Holocauste : d\u00e9nonciation de la haine et affirmation de la solidarit\u00e9\"}]},{\"@type\":\"WebSite\",\"@id\":\"https:\\\/\\\/ottawacornwall.ca\\\/#website\",\"url\":\"https:\\\/\\\/ottawacornwall.ca\\\/\",\"name\":\"Archdiocese of Ottawa-Cornwall\",\"description\":\"Welcome to the  Ottawa-Cornwall Archdiocese!\",\"publisher\":{\"@id\":\"https:\\\/\\\/ottawacornwall.ca\\\/#organization\"},\"potentialAction\":[{\"@type\":\"SearchAction\",\"target\":{\"@type\":\"EntryPoint\",\"urlTemplate\":\"https:\\\/\\\/ottawacornwall.ca\\\/?s={search_term_string}\"},\"query-input\":{\"@type\":\"PropertyValueSpecification\",\"valueRequired\":true,\"valueName\":\"search_term_string\"}}],\"inLanguage\":\"fr-FR\"},{\"@type\":\"Organization\",\"@id\":\"https:\\\/\\\/ottawacornwall.ca\\\/#organization\",\"name\":\"Archdiocese of Ottawa-Cornwall\",\"url\":\"https:\\\/\\\/ottawacornwall.ca\\\/\",\"logo\":{\"@type\":\"ImageObject\",\"inLanguage\":\"fr-FR\",\"@id\":\"https:\\\/\\\/ottawacornwall.ca\\\/#\\\/schema\\\/logo\\\/image\\\/\",\"url\":\"https:\\\/\\\/ottawacornwall.ca\\\/wp-content\\\/uploads\\\/2022\\\/11\\\/Archdiocese-Logo-Horizontal-Reverse-1.svg\",\"contentUrl\":\"https:\\\/\\\/ottawacornwall.ca\\\/wp-content\\\/uploads\\\/2022\\\/11\\\/Archdiocese-Logo-Horizontal-Reverse-1.svg\",\"caption\":\"Archdiocese of Ottawa-Cornwall\"},\"image\":{\"@id\":\"https:\\\/\\\/ottawacornwall.ca\\\/#\\\/schema\\\/logo\\\/image\\\/\"}}]}<\/script>\n<!-- \/ Yoast SEO plugin. -->","yoast_head_json":{"title":"Veill\u00e9e interreligieuse au Monument de l\u2019Holocauste : d\u00e9nonciation de la haine et affirmation de la solidarit\u00e9 - Archdiocese of Ottawa-Cornwall","robots":{"index":"index","follow":"follow","max-snippet":"max-snippet:-1","max-image-preview":"max-image-preview:large","max-video-preview":"max-video-preview:-1"},"canonical":"https:\/\/ottawacornwall.ca\/fr\/news\/veillee-interreligieuse-au-monument-de-lholocauste-denonciation-de-la-haine-et-affirmation-de-la-solidarite\/","og_locale":"fr_FR","og_type":"article","og_title":"Veill\u00e9e interreligieuse au Monument de l\u2019Holocauste : d\u00e9nonciation de la haine et affirmation de la solidarit\u00e9 - Archdiocese of Ottawa-Cornwall","og_description":"Agnes Klein, survivante de l\u2019Holocauste, prend la parole lors du rassemblement au Monument national de l\u2019Holocauste \u00e0 Ottawa, quelques jours apr\u00e8s sa profanation, le 15 juin 2025. (Cr\u00e9dit : Alex Dolansky) Le 15 juin dernier, une veill\u00e9e interreligieuse s\u2019est tenue au Monument national de l\u2019Holocauste \u00e0 Ottawa, en r\u00e9ponse \u00e0 un acte de vandalisme perp\u00e9tr\u00e9 [&hellip;]","og_url":"https:\/\/ottawacornwall.ca\/fr\/news\/veillee-interreligieuse-au-monument-de-lholocauste-denonciation-de-la-haine-et-affirmation-de-la-solidarite\/","og_site_name":"Archdiocese of Ottawa-Cornwall","article_modified_time":"2025-08-07T18:59:15+00:00","og_image":[{"url":"http:\/\/ottawacornwall.ca\/wp-content\/uploads\/2025\/06\/agnesklein-crop-scaled-e1750113974782-1536x786-1-1024x524.jpg","type":"","width":"","height":""}],"twitter_card":"summary_large_image","twitter_misc":{"Dur\u00e9e de lecture estim\u00e9e":"3 minutes"},"schema":{"@context":"https:\/\/schema.org","@graph":[{"@type":"WebPage","@id":"https:\/\/ottawacornwall.ca\/fr\/news\/veillee-interreligieuse-au-monument-de-lholocauste-denonciation-de-la-haine-et-affirmation-de-la-solidarite\/","url":"https:\/\/ottawacornwall.ca\/fr\/news\/veillee-interreligieuse-au-monument-de-lholocauste-denonciation-de-la-haine-et-affirmation-de-la-solidarite\/","name":"Veill\u00e9e interreligieuse au Monument de l\u2019Holocauste : d\u00e9nonciation de la haine et affirmation de la solidarit\u00e9 - Archdiocese of Ottawa-Cornwall","isPartOf":{"@id":"https:\/\/ottawacornwall.ca\/#website"},"primaryImageOfPage":{"@id":"https:\/\/ottawacornwall.ca\/fr\/news\/veillee-interreligieuse-au-monument-de-lholocauste-denonciation-de-la-haine-et-affirmation-de-la-solidarite\/#primaryimage"},"image":{"@id":"https:\/\/ottawacornwall.ca\/fr\/news\/veillee-interreligieuse-au-monument-de-lholocauste-denonciation-de-la-haine-et-affirmation-de-la-solidarite\/#primaryimage"},"thumbnailUrl":"http:\/\/ottawacornwall.ca\/wp-content\/uploads\/2025\/06\/agnesklein-crop-scaled-e1750113974782-1536x786-1-1024x524.jpg","datePublished":"2025-06-18T17:43:49+00:00","dateModified":"2025-08-07T18:59:15+00:00","breadcrumb":{"@id":"https:\/\/ottawacornwall.ca\/fr\/news\/veillee-interreligieuse-au-monument-de-lholocauste-denonciation-de-la-haine-et-affirmation-de-la-solidarite\/#breadcrumb"},"inLanguage":"fr-FR","potentialAction":[{"@type":"ReadAction","target":["https:\/\/ottawacornwall.ca\/fr\/news\/veillee-interreligieuse-au-monument-de-lholocauste-denonciation-de-la-haine-et-affirmation-de-la-solidarite\/"]}]},{"@type":"ImageObject","inLanguage":"fr-FR","@id":"https:\/\/ottawacornwall.ca\/fr\/news\/veillee-interreligieuse-au-monument-de-lholocauste-denonciation-de-la-haine-et-affirmation-de-la-solidarite\/#primaryimage","url":"http:\/\/ottawacornwall.ca\/wp-content\/uploads\/2025\/06\/agnesklein-crop-scaled-e1750113974782-1536x786-1-1024x524.jpg","contentUrl":"http:\/\/ottawacornwall.ca\/wp-content\/uploads\/2025\/06\/agnesklein-crop-scaled-e1750113974782-1536x786-1-1024x524.jpg"},{"@type":"BreadcrumbList","@id":"https:\/\/ottawacornwall.ca\/fr\/news\/veillee-interreligieuse-au-monument-de-lholocauste-denonciation-de-la-haine-et-affirmation-de-la-solidarite\/#breadcrumb","itemListElement":[{"@type":"ListItem","position":1,"name":"Home","item":"https:\/\/ottawacornwall.ca\/fr\/"},{"@type":"ListItem","position":2,"name":"Veill\u00e9e interreligieuse au Monument de l\u2019Holocauste : d\u00e9nonciation de la haine et affirmation de la solidarit\u00e9"}]},{"@type":"WebSite","@id":"https:\/\/ottawacornwall.ca\/#website","url":"https:\/\/ottawacornwall.ca\/","name":"Archdiocese of Ottawa-Cornwall","description":"Welcome to the  Ottawa-Cornwall Archdiocese!","publisher":{"@id":"https:\/\/ottawacornwall.ca\/#organization"},"potentialAction":[{"@type":"SearchAction","target":{"@type":"EntryPoint","urlTemplate":"https:\/\/ottawacornwall.ca\/?s={search_term_string}"},"query-input":{"@type":"PropertyValueSpecification","valueRequired":true,"valueName":"search_term_string"}}],"inLanguage":"fr-FR"},{"@type":"Organization","@id":"https:\/\/ottawacornwall.ca\/#organization","name":"Archdiocese of Ottawa-Cornwall","url":"https:\/\/ottawacornwall.ca\/","logo":{"@type":"ImageObject","inLanguage":"fr-FR","@id":"https:\/\/ottawacornwall.ca\/#\/schema\/logo\/image\/","url":"https:\/\/ottawacornwall.ca\/wp-content\/uploads\/2022\/11\/Archdiocese-Logo-Horizontal-Reverse-1.svg","contentUrl":"https:\/\/ottawacornwall.ca\/wp-content\/uploads\/2022\/11\/Archdiocese-Logo-Horizontal-Reverse-1.svg","caption":"Archdiocese of Ottawa-Cornwall"},"image":{"@id":"https:\/\/ottawacornwall.ca\/#\/schema\/logo\/image\/"}}]}},"_links":{"self":[{"href":"https:\/\/ottawacornwall.ca\/fr\/wp-json\/wp\/v2\/news\/32692","targetHints":{"allow":["GET"]}}],"collection":[{"href":"https:\/\/ottawacornwall.ca\/fr\/wp-json\/wp\/v2\/news"}],"about":[{"href":"https:\/\/ottawacornwall.ca\/fr\/wp-json\/wp\/v2\/types\/news"}],"author":[{"embeddable":true,"href":"https:\/\/ottawacornwall.ca\/fr\/wp-json\/wp\/v2\/users\/24"}],"replies":[{"embeddable":true,"href":"https:\/\/ottawacornwall.ca\/fr\/wp-json\/wp\/v2\/comments?post=32692"}],"version-history":[{"count":9,"href":"https:\/\/ottawacornwall.ca\/fr\/wp-json\/wp\/v2\/news\/32692\/revisions"}],"predecessor-version":[{"id":32701,"href":"https:\/\/ottawacornwall.ca\/fr\/wp-json\/wp\/v2\/news\/32692\/revisions\/32701"}],"wp:attachment":[{"href":"https:\/\/ottawacornwall.ca\/fr\/wp-json\/wp\/v2\/media?parent=32692"}],"wp:term":[{"taxonomy":"news_cate","embeddable":true,"href":"https:\/\/ottawacornwall.ca\/fr\/wp-json\/wp\/v2\/news_cate?post=32692"}],"curies":[{"name":"wp","href":"https:\/\/api.w.org\/{rel}","templated":true}]}}