{"id":33416,"date":"2025-08-15T12:16:48","date_gmt":"2025-08-15T16:16:48","guid":{"rendered":"https:\/\/wp268132.wpdns.ca\/?post_type=news&#038;p=33416"},"modified":"2025-09-17T14:11:10","modified_gmt":"2025-09-17T18:11:10","slug":"mois-missionnaire-2025-missionnaires-de-lesperance-parmi-les-peuples","status":"publish","type":"news","link":"https:\/\/ottawacornwall.ca\/fr\/news\/mois-missionnaire-2025-missionnaires-de-lesperance-parmi-les-peuples\/","title":{"rendered":"Mois missionnaire 2025 : Missionnaires de l\u2019esp\u00e9rance parmi les peuples"},"content":{"rendered":"\t\t<div data-elementor-type=\"wp-post\" data-elementor-id=\"33416\" class=\"elementor elementor-33416\" data-elementor-post-type=\"news\">\n\t\t\t\t<div class=\"elementor-element elementor-element-8d20a5b e-flex e-con-boxed e-con e-parent\" data-id=\"8d20a5b\" data-element_type=\"container\">\n\t\t\t\t\t<div class=\"e-con-inner\">\n\t\t\t\t<div class=\"elementor-element elementor-element-ab2e4c2 elementor-widget elementor-widget-text-editor\" data-id=\"ab2e4c2\" data-element_type=\"widget\" data-widget_type=\"text-editor.default\">\n\t\t\t\t<div class=\"elementor-widget-container\">\n\t\t\t\t\t\t\t\t\t<h3>C\u00c9L\u00c9BRER, FAIRE CONNAITRE, ET SOUTENIR L&rsquo;ACTION MISSIONNAIRE<\/h3><p>Le Mois missionnaire d\u2019octobre est une occasion pour l\u2019\u00c9glise de souligner l\u2019importance de l\u2019engagement missionnaire de la part de tous les baptis\u00e9s, ainsi que les diverses initiatives d\u2019\u00e9vang\u00e9lisation qui y sont rattach\u00e9es. La Journ\u00e9e mondiale des missions (JMM) \u2013 instaur\u00e9e par le pape Pie XI en 1926 et confi\u00e9e \u00e0 l\u2019\u0152uvre pontificale de la propagation de la foi \u2013 constitue le point culminent du Mois. C\u00e9l\u00e9br\u00e9e chaque avant-dernier dimanche d\u2019octobre, c\u2019est une journ\u00e9e sp\u00e9ciale de pri\u00e8re et de collecte de fonds pour venir en aide aux diverses initiatives soutenues par l\u2019\u0152uvre pontificale de la propagation de la foi partout dans le monde.<\/p>\t\t\t\t\t\t\t\t<\/div>\n\t\t\t\t<\/div>\n\t\t\t\t<div class=\"elementor-element elementor-element-844abe4 elementor-widget elementor-widget-image\" data-id=\"844abe4\" data-element_type=\"widget\" data-widget_type=\"image.default\">\n\t\t\t\t<div class=\"elementor-widget-container\">\n\t\t\t\t\t\t\t\t\t\t\t\t\t\t\t<img fetchpriority=\"high\" decoding=\"async\" width=\"791\" height=\"1024\" src=\"https:\/\/ottawacornwall.ca\/wp-content\/uploads\/2025\/08\/MM2025_affiche_85x11_FR_BR-791x1024.png\" class=\"attachment-large size-large wp-image-33423\" alt=\"\" srcset=\"https:\/\/ottawacornwall.ca\/wp-content\/uploads\/2025\/08\/MM2025_affiche_85x11_FR_BR-791x1024.png 791w, https:\/\/ottawacornwall.ca\/wp-content\/uploads\/2025\/08\/MM2025_affiche_85x11_FR_BR-232x300.png 232w, https:\/\/ottawacornwall.ca\/wp-content\/uploads\/2025\/08\/MM2025_affiche_85x11_FR_BR-768x994.png 768w, https:\/\/ottawacornwall.ca\/wp-content\/uploads\/2025\/08\/MM2025_affiche_85x11_FR_BR-1187x1536.png 1187w, https:\/\/ottawacornwall.ca\/wp-content\/uploads\/2025\/08\/MM2025_affiche_85x11_FR_BR-1583x2048.png 1583w, https:\/\/ottawacornwall.ca\/wp-content\/uploads\/2025\/08\/MM2025_affiche_85x11_FR_BR-scaled.png 1978w\" sizes=\"(max-width: 791px) 100vw, 791px\" \/>\t\t\t\t\t\t\t\t\t\t\t\t\t\t\t<\/div>\n\t\t\t\t<\/div>\n\t\t\t\t\t<\/div>\n\t\t\t\t<\/div>\n\t\t<div class=\"elementor-element elementor-element-36a41f2 e-flex e-con-boxed e-con e-parent\" data-id=\"36a41f2\" data-element_type=\"container\">\n\t\t\t\t\t<div class=\"e-con-inner\">\n\t\t\t\t<div class=\"elementor-element elementor-element-4dd916b elementor-widget elementor-widget-image\" data-id=\"4dd916b\" data-element_type=\"widget\" data-widget_type=\"image.default\">\n\t\t\t\t<div class=\"elementor-widget-container\">\n\t\t\t\t\t\t\t\t\t\t\t\t\t\t\t<img decoding=\"async\" width=\"496\" height=\"1024\" src=\"https:\/\/ottawacornwall.ca\/wp-content\/uploads\/2025\/08\/MM2025_priere_FR_BR-496x1024.png\" class=\"attachment-large size-large wp-image-33425\" alt=\"\" srcset=\"https:\/\/ottawacornwall.ca\/wp-content\/uploads\/2025\/08\/MM2025_priere_FR_BR-496x1024.png 496w, https:\/\/ottawacornwall.ca\/wp-content\/uploads\/2025\/08\/MM2025_priere_FR_BR-145x300.png 145w, https:\/\/ottawacornwall.ca\/wp-content\/uploads\/2025\/08\/MM2025_priere_FR_BR-768x1584.png 768w, https:\/\/ottawacornwall.ca\/wp-content\/uploads\/2025\/08\/MM2025_priere_FR_BR-745x1536.png 745w, https:\/\/ottawacornwall.ca\/wp-content\/uploads\/2025\/08\/MM2025_priere_FR_BR-993x2048.png 993w, https:\/\/ottawacornwall.ca\/wp-content\/uploads\/2025\/08\/MM2025_priere_FR_BR.png 1200w\" sizes=\"(max-width: 496px) 100vw, 496px\" \/>\t\t\t\t\t\t\t\t\t\t\t\t\t\t\t<\/div>\n\t\t\t\t<\/div>\n\t\t\t\t\t<\/div>\n\t\t\t\t<\/div>\n\t\t\t\t<\/div>\n\t\t","protected":false},"author":24,"featured_media":0,"comment_status":"closed","ping_status":"closed","template":"","news_cate":[74,77],"class_list":["post-33416","news","type-news","status-publish","hentry","news_cate-current-message","news_cate-news-from-our-parishes"],"acf":[],"yoast_head":"<!-- This site is optimized with the Yoast SEO plugin v27.4 - https:\/\/yoast.com\/product\/yoast-seo-wordpress\/ -->\n<title>Mois missionnaire 2025 : Missionnaires de l\u2019esp\u00e9rance parmi les peuples - Archdiocese of Ottawa-Cornwall<\/title>\n<meta name=\"robots\" content=\"index, follow, max-snippet:-1, max-image-preview:large, max-video-preview:-1\" \/>\n<link rel=\"canonical\" href=\"https:\/\/ottawacornwall.ca\/fr\/news\/mois-missionnaire-2025-missionnaires-de-lesperance-parmi-les-peuples\/\" \/>\n<meta property=\"og:locale\" content=\"fr_FR\" \/>\n<meta property=\"og:type\" content=\"article\" \/>\n<meta property=\"og:title\" content=\"Mois missionnaire 2025 : Missionnaires de l\u2019esp\u00e9rance parmi les peuples - Archdiocese of Ottawa-Cornwall\" \/>\n<meta property=\"og:description\" content=\"C\u00c9L\u00c9BRER, FAIRE CONNAITRE, ET SOUTENIR L&rsquo;ACTION MISSIONNAIRE Le Mois missionnaire d\u2019octobre est une occasion pour l\u2019\u00c9glise de souligner l\u2019importance de l\u2019engagement missionnaire de la part de tous les baptis\u00e9s, ainsi que les diverses initiatives d\u2019\u00e9vang\u00e9lisation qui y sont rattach\u00e9es. La Journ\u00e9e mondiale des missions (JMM) \u2013 instaur\u00e9e par le pape Pie XI en 1926 et [&hellip;]\" \/>\n<meta property=\"og:url\" content=\"https:\/\/ottawacornwall.ca\/fr\/news\/mois-missionnaire-2025-missionnaires-de-lesperance-parmi-les-peuples\/\" \/>\n<meta property=\"og:site_name\" content=\"Archdiocese of Ottawa-Cornwall\" \/>\n<meta property=\"article:modified_time\" content=\"2025-09-17T18:11:10+00:00\" \/>\n<meta property=\"og:image\" content=\"http:\/\/ottawacornwall.ca\/wp-content\/uploads\/2025\/08\/MM2025_affiche_85x11_FR_BR-791x1024.png\" \/>\n<meta name=\"twitter:card\" content=\"summary_large_image\" \/>\n<meta name=\"twitter:label1\" content=\"Dur\u00e9e de lecture estim\u00e9e\" \/>\n\t<meta name=\"twitter:data1\" content=\"1 minute\" \/>\n<script type=\"application\/ld+json\" class=\"yoast-schema-graph\">{\"@context\":\"https:\\\/\\\/schema.org\",\"@graph\":[{\"@type\":\"WebPage\",\"@id\":\"https:\\\/\\\/ottawacornwall.ca\\\/fr\\\/news\\\/mois-missionnaire-2025-missionnaires-de-lesperance-parmi-les-peuples\\\/\",\"url\":\"https:\\\/\\\/ottawacornwall.ca\\\/fr\\\/news\\\/mois-missionnaire-2025-missionnaires-de-lesperance-parmi-les-peuples\\\/\",\"name\":\"Mois missionnaire 2025 : Missionnaires de l\u2019esp\u00e9rance parmi les peuples - Archdiocese of Ottawa-Cornwall\",\"isPartOf\":{\"@id\":\"https:\\\/\\\/ottawacornwall.ca\\\/#website\"},\"primaryImageOfPage\":{\"@id\":\"https:\\\/\\\/ottawacornwall.ca\\\/fr\\\/news\\\/mois-missionnaire-2025-missionnaires-de-lesperance-parmi-les-peuples\\\/#primaryimage\"},\"image\":{\"@id\":\"https:\\\/\\\/ottawacornwall.ca\\\/fr\\\/news\\\/mois-missionnaire-2025-missionnaires-de-lesperance-parmi-les-peuples\\\/#primaryimage\"},\"thumbnailUrl\":\"http:\\\/\\\/ottawacornwall.ca\\\/wp-content\\\/uploads\\\/2025\\\/08\\\/MM2025_affiche_85x11_FR_BR-791x1024.png\",\"datePublished\":\"2025-08-15T16:16:48+00:00\",\"dateModified\":\"2025-09-17T18:11:10+00:00\",\"breadcrumb\":{\"@id\":\"https:\\\/\\\/ottawacornwall.ca\\\/fr\\\/news\\\/mois-missionnaire-2025-missionnaires-de-lesperance-parmi-les-peuples\\\/#breadcrumb\"},\"inLanguage\":\"fr-FR\",\"potentialAction\":[{\"@type\":\"ReadAction\",\"target\":[\"https:\\\/\\\/ottawacornwall.ca\\\/fr\\\/news\\\/mois-missionnaire-2025-missionnaires-de-lesperance-parmi-les-peuples\\\/\"]}]},{\"@type\":\"ImageObject\",\"inLanguage\":\"fr-FR\",\"@id\":\"https:\\\/\\\/ottawacornwall.ca\\\/fr\\\/news\\\/mois-missionnaire-2025-missionnaires-de-lesperance-parmi-les-peuples\\\/#primaryimage\",\"url\":\"http:\\\/\\\/ottawacornwall.ca\\\/wp-content\\\/uploads\\\/2025\\\/08\\\/MM2025_affiche_85x11_FR_BR-791x1024.png\",\"contentUrl\":\"http:\\\/\\\/ottawacornwall.ca\\\/wp-content\\\/uploads\\\/2025\\\/08\\\/MM2025_affiche_85x11_FR_BR-791x1024.png\"},{\"@type\":\"BreadcrumbList\",\"@id\":\"https:\\\/\\\/ottawacornwall.ca\\\/fr\\\/news\\\/mois-missionnaire-2025-missionnaires-de-lesperance-parmi-les-peuples\\\/#breadcrumb\",\"itemListElement\":[{\"@type\":\"ListItem\",\"position\":1,\"name\":\"Home\",\"item\":\"https:\\\/\\\/ottawacornwall.ca\\\/fr\\\/\"},{\"@type\":\"ListItem\",\"position\":2,\"name\":\"Mois missionnaire 2025 : Missionnaires de l\u2019esp\u00e9rance parmi les peuples\"}]},{\"@type\":\"WebSite\",\"@id\":\"https:\\\/\\\/ottawacornwall.ca\\\/#website\",\"url\":\"https:\\\/\\\/ottawacornwall.ca\\\/\",\"name\":\"Archdiocese of Ottawa-Cornwall\",\"description\":\"Welcome to the  Ottawa-Cornwall Archdiocese!\",\"publisher\":{\"@id\":\"https:\\\/\\\/ottawacornwall.ca\\\/#organization\"},\"potentialAction\":[{\"@type\":\"SearchAction\",\"target\":{\"@type\":\"EntryPoint\",\"urlTemplate\":\"https:\\\/\\\/ottawacornwall.ca\\\/?s={search_term_string}\"},\"query-input\":{\"@type\":\"PropertyValueSpecification\",\"valueRequired\":true,\"valueName\":\"search_term_string\"}}],\"inLanguage\":\"fr-FR\"},{\"@type\":\"Organization\",\"@id\":\"https:\\\/\\\/ottawacornwall.ca\\\/#organization\",\"name\":\"Archdiocese of Ottawa-Cornwall\",\"url\":\"https:\\\/\\\/ottawacornwall.ca\\\/\",\"logo\":{\"@type\":\"ImageObject\",\"inLanguage\":\"fr-FR\",\"@id\":\"https:\\\/\\\/ottawacornwall.ca\\\/#\\\/schema\\\/logo\\\/image\\\/\",\"url\":\"https:\\\/\\\/ottawacornwall.ca\\\/wp-content\\\/uploads\\\/2022\\\/11\\\/Archdiocese-Logo-Horizontal-Reverse-1.svg\",\"contentUrl\":\"https:\\\/\\\/ottawacornwall.ca\\\/wp-content\\\/uploads\\\/2022\\\/11\\\/Archdiocese-Logo-Horizontal-Reverse-1.svg\",\"caption\":\"Archdiocese of Ottawa-Cornwall\"},\"image\":{\"@id\":\"https:\\\/\\\/ottawacornwall.ca\\\/#\\\/schema\\\/logo\\\/image\\\/\"}}]}<\/script>\n<!-- \/ Yoast SEO plugin. -->","yoast_head_json":{"title":"Mois missionnaire 2025 : Missionnaires de l\u2019esp\u00e9rance parmi les peuples - Archdiocese of Ottawa-Cornwall","robots":{"index":"index","follow":"follow","max-snippet":"max-snippet:-1","max-image-preview":"max-image-preview:large","max-video-preview":"max-video-preview:-1"},"canonical":"https:\/\/ottawacornwall.ca\/fr\/news\/mois-missionnaire-2025-missionnaires-de-lesperance-parmi-les-peuples\/","og_locale":"fr_FR","og_type":"article","og_title":"Mois missionnaire 2025 : Missionnaires de l\u2019esp\u00e9rance parmi les peuples - Archdiocese of Ottawa-Cornwall","og_description":"C\u00c9L\u00c9BRER, FAIRE CONNAITRE, ET SOUTENIR L&rsquo;ACTION MISSIONNAIRE Le Mois missionnaire d\u2019octobre est une occasion pour l\u2019\u00c9glise de souligner l\u2019importance de l\u2019engagement missionnaire de la part de tous les baptis\u00e9s, ainsi que les diverses initiatives d\u2019\u00e9vang\u00e9lisation qui y sont rattach\u00e9es. La Journ\u00e9e mondiale des missions (JMM) \u2013 instaur\u00e9e par le pape Pie XI en 1926 et [&hellip;]","og_url":"https:\/\/ottawacornwall.ca\/fr\/news\/mois-missionnaire-2025-missionnaires-de-lesperance-parmi-les-peuples\/","og_site_name":"Archdiocese of Ottawa-Cornwall","article_modified_time":"2025-09-17T18:11:10+00:00","og_image":[{"url":"http:\/\/ottawacornwall.ca\/wp-content\/uploads\/2025\/08\/MM2025_affiche_85x11_FR_BR-791x1024.png","type":"","width":"","height":""}],"twitter_card":"summary_large_image","twitter_misc":{"Dur\u00e9e de lecture estim\u00e9e":"1 minute"},"schema":{"@context":"https:\/\/schema.org","@graph":[{"@type":"WebPage","@id":"https:\/\/ottawacornwall.ca\/fr\/news\/mois-missionnaire-2025-missionnaires-de-lesperance-parmi-les-peuples\/","url":"https:\/\/ottawacornwall.ca\/fr\/news\/mois-missionnaire-2025-missionnaires-de-lesperance-parmi-les-peuples\/","name":"Mois missionnaire 2025 : Missionnaires de l\u2019esp\u00e9rance parmi les peuples - Archdiocese of Ottawa-Cornwall","isPartOf":{"@id":"https:\/\/ottawacornwall.ca\/#website"},"primaryImageOfPage":{"@id":"https:\/\/ottawacornwall.ca\/fr\/news\/mois-missionnaire-2025-missionnaires-de-lesperance-parmi-les-peuples\/#primaryimage"},"image":{"@id":"https:\/\/ottawacornwall.ca\/fr\/news\/mois-missionnaire-2025-missionnaires-de-lesperance-parmi-les-peuples\/#primaryimage"},"thumbnailUrl":"http:\/\/ottawacornwall.ca\/wp-content\/uploads\/2025\/08\/MM2025_affiche_85x11_FR_BR-791x1024.png","datePublished":"2025-08-15T16:16:48+00:00","dateModified":"2025-09-17T18:11:10+00:00","breadcrumb":{"@id":"https:\/\/ottawacornwall.ca\/fr\/news\/mois-missionnaire-2025-missionnaires-de-lesperance-parmi-les-peuples\/#breadcrumb"},"inLanguage":"fr-FR","potentialAction":[{"@type":"ReadAction","target":["https:\/\/ottawacornwall.ca\/fr\/news\/mois-missionnaire-2025-missionnaires-de-lesperance-parmi-les-peuples\/"]}]},{"@type":"ImageObject","inLanguage":"fr-FR","@id":"https:\/\/ottawacornwall.ca\/fr\/news\/mois-missionnaire-2025-missionnaires-de-lesperance-parmi-les-peuples\/#primaryimage","url":"http:\/\/ottawacornwall.ca\/wp-content\/uploads\/2025\/08\/MM2025_affiche_85x11_FR_BR-791x1024.png","contentUrl":"http:\/\/ottawacornwall.ca\/wp-content\/uploads\/2025\/08\/MM2025_affiche_85x11_FR_BR-791x1024.png"},{"@type":"BreadcrumbList","@id":"https:\/\/ottawacornwall.ca\/fr\/news\/mois-missionnaire-2025-missionnaires-de-lesperance-parmi-les-peuples\/#breadcrumb","itemListElement":[{"@type":"ListItem","position":1,"name":"Home","item":"https:\/\/ottawacornwall.ca\/fr\/"},{"@type":"ListItem","position":2,"name":"Mois missionnaire 2025 : Missionnaires de l\u2019esp\u00e9rance parmi les peuples"}]},{"@type":"WebSite","@id":"https:\/\/ottawacornwall.ca\/#website","url":"https:\/\/ottawacornwall.ca\/","name":"Archdiocese of Ottawa-Cornwall","description":"Welcome to the  Ottawa-Cornwall Archdiocese!","publisher":{"@id":"https:\/\/ottawacornwall.ca\/#organization"},"potentialAction":[{"@type":"SearchAction","target":{"@type":"EntryPoint","urlTemplate":"https:\/\/ottawacornwall.ca\/?s={search_term_string}"},"query-input":{"@type":"PropertyValueSpecification","valueRequired":true,"valueName":"search_term_string"}}],"inLanguage":"fr-FR"},{"@type":"Organization","@id":"https:\/\/ottawacornwall.ca\/#organization","name":"Archdiocese of Ottawa-Cornwall","url":"https:\/\/ottawacornwall.ca\/","logo":{"@type":"ImageObject","inLanguage":"fr-FR","@id":"https:\/\/ottawacornwall.ca\/#\/schema\/logo\/image\/","url":"https:\/\/ottawacornwall.ca\/wp-content\/uploads\/2022\/11\/Archdiocese-Logo-Horizontal-Reverse-1.svg","contentUrl":"https:\/\/ottawacornwall.ca\/wp-content\/uploads\/2022\/11\/Archdiocese-Logo-Horizontal-Reverse-1.svg","caption":"Archdiocese of Ottawa-Cornwall"},"image":{"@id":"https:\/\/ottawacornwall.ca\/#\/schema\/logo\/image\/"}}]}},"_links":{"self":[{"href":"https:\/\/ottawacornwall.ca\/fr\/wp-json\/wp\/v2\/news\/33416","targetHints":{"allow":["GET"]}}],"collection":[{"href":"https:\/\/ottawacornwall.ca\/fr\/wp-json\/wp\/v2\/news"}],"about":[{"href":"https:\/\/ottawacornwall.ca\/fr\/wp-json\/wp\/v2\/types\/news"}],"author":[{"embeddable":true,"href":"https:\/\/ottawacornwall.ca\/fr\/wp-json\/wp\/v2\/users\/24"}],"replies":[{"embeddable":true,"href":"https:\/\/ottawacornwall.ca\/fr\/wp-json\/wp\/v2\/comments?post=33416"}],"version-history":[{"count":5,"href":"https:\/\/ottawacornwall.ca\/fr\/wp-json\/wp\/v2\/news\/33416\/revisions"}],"predecessor-version":[{"id":33431,"href":"https:\/\/ottawacornwall.ca\/fr\/wp-json\/wp\/v2\/news\/33416\/revisions\/33431"}],"wp:attachment":[{"href":"https:\/\/ottawacornwall.ca\/fr\/wp-json\/wp\/v2\/media?parent=33416"}],"wp:term":[{"taxonomy":"news_cate","embeddable":true,"href":"https:\/\/ottawacornwall.ca\/fr\/wp-json\/wp\/v2\/news_cate?post=33416"}],"curies":[{"name":"wp","href":"https:\/\/api.w.org\/{rel}","templated":true}]}}