{"id":33563,"date":"2025-08-25T13:29:05","date_gmt":"2025-08-25T17:29:05","guid":{"rendered":"https:\/\/wp268132.wpdns.ca\/?post_type=news&#038;p=33563"},"modified":"2025-08-25T14:20:54","modified_gmt":"2025-08-25T18:20:54","slug":"la-semaine-de-la-canonisation-avec-carlo-acutis-et-pier-giorgio-frassati","status":"publish","type":"news","link":"https:\/\/ottawacornwall.ca\/fr\/news\/la-semaine-de-la-canonisation-avec-carlo-acutis-et-pier-giorgio-frassati\/","title":{"rendered":"La semaine de la canonisation avec Carlo Acutis et Pier Giorgio Frassati"},"content":{"rendered":"<p><img fetchpriority=\"high\" decoding=\"async\" class=\"aligncenter wp-image-33565 size-large\" src=\"http:\/\/ottawacornwall.ca\/wp-content\/uploads\/2025\/08\/FR-Canonization-Week-Instagram-1920-x-1080-px-1024x576.png\" alt=\"\" width=\"800\" height=\"450\" srcset=\"https:\/\/ottawacornwall.ca\/wp-content\/uploads\/2025\/08\/FR-Canonization-Week-Instagram-1920-x-1080-px-1024x576.png 1024w, https:\/\/ottawacornwall.ca\/wp-content\/uploads\/2025\/08\/FR-Canonization-Week-Instagram-1920-x-1080-px-300x169.png 300w, https:\/\/ottawacornwall.ca\/wp-content\/uploads\/2025\/08\/FR-Canonization-Week-Instagram-1920-x-1080-px-768x432.png 768w, https:\/\/ottawacornwall.ca\/wp-content\/uploads\/2025\/08\/FR-Canonization-Week-Instagram-1920-x-1080-px-1536x864.png 1536w, https:\/\/ottawacornwall.ca\/wp-content\/uploads\/2025\/08\/FR-Canonization-Week-Instagram-1920-x-1080-px.png 1920w\" sizes=\"(max-width: 800px) 100vw, 800px\" \/><\/p>\n<p>En pr\u00e9vision de la canonisation conjointe du bienheureux Carlo Acutis et du bienheureux Pier Giorgio Frassati le 7 septembre 2025, nous vous invitons \u00e0 une semaine sp\u00e9ciale de pri\u00e8re, de r\u00e9flexion et d&rsquo;action. Ce <strong>calendrier de la semaine de canonisation<\/strong> vous propose des activit\u00e9s quotidiennes inspir\u00e9es de la vie de ces deux jeunes saints remarquables : l&rsquo;un un champion de l&rsquo;Eucharistie adepte des technologies, l&rsquo;autre un aventurier joyeux au grand c\u0153ur pour les pauvres.<\/p>\n<p>Chaque jour comprend une citation, un passage de la Bible pour la Lectio Divina et des suggestions pratiques pour la pri\u00e8re personnelle, les activit\u00e9s familiales ou l&rsquo;engagement communautaire. Cette semaine est une occasion unique de vivre l&rsquo;exemple de ces deux jeunes saints alors que nous nous pr\u00e9parons \u00e0 leur canonisation !<\/p>\n<p><strong>Cliquez sur le titre ci-dessous pour acc\u00e9der \u00e0 une version pdf du calendrier.<\/strong><\/p>\n<p><span style=\"text-decoration: underline;\"><strong><a href=\"http:\/\/ottawacornwall.ca\/wp-content\/uploads\/2025\/08\/FR-Canonization-Week-Document.pdf\" target=\"_blank\" rel=\"noopener\">Calendrier &#8211; Semaine de la canonisation<\/a><\/strong><\/span><\/p>\n","protected":false},"author":6,"featured_media":0,"comment_status":"closed","ping_status":"closed","template":"","news_cate":[74],"class_list":["post-33563","news","type-news","status-publish","hentry","news_cate-current-message"],"acf":[],"yoast_head":"<!-- This site is optimized with the Yoast SEO plugin v27.4 - https:\/\/yoast.com\/product\/yoast-seo-wordpress\/ -->\n<title>La semaine de la canonisation avec Carlo Acutis et Pier Giorgio Frassati - Archdiocese of Ottawa-Cornwall<\/title>\n<meta name=\"robots\" content=\"index, follow, max-snippet:-1, max-image-preview:large, max-video-preview:-1\" \/>\n<link rel=\"canonical\" href=\"https:\/\/ottawacornwall.ca\/fr\/news\/la-semaine-de-la-canonisation-avec-carlo-acutis-et-pier-giorgio-frassati\/\" \/>\n<meta property=\"og:locale\" content=\"fr_FR\" \/>\n<meta property=\"og:type\" content=\"article\" \/>\n<meta property=\"og:title\" content=\"La semaine de la canonisation avec Carlo Acutis et Pier Giorgio Frassati - Archdiocese of Ottawa-Cornwall\" \/>\n<meta property=\"og:description\" content=\"En pr\u00e9vision de la canonisation conjointe du bienheureux Carlo Acutis et du bienheureux Pier Giorgio Frassati le 7 septembre 2025, nous vous invitons \u00e0 une semaine sp\u00e9ciale de pri\u00e8re, de r\u00e9flexion et d&rsquo;action. Ce calendrier de la semaine de canonisation vous propose des activit\u00e9s quotidiennes inspir\u00e9es de la vie de ces deux jeunes saints remarquables [&hellip;]\" \/>\n<meta property=\"og:url\" content=\"https:\/\/ottawacornwall.ca\/fr\/news\/la-semaine-de-la-canonisation-avec-carlo-acutis-et-pier-giorgio-frassati\/\" \/>\n<meta property=\"og:site_name\" content=\"Archdiocese of Ottawa-Cornwall\" \/>\n<meta property=\"article:modified_time\" content=\"2025-08-25T18:20:54+00:00\" \/>\n<meta property=\"og:image\" content=\"http:\/\/ottawacornwall.ca\/wp-content\/uploads\/2025\/08\/FR-Canonization-Week-Instagram-1920-x-1080-px-1024x576.png\" \/>\n<meta name=\"twitter:card\" content=\"summary_large_image\" \/>\n<meta name=\"twitter:label1\" content=\"Dur\u00e9e de lecture estim\u00e9e\" \/>\n\t<meta name=\"twitter:data1\" content=\"1 minute\" \/>\n<script type=\"application\/ld+json\" class=\"yoast-schema-graph\">{\"@context\":\"https:\\\/\\\/schema.org\",\"@graph\":[{\"@type\":\"WebPage\",\"@id\":\"https:\\\/\\\/ottawacornwall.ca\\\/fr\\\/news\\\/la-semaine-de-la-canonisation-avec-carlo-acutis-et-pier-giorgio-frassati\\\/\",\"url\":\"https:\\\/\\\/ottawacornwall.ca\\\/fr\\\/news\\\/la-semaine-de-la-canonisation-avec-carlo-acutis-et-pier-giorgio-frassati\\\/\",\"name\":\"La semaine de la canonisation avec Carlo Acutis et Pier Giorgio Frassati - Archdiocese of Ottawa-Cornwall\",\"isPartOf\":{\"@id\":\"https:\\\/\\\/ottawacornwall.ca\\\/#website\"},\"primaryImageOfPage\":{\"@id\":\"https:\\\/\\\/ottawacornwall.ca\\\/fr\\\/news\\\/la-semaine-de-la-canonisation-avec-carlo-acutis-et-pier-giorgio-frassati\\\/#primaryimage\"},\"image\":{\"@id\":\"https:\\\/\\\/ottawacornwall.ca\\\/fr\\\/news\\\/la-semaine-de-la-canonisation-avec-carlo-acutis-et-pier-giorgio-frassati\\\/#primaryimage\"},\"thumbnailUrl\":\"http:\\\/\\\/ottawacornwall.ca\\\/wp-content\\\/uploads\\\/2025\\\/08\\\/FR-Canonization-Week-Instagram-1920-x-1080-px-1024x576.png\",\"datePublished\":\"2025-08-25T17:29:05+00:00\",\"dateModified\":\"2025-08-25T18:20:54+00:00\",\"breadcrumb\":{\"@id\":\"https:\\\/\\\/ottawacornwall.ca\\\/fr\\\/news\\\/la-semaine-de-la-canonisation-avec-carlo-acutis-et-pier-giorgio-frassati\\\/#breadcrumb\"},\"inLanguage\":\"fr-FR\",\"potentialAction\":[{\"@type\":\"ReadAction\",\"target\":[\"https:\\\/\\\/ottawacornwall.ca\\\/fr\\\/news\\\/la-semaine-de-la-canonisation-avec-carlo-acutis-et-pier-giorgio-frassati\\\/\"]}]},{\"@type\":\"ImageObject\",\"inLanguage\":\"fr-FR\",\"@id\":\"https:\\\/\\\/ottawacornwall.ca\\\/fr\\\/news\\\/la-semaine-de-la-canonisation-avec-carlo-acutis-et-pier-giorgio-frassati\\\/#primaryimage\",\"url\":\"http:\\\/\\\/ottawacornwall.ca\\\/wp-content\\\/uploads\\\/2025\\\/08\\\/FR-Canonization-Week-Instagram-1920-x-1080-px-1024x576.png\",\"contentUrl\":\"http:\\\/\\\/ottawacornwall.ca\\\/wp-content\\\/uploads\\\/2025\\\/08\\\/FR-Canonization-Week-Instagram-1920-x-1080-px-1024x576.png\"},{\"@type\":\"BreadcrumbList\",\"@id\":\"https:\\\/\\\/ottawacornwall.ca\\\/fr\\\/news\\\/la-semaine-de-la-canonisation-avec-carlo-acutis-et-pier-giorgio-frassati\\\/#breadcrumb\",\"itemListElement\":[{\"@type\":\"ListItem\",\"position\":1,\"name\":\"Home\",\"item\":\"https:\\\/\\\/ottawacornwall.ca\\\/fr\\\/\"},{\"@type\":\"ListItem\",\"position\":2,\"name\":\"La semaine de la canonisation avec Carlo Acutis et Pier Giorgio Frassati\"}]},{\"@type\":\"WebSite\",\"@id\":\"https:\\\/\\\/ottawacornwall.ca\\\/#website\",\"url\":\"https:\\\/\\\/ottawacornwall.ca\\\/\",\"name\":\"Archdiocese of Ottawa-Cornwall\",\"description\":\"Welcome to the  Ottawa-Cornwall Archdiocese!\",\"publisher\":{\"@id\":\"https:\\\/\\\/ottawacornwall.ca\\\/#organization\"},\"potentialAction\":[{\"@type\":\"SearchAction\",\"target\":{\"@type\":\"EntryPoint\",\"urlTemplate\":\"https:\\\/\\\/ottawacornwall.ca\\\/?s={search_term_string}\"},\"query-input\":{\"@type\":\"PropertyValueSpecification\",\"valueRequired\":true,\"valueName\":\"search_term_string\"}}],\"inLanguage\":\"fr-FR\"},{\"@type\":\"Organization\",\"@id\":\"https:\\\/\\\/ottawacornwall.ca\\\/#organization\",\"name\":\"Archdiocese of Ottawa-Cornwall\",\"url\":\"https:\\\/\\\/ottawacornwall.ca\\\/\",\"logo\":{\"@type\":\"ImageObject\",\"inLanguage\":\"fr-FR\",\"@id\":\"https:\\\/\\\/ottawacornwall.ca\\\/#\\\/schema\\\/logo\\\/image\\\/\",\"url\":\"https:\\\/\\\/ottawacornwall.ca\\\/wp-content\\\/uploads\\\/2022\\\/11\\\/Archdiocese-Logo-Horizontal-Reverse-1.svg\",\"contentUrl\":\"https:\\\/\\\/ottawacornwall.ca\\\/wp-content\\\/uploads\\\/2022\\\/11\\\/Archdiocese-Logo-Horizontal-Reverse-1.svg\",\"caption\":\"Archdiocese of Ottawa-Cornwall\"},\"image\":{\"@id\":\"https:\\\/\\\/ottawacornwall.ca\\\/#\\\/schema\\\/logo\\\/image\\\/\"}}]}<\/script>\n<!-- \/ Yoast SEO plugin. -->","yoast_head_json":{"title":"La semaine de la canonisation avec Carlo Acutis et Pier Giorgio Frassati - Archdiocese of Ottawa-Cornwall","robots":{"index":"index","follow":"follow","max-snippet":"max-snippet:-1","max-image-preview":"max-image-preview:large","max-video-preview":"max-video-preview:-1"},"canonical":"https:\/\/ottawacornwall.ca\/fr\/news\/la-semaine-de-la-canonisation-avec-carlo-acutis-et-pier-giorgio-frassati\/","og_locale":"fr_FR","og_type":"article","og_title":"La semaine de la canonisation avec Carlo Acutis et Pier Giorgio Frassati - Archdiocese of Ottawa-Cornwall","og_description":"En pr\u00e9vision de la canonisation conjointe du bienheureux Carlo Acutis et du bienheureux Pier Giorgio Frassati le 7 septembre 2025, nous vous invitons \u00e0 une semaine sp\u00e9ciale de pri\u00e8re, de r\u00e9flexion et d&rsquo;action. Ce calendrier de la semaine de canonisation vous propose des activit\u00e9s quotidiennes inspir\u00e9es de la vie de ces deux jeunes saints remarquables [&hellip;]","og_url":"https:\/\/ottawacornwall.ca\/fr\/news\/la-semaine-de-la-canonisation-avec-carlo-acutis-et-pier-giorgio-frassati\/","og_site_name":"Archdiocese of Ottawa-Cornwall","article_modified_time":"2025-08-25T18:20:54+00:00","og_image":[{"url":"http:\/\/ottawacornwall.ca\/wp-content\/uploads\/2025\/08\/FR-Canonization-Week-Instagram-1920-x-1080-px-1024x576.png","type":"","width":"","height":""}],"twitter_card":"summary_large_image","twitter_misc":{"Dur\u00e9e de lecture estim\u00e9e":"1 minute"},"schema":{"@context":"https:\/\/schema.org","@graph":[{"@type":"WebPage","@id":"https:\/\/ottawacornwall.ca\/fr\/news\/la-semaine-de-la-canonisation-avec-carlo-acutis-et-pier-giorgio-frassati\/","url":"https:\/\/ottawacornwall.ca\/fr\/news\/la-semaine-de-la-canonisation-avec-carlo-acutis-et-pier-giorgio-frassati\/","name":"La semaine de la canonisation avec Carlo Acutis et Pier Giorgio Frassati - Archdiocese of Ottawa-Cornwall","isPartOf":{"@id":"https:\/\/ottawacornwall.ca\/#website"},"primaryImageOfPage":{"@id":"https:\/\/ottawacornwall.ca\/fr\/news\/la-semaine-de-la-canonisation-avec-carlo-acutis-et-pier-giorgio-frassati\/#primaryimage"},"image":{"@id":"https:\/\/ottawacornwall.ca\/fr\/news\/la-semaine-de-la-canonisation-avec-carlo-acutis-et-pier-giorgio-frassati\/#primaryimage"},"thumbnailUrl":"http:\/\/ottawacornwall.ca\/wp-content\/uploads\/2025\/08\/FR-Canonization-Week-Instagram-1920-x-1080-px-1024x576.png","datePublished":"2025-08-25T17:29:05+00:00","dateModified":"2025-08-25T18:20:54+00:00","breadcrumb":{"@id":"https:\/\/ottawacornwall.ca\/fr\/news\/la-semaine-de-la-canonisation-avec-carlo-acutis-et-pier-giorgio-frassati\/#breadcrumb"},"inLanguage":"fr-FR","potentialAction":[{"@type":"ReadAction","target":["https:\/\/ottawacornwall.ca\/fr\/news\/la-semaine-de-la-canonisation-avec-carlo-acutis-et-pier-giorgio-frassati\/"]}]},{"@type":"ImageObject","inLanguage":"fr-FR","@id":"https:\/\/ottawacornwall.ca\/fr\/news\/la-semaine-de-la-canonisation-avec-carlo-acutis-et-pier-giorgio-frassati\/#primaryimage","url":"http:\/\/ottawacornwall.ca\/wp-content\/uploads\/2025\/08\/FR-Canonization-Week-Instagram-1920-x-1080-px-1024x576.png","contentUrl":"http:\/\/ottawacornwall.ca\/wp-content\/uploads\/2025\/08\/FR-Canonization-Week-Instagram-1920-x-1080-px-1024x576.png"},{"@type":"BreadcrumbList","@id":"https:\/\/ottawacornwall.ca\/fr\/news\/la-semaine-de-la-canonisation-avec-carlo-acutis-et-pier-giorgio-frassati\/#breadcrumb","itemListElement":[{"@type":"ListItem","position":1,"name":"Home","item":"https:\/\/ottawacornwall.ca\/fr\/"},{"@type":"ListItem","position":2,"name":"La semaine de la canonisation avec Carlo Acutis et Pier Giorgio Frassati"}]},{"@type":"WebSite","@id":"https:\/\/ottawacornwall.ca\/#website","url":"https:\/\/ottawacornwall.ca\/","name":"Archdiocese of Ottawa-Cornwall","description":"Welcome to the  Ottawa-Cornwall Archdiocese!","publisher":{"@id":"https:\/\/ottawacornwall.ca\/#organization"},"potentialAction":[{"@type":"SearchAction","target":{"@type":"EntryPoint","urlTemplate":"https:\/\/ottawacornwall.ca\/?s={search_term_string}"},"query-input":{"@type":"PropertyValueSpecification","valueRequired":true,"valueName":"search_term_string"}}],"inLanguage":"fr-FR"},{"@type":"Organization","@id":"https:\/\/ottawacornwall.ca\/#organization","name":"Archdiocese of Ottawa-Cornwall","url":"https:\/\/ottawacornwall.ca\/","logo":{"@type":"ImageObject","inLanguage":"fr-FR","@id":"https:\/\/ottawacornwall.ca\/#\/schema\/logo\/image\/","url":"https:\/\/ottawacornwall.ca\/wp-content\/uploads\/2022\/11\/Archdiocese-Logo-Horizontal-Reverse-1.svg","contentUrl":"https:\/\/ottawacornwall.ca\/wp-content\/uploads\/2022\/11\/Archdiocese-Logo-Horizontal-Reverse-1.svg","caption":"Archdiocese of Ottawa-Cornwall"},"image":{"@id":"https:\/\/ottawacornwall.ca\/#\/schema\/logo\/image\/"}}]}},"_links":{"self":[{"href":"https:\/\/ottawacornwall.ca\/fr\/wp-json\/wp\/v2\/news\/33563","targetHints":{"allow":["GET"]}}],"collection":[{"href":"https:\/\/ottawacornwall.ca\/fr\/wp-json\/wp\/v2\/news"}],"about":[{"href":"https:\/\/ottawacornwall.ca\/fr\/wp-json\/wp\/v2\/types\/news"}],"author":[{"embeddable":true,"href":"https:\/\/ottawacornwall.ca\/fr\/wp-json\/wp\/v2\/users\/6"}],"replies":[{"embeddable":true,"href":"https:\/\/ottawacornwall.ca\/fr\/wp-json\/wp\/v2\/comments?post=33563"}],"version-history":[{"count":6,"href":"https:\/\/ottawacornwall.ca\/fr\/wp-json\/wp\/v2\/news\/33563\/revisions"}],"predecessor-version":[{"id":33576,"href":"https:\/\/ottawacornwall.ca\/fr\/wp-json\/wp\/v2\/news\/33563\/revisions\/33576"}],"wp:attachment":[{"href":"https:\/\/ottawacornwall.ca\/fr\/wp-json\/wp\/v2\/media?parent=33563"}],"wp:term":[{"taxonomy":"news_cate","embeddable":true,"href":"https:\/\/ottawacornwall.ca\/fr\/wp-json\/wp\/v2\/news_cate?post=33563"}],"curies":[{"name":"wp","href":"https:\/\/api.w.org\/{rel}","templated":true}]}}