{"id":33838,"date":"2025-09-08T11:29:55","date_gmt":"2025-09-08T15:29:55","guid":{"rendered":"https:\/\/wp268132.wpdns.ca\/?post_type=news&#038;p=33838"},"modified":"2025-09-08T11:30:03","modified_gmt":"2025-09-08T15:30:03","slug":"journee-nationale-de-la-verite-et-de-la-reconciliation","status":"publish","type":"news","link":"https:\/\/ottawacornwall.ca\/fr\/news\/journee-nationale-de-la-verite-et-de-la-reconciliation\/","title":{"rendered":"Journ\u00e9e nationale de la v\u00e9rit\u00e9 et de la r\u00e9conciliation"},"content":{"rendered":"<p><b><span lang=\"fr\" data-olk-copy-source=\"MessageBody\">30 septembre &#8211; Journ\u00e9e nationale de la v\u00e9rit\u00e9 et de la r\u00e9conciliation<u><\/u><u><\/u><\/span><\/b><\/p>\n<p><span lang=\"fr\">Veuillez vous joindre \u00e0 nous au Mus\u00e9e du textile du Mississippi Valley \u00e0 Almonte pour Reconciliation Through Art. Cet \u00e9v\u00e9nement comprend une exposition d&rsquo;artistes autochtones de partout dans l&rsquo;Ontario. Ils vendront leurs \u0153uvres, expliqueront et d\u00e9montreront leur art, et raconteront l&rsquo;histoire et la signification de leurs \u0153uvres. De plus, des \u00e9ducateurs, des danseurs et des musiciens autochtones donneront des enseignements et des d\u00e9monstrations tout au long de la journ\u00e9e. <\/span><\/p>\n<p><span lang=\"fr\">Non seulement cet \u00e9v\u00e9nement est-il exceptionnel, mais Reconciliation Through Art a re\u00e7u deux subventions du Fonds de r\u00e9conciliation avec les Autochtones, gr\u00e2ce \u00e0 votre g\u00e9n\u00e9reuse contribution au cours des trois derni\u00e8res ann\u00e9es. Le trajet jusqu&rsquo;\u00e0 cette belle ville vaut vraiment le d\u00e9tour. N&rsquo;h\u00e9sitez pas \u00e0 consulter le site :\u00a0<\/span><span lang=\"en-US\"><a title=\"Original URL: http:\/\/www.reconciliationthroughart.ca\/. Click or tap if you trust this link.\" href=\"https:\/\/can01.safelinks.protection.outlook.com\/?url=http%3A%2F%2Fwww.reconciliationthroughart.ca%2F&amp;data=05%7C02%7Cruth.oreilly%40ottawacornwall.ca%7C435c8e047a494ec1b1e008ddeed8ef3f%7C1b7e2ac160024c61a2c856ccc6653a41%7C0%7C0%7C638929337684067666%7CUnknown%7CTWFpbGZsb3d8eyJFbXB0eU1hcGkiOnRydWUsIlYiOiIwLjAuMDAwMCIsIlAiOiJXaW4zMiIsIkFOIjoiTWFpbCIsIldUIjoyfQ%3D%3D%7C0%7C%7C%7C&amp;sdata=Do3pQbr1iEPHoVqk86esJUPeKWW7l4k9EEzFi6fs8aM%3D&amp;reserved=0\" target=\"_blank\" rel=\"noopener noreferrer\" data-auth=\"NotApplicable\" data-linkindex=\"1\"><span lang=\"fr\">www.reconciliationthroughart.ca<\/span><\/a><\/span><u><\/u><u><\/u><\/p>\n<p>&nbsp;<\/p>\n<p><b><span lang=\"fr\">Messe archidioc\u00e9saine pour la Journ\u00e9e nationale de la v\u00e9rit\u00e9 et de la r\u00e9conciliation, le 30 septembre 2025<u><\/u><u><\/u><\/span><\/b><\/p>\n<p><span lang=\"fr\">Tout le monde est invit\u00e9 \u00e0 se rassembler pour une messe sp\u00e9ciale le mardi 30 septembre, Journ\u00e9e nationale de la v\u00e9rit\u00e9 et de la r\u00e9conciliation. Mgr Marcel Damphousse pr\u00e9sidera la messe bilingue \u00e0 19 h \u00e0 la basilique-cath\u00e9drale Notre-Dame (385, promenade Sussex, Ottawa).<u><\/u><u><\/u><\/span><\/p>\n<p><span lang=\"fr\">Cette journ\u00e9e est un \u00e9l\u00e9ment essentiel du processus de r\u00e9conciliation et nous nous joignons \u00e0 la comm\u00e9moration publique de l&rsquo;histoire tragique et douloureuse des pensionnats autochtones et de leurs cons\u00e9quences actuelles. Nous vous invitons \u00e0 vous joindre \u00e0 nous pour la pri\u00e8re, la r\u00e9flexion et la solidarit\u00e9. Nous honorerons les survivants des pensionnats, les enfants qui ne sont jamais rentr\u00e9s chez eux et leurs familles, en nous engageant \u00e0 marcher avec les peuples autochtones sur le chemin de la gu\u00e9rison et de l\u2019espoir.<\/span><\/p>\n<p><img fetchpriority=\"high\" decoding=\"async\" class=\"alignnone wp-image-33830 size-large\" src=\"http:\/\/ottawacornwall.ca\/wp-content\/uploads\/2025\/09\/Journee-nationale-pour-la-verite-et-la-reconciliation-791x1024.jpg\" alt=\"\" width=\"791\" height=\"1024\" srcset=\"https:\/\/ottawacornwall.ca\/wp-content\/uploads\/2025\/09\/Journee-nationale-pour-la-verite-et-la-reconciliation-791x1024.jpg 791w, https:\/\/ottawacornwall.ca\/wp-content\/uploads\/2025\/09\/Journee-nationale-pour-la-verite-et-la-reconciliation-232x300.jpg 232w, https:\/\/ottawacornwall.ca\/wp-content\/uploads\/2025\/09\/Journee-nationale-pour-la-verite-et-la-reconciliation-768x994.jpg 768w, https:\/\/ottawacornwall.ca\/wp-content\/uploads\/2025\/09\/Journee-nationale-pour-la-verite-et-la-reconciliation-1187x1536.jpg 1187w, https:\/\/ottawacornwall.ca\/wp-content\/uploads\/2025\/09\/Journee-nationale-pour-la-verite-et-la-reconciliation-1583x2048.jpg 1583w, https:\/\/ottawacornwall.ca\/wp-content\/uploads\/2025\/09\/Journee-nationale-pour-la-verite-et-la-reconciliation.jpg 1700w\" sizes=\"(max-width: 791px) 100vw, 791px\" \/><\/p>\n","protected":false},"author":6,"featured_media":33830,"comment_status":"closed","ping_status":"closed","template":"","news_cate":[74,77],"class_list":["post-33838","news","type-news","status-publish","has-post-thumbnail","hentry","news_cate-current-message","news_cate-news-from-our-parishes"],"acf":[],"yoast_head":"<!-- This site is optimized with the Yoast SEO plugin v27.4 - https:\/\/yoast.com\/product\/yoast-seo-wordpress\/ -->\n<title>Journ\u00e9e nationale de la v\u00e9rit\u00e9 et de la r\u00e9conciliation - Archdiocese of Ottawa-Cornwall<\/title>\n<meta name=\"robots\" content=\"index, follow, max-snippet:-1, max-image-preview:large, max-video-preview:-1\" \/>\n<link rel=\"canonical\" href=\"https:\/\/ottawacornwall.ca\/fr\/news\/journee-nationale-de-la-verite-et-de-la-reconciliation\/\" \/>\n<meta property=\"og:locale\" content=\"fr_FR\" \/>\n<meta property=\"og:type\" content=\"article\" \/>\n<meta property=\"og:title\" content=\"Journ\u00e9e nationale de la v\u00e9rit\u00e9 et de la r\u00e9conciliation - Archdiocese of Ottawa-Cornwall\" \/>\n<meta property=\"og:description\" content=\"30 septembre &#8211; Journ\u00e9e nationale de la v\u00e9rit\u00e9 et de la r\u00e9conciliation Veuillez vous joindre \u00e0 nous au Mus\u00e9e du textile du Mississippi Valley \u00e0 Almonte pour Reconciliation Through Art. Cet \u00e9v\u00e9nement comprend une exposition d&rsquo;artistes autochtones de partout dans l&rsquo;Ontario. Ils vendront leurs \u0153uvres, expliqueront et d\u00e9montreront leur art, et raconteront l&rsquo;histoire et la [&hellip;]\" \/>\n<meta property=\"og:url\" content=\"https:\/\/ottawacornwall.ca\/fr\/news\/journee-nationale-de-la-verite-et-de-la-reconciliation\/\" \/>\n<meta property=\"og:site_name\" content=\"Archdiocese of Ottawa-Cornwall\" \/>\n<meta property=\"article:modified_time\" content=\"2025-09-08T15:30:03+00:00\" \/>\n<meta property=\"og:image\" content=\"https:\/\/ottawacornwall.ca\/wp-content\/uploads\/2025\/09\/Journee-nationale-pour-la-verite-et-la-reconciliation.jpg\" \/>\n\t<meta property=\"og:image:width\" content=\"1700\" \/>\n\t<meta property=\"og:image:height\" content=\"2200\" \/>\n\t<meta property=\"og:image:type\" content=\"image\/jpeg\" \/>\n<meta name=\"twitter:card\" content=\"summary_large_image\" \/>\n<meta name=\"twitter:label1\" content=\"Dur\u00e9e de lecture estim\u00e9e\" \/>\n\t<meta name=\"twitter:data1\" content=\"2 minutes\" \/>\n<script type=\"application\/ld+json\" class=\"yoast-schema-graph\">{\"@context\":\"https:\\\/\\\/schema.org\",\"@graph\":[{\"@type\":\"WebPage\",\"@id\":\"https:\\\/\\\/ottawacornwall.ca\\\/fr\\\/news\\\/journee-nationale-de-la-verite-et-de-la-reconciliation\\\/\",\"url\":\"https:\\\/\\\/ottawacornwall.ca\\\/fr\\\/news\\\/journee-nationale-de-la-verite-et-de-la-reconciliation\\\/\",\"name\":\"Journ\u00e9e nationale de la v\u00e9rit\u00e9 et de la r\u00e9conciliation - Archdiocese of Ottawa-Cornwall\",\"isPartOf\":{\"@id\":\"https:\\\/\\\/ottawacornwall.ca\\\/#website\"},\"primaryImageOfPage\":{\"@id\":\"https:\\\/\\\/ottawacornwall.ca\\\/fr\\\/news\\\/journee-nationale-de-la-verite-et-de-la-reconciliation\\\/#primaryimage\"},\"image\":{\"@id\":\"https:\\\/\\\/ottawacornwall.ca\\\/fr\\\/news\\\/journee-nationale-de-la-verite-et-de-la-reconciliation\\\/#primaryimage\"},\"thumbnailUrl\":\"https:\\\/\\\/ottawacornwall.ca\\\/wp-content\\\/uploads\\\/2025\\\/09\\\/Journee-nationale-pour-la-verite-et-la-reconciliation.jpg\",\"datePublished\":\"2025-09-08T15:29:55+00:00\",\"dateModified\":\"2025-09-08T15:30:03+00:00\",\"breadcrumb\":{\"@id\":\"https:\\\/\\\/ottawacornwall.ca\\\/fr\\\/news\\\/journee-nationale-de-la-verite-et-de-la-reconciliation\\\/#breadcrumb\"},\"inLanguage\":\"fr-FR\",\"potentialAction\":[{\"@type\":\"ReadAction\",\"target\":[\"https:\\\/\\\/ottawacornwall.ca\\\/fr\\\/news\\\/journee-nationale-de-la-verite-et-de-la-reconciliation\\\/\"]}]},{\"@type\":\"ImageObject\",\"inLanguage\":\"fr-FR\",\"@id\":\"https:\\\/\\\/ottawacornwall.ca\\\/fr\\\/news\\\/journee-nationale-de-la-verite-et-de-la-reconciliation\\\/#primaryimage\",\"url\":\"https:\\\/\\\/ottawacornwall.ca\\\/wp-content\\\/uploads\\\/2025\\\/09\\\/Journee-nationale-pour-la-verite-et-la-reconciliation.jpg\",\"contentUrl\":\"https:\\\/\\\/ottawacornwall.ca\\\/wp-content\\\/uploads\\\/2025\\\/09\\\/Journee-nationale-pour-la-verite-et-la-reconciliation.jpg\",\"width\":1700,\"height\":2200},{\"@type\":\"BreadcrumbList\",\"@id\":\"https:\\\/\\\/ottawacornwall.ca\\\/fr\\\/news\\\/journee-nationale-de-la-verite-et-de-la-reconciliation\\\/#breadcrumb\",\"itemListElement\":[{\"@type\":\"ListItem\",\"position\":1,\"name\":\"Home\",\"item\":\"https:\\\/\\\/ottawacornwall.ca\\\/fr\\\/\"},{\"@type\":\"ListItem\",\"position\":2,\"name\":\"Journ\u00e9e nationale de la v\u00e9rit\u00e9 et de la r\u00e9conciliation\"}]},{\"@type\":\"WebSite\",\"@id\":\"https:\\\/\\\/ottawacornwall.ca\\\/#website\",\"url\":\"https:\\\/\\\/ottawacornwall.ca\\\/\",\"name\":\"Archdiocese of Ottawa-Cornwall\",\"description\":\"Welcome to the  Ottawa-Cornwall Archdiocese!\",\"publisher\":{\"@id\":\"https:\\\/\\\/ottawacornwall.ca\\\/#organization\"},\"potentialAction\":[{\"@type\":\"SearchAction\",\"target\":{\"@type\":\"EntryPoint\",\"urlTemplate\":\"https:\\\/\\\/ottawacornwall.ca\\\/?s={search_term_string}\"},\"query-input\":{\"@type\":\"PropertyValueSpecification\",\"valueRequired\":true,\"valueName\":\"search_term_string\"}}],\"inLanguage\":\"fr-FR\"},{\"@type\":\"Organization\",\"@id\":\"https:\\\/\\\/ottawacornwall.ca\\\/#organization\",\"name\":\"Archdiocese of Ottawa-Cornwall\",\"url\":\"https:\\\/\\\/ottawacornwall.ca\\\/\",\"logo\":{\"@type\":\"ImageObject\",\"inLanguage\":\"fr-FR\",\"@id\":\"https:\\\/\\\/ottawacornwall.ca\\\/#\\\/schema\\\/logo\\\/image\\\/\",\"url\":\"https:\\\/\\\/ottawacornwall.ca\\\/wp-content\\\/uploads\\\/2022\\\/11\\\/Archdiocese-Logo-Horizontal-Reverse-1.svg\",\"contentUrl\":\"https:\\\/\\\/ottawacornwall.ca\\\/wp-content\\\/uploads\\\/2022\\\/11\\\/Archdiocese-Logo-Horizontal-Reverse-1.svg\",\"caption\":\"Archdiocese of Ottawa-Cornwall\"},\"image\":{\"@id\":\"https:\\\/\\\/ottawacornwall.ca\\\/#\\\/schema\\\/logo\\\/image\\\/\"}}]}<\/script>\n<!-- \/ Yoast SEO plugin. -->","yoast_head_json":{"title":"Journ\u00e9e nationale de la v\u00e9rit\u00e9 et de la r\u00e9conciliation - Archdiocese of Ottawa-Cornwall","robots":{"index":"index","follow":"follow","max-snippet":"max-snippet:-1","max-image-preview":"max-image-preview:large","max-video-preview":"max-video-preview:-1"},"canonical":"https:\/\/ottawacornwall.ca\/fr\/news\/journee-nationale-de-la-verite-et-de-la-reconciliation\/","og_locale":"fr_FR","og_type":"article","og_title":"Journ\u00e9e nationale de la v\u00e9rit\u00e9 et de la r\u00e9conciliation - Archdiocese of Ottawa-Cornwall","og_description":"30 septembre &#8211; Journ\u00e9e nationale de la v\u00e9rit\u00e9 et de la r\u00e9conciliation Veuillez vous joindre \u00e0 nous au Mus\u00e9e du textile du Mississippi Valley \u00e0 Almonte pour Reconciliation Through Art. Cet \u00e9v\u00e9nement comprend une exposition d&rsquo;artistes autochtones de partout dans l&rsquo;Ontario. Ils vendront leurs \u0153uvres, expliqueront et d\u00e9montreront leur art, et raconteront l&rsquo;histoire et la [&hellip;]","og_url":"https:\/\/ottawacornwall.ca\/fr\/news\/journee-nationale-de-la-verite-et-de-la-reconciliation\/","og_site_name":"Archdiocese of Ottawa-Cornwall","article_modified_time":"2025-09-08T15:30:03+00:00","og_image":[{"width":1700,"height":2200,"url":"https:\/\/ottawacornwall.ca\/wp-content\/uploads\/2025\/09\/Journee-nationale-pour-la-verite-et-la-reconciliation.jpg","type":"image\/jpeg"}],"twitter_card":"summary_large_image","twitter_misc":{"Dur\u00e9e de lecture estim\u00e9e":"2 minutes"},"schema":{"@context":"https:\/\/schema.org","@graph":[{"@type":"WebPage","@id":"https:\/\/ottawacornwall.ca\/fr\/news\/journee-nationale-de-la-verite-et-de-la-reconciliation\/","url":"https:\/\/ottawacornwall.ca\/fr\/news\/journee-nationale-de-la-verite-et-de-la-reconciliation\/","name":"Journ\u00e9e nationale de la v\u00e9rit\u00e9 et de la r\u00e9conciliation - Archdiocese of Ottawa-Cornwall","isPartOf":{"@id":"https:\/\/ottawacornwall.ca\/#website"},"primaryImageOfPage":{"@id":"https:\/\/ottawacornwall.ca\/fr\/news\/journee-nationale-de-la-verite-et-de-la-reconciliation\/#primaryimage"},"image":{"@id":"https:\/\/ottawacornwall.ca\/fr\/news\/journee-nationale-de-la-verite-et-de-la-reconciliation\/#primaryimage"},"thumbnailUrl":"https:\/\/ottawacornwall.ca\/wp-content\/uploads\/2025\/09\/Journee-nationale-pour-la-verite-et-la-reconciliation.jpg","datePublished":"2025-09-08T15:29:55+00:00","dateModified":"2025-09-08T15:30:03+00:00","breadcrumb":{"@id":"https:\/\/ottawacornwall.ca\/fr\/news\/journee-nationale-de-la-verite-et-de-la-reconciliation\/#breadcrumb"},"inLanguage":"fr-FR","potentialAction":[{"@type":"ReadAction","target":["https:\/\/ottawacornwall.ca\/fr\/news\/journee-nationale-de-la-verite-et-de-la-reconciliation\/"]}]},{"@type":"ImageObject","inLanguage":"fr-FR","@id":"https:\/\/ottawacornwall.ca\/fr\/news\/journee-nationale-de-la-verite-et-de-la-reconciliation\/#primaryimage","url":"https:\/\/ottawacornwall.ca\/wp-content\/uploads\/2025\/09\/Journee-nationale-pour-la-verite-et-la-reconciliation.jpg","contentUrl":"https:\/\/ottawacornwall.ca\/wp-content\/uploads\/2025\/09\/Journee-nationale-pour-la-verite-et-la-reconciliation.jpg","width":1700,"height":2200},{"@type":"BreadcrumbList","@id":"https:\/\/ottawacornwall.ca\/fr\/news\/journee-nationale-de-la-verite-et-de-la-reconciliation\/#breadcrumb","itemListElement":[{"@type":"ListItem","position":1,"name":"Home","item":"https:\/\/ottawacornwall.ca\/fr\/"},{"@type":"ListItem","position":2,"name":"Journ\u00e9e nationale de la v\u00e9rit\u00e9 et de la r\u00e9conciliation"}]},{"@type":"WebSite","@id":"https:\/\/ottawacornwall.ca\/#website","url":"https:\/\/ottawacornwall.ca\/","name":"Archdiocese of Ottawa-Cornwall","description":"Welcome to the  Ottawa-Cornwall Archdiocese!","publisher":{"@id":"https:\/\/ottawacornwall.ca\/#organization"},"potentialAction":[{"@type":"SearchAction","target":{"@type":"EntryPoint","urlTemplate":"https:\/\/ottawacornwall.ca\/?s={search_term_string}"},"query-input":{"@type":"PropertyValueSpecification","valueRequired":true,"valueName":"search_term_string"}}],"inLanguage":"fr-FR"},{"@type":"Organization","@id":"https:\/\/ottawacornwall.ca\/#organization","name":"Archdiocese of Ottawa-Cornwall","url":"https:\/\/ottawacornwall.ca\/","logo":{"@type":"ImageObject","inLanguage":"fr-FR","@id":"https:\/\/ottawacornwall.ca\/#\/schema\/logo\/image\/","url":"https:\/\/ottawacornwall.ca\/wp-content\/uploads\/2022\/11\/Archdiocese-Logo-Horizontal-Reverse-1.svg","contentUrl":"https:\/\/ottawacornwall.ca\/wp-content\/uploads\/2022\/11\/Archdiocese-Logo-Horizontal-Reverse-1.svg","caption":"Archdiocese of Ottawa-Cornwall"},"image":{"@id":"https:\/\/ottawacornwall.ca\/#\/schema\/logo\/image\/"}}]}},"_links":{"self":[{"href":"https:\/\/ottawacornwall.ca\/fr\/wp-json\/wp\/v2\/news\/33838","targetHints":{"allow":["GET"]}}],"collection":[{"href":"https:\/\/ottawacornwall.ca\/fr\/wp-json\/wp\/v2\/news"}],"about":[{"href":"https:\/\/ottawacornwall.ca\/fr\/wp-json\/wp\/v2\/types\/news"}],"author":[{"embeddable":true,"href":"https:\/\/ottawacornwall.ca\/fr\/wp-json\/wp\/v2\/users\/6"}],"replies":[{"embeddable":true,"href":"https:\/\/ottawacornwall.ca\/fr\/wp-json\/wp\/v2\/comments?post=33838"}],"version-history":[{"count":1,"href":"https:\/\/ottawacornwall.ca\/fr\/wp-json\/wp\/v2\/news\/33838\/revisions"}],"predecessor-version":[{"id":33839,"href":"https:\/\/ottawacornwall.ca\/fr\/wp-json\/wp\/v2\/news\/33838\/revisions\/33839"}],"wp:featuredmedia":[{"embeddable":true,"href":"https:\/\/ottawacornwall.ca\/fr\/wp-json\/wp\/v2\/media\/33830"}],"wp:attachment":[{"href":"https:\/\/ottawacornwall.ca\/fr\/wp-json\/wp\/v2\/media?parent=33838"}],"wp:term":[{"taxonomy":"news_cate","embeddable":true,"href":"https:\/\/ottawacornwall.ca\/fr\/wp-json\/wp\/v2\/news_cate?post=33838"}],"curies":[{"name":"wp","href":"https:\/\/api.w.org\/{rel}","templated":true}]}}