{"id":34235,"date":"2025-09-23T21:50:34","date_gmt":"2025-09-24T01:50:34","guid":{"rendered":"https:\/\/wp268132.wpdns.ca\/news\/statement-on-the-conviction-of-father-john-gannon-lc\/"},"modified":"2025-09-23T21:57:35","modified_gmt":"2025-09-24T01:57:35","slug":"statement-on-the-conviction-of-father-john-gannon-lc","status":"publish","type":"news","link":"https:\/\/ottawacornwall.ca\/fr\/news\/statement-on-the-conviction-of-father-john-gannon-lc\/","title":{"rendered":"D\u00e9claration concernant le P\u00e8re John Gannon, LC"},"content":{"rendered":"<p><strong>POUR DIFFUSION IMM\u00c9DIATE<br \/>\nLe 23 septembre 2025<\/strong><\/p>\n<p>Le 22 septembre 2025, le P\u00e8re John Gannon, LC, a \u00e9t\u00e9 reconnu coupable par la Cour de justice de l\u2019Ontario d\u2019agression sexuelle et d\u2019exploitation sexuelle, en lien avec des \u00e9v\u00e9nements survenus en 2007 et 2008, alors qu\u2019il exer\u00e7ait son minist\u00e8re au noviciat et \u00e0 l\u2019\u00e9cole apostolique des L\u00e9gionnaires du Christ \u00e0 Cornwall.<\/p>\n<p>Bien que le P. Gannon ne soit pas pr\u00eatre de notre archidioc\u00e8se, ces \u00e9v\u00e9nements nous touchent profond\u00e9ment, en particulier les fid\u00e8les de la communaut\u00e9 de Cornwall. Nous r\u00e9affirmons notre engagement envers la v\u00e9rit\u00e9, la justice, et le travail constant de protection de toutes les personnes au sein de l\u2019\u00c9glise, surtout les plus vuln\u00e9rables.<\/p>\n<p>Nous faisons \u00e9cho aux L\u00e9gionnaires du Christ en soulignant le grand courage qu\u2019il faut pour prendre la parole dans de telles circonstances. Nous prions pour la victime, pour que justice continue de se faire, pour toutes les personnes touch\u00e9es par les abus, et pour la gu\u00e9rison au sein de notre \u00c9glise.<\/p>\n<p>Pour plus de d\u00e9tails, veuillez consulter la <span style=\"text-decoration: underline;\"><a href=\"https:\/\/legionariesofchrist.org\/statement-on-the-conviction-of-father-john-gannon-lc\/\" target=\"_blank\" rel=\"noopener\">d\u00e9claration publique des L\u00e9gionnaires du Christ.<\/a><\/span><\/p>\n","protected":false},"author":6,"featured_media":0,"comment_status":"closed","ping_status":"closed","template":"","news_cate":[74],"class_list":["post-34235","news","type-news","status-publish","hentry","news_cate-current-message"],"acf":[],"yoast_head":"<!-- This site is optimized with the Yoast SEO plugin v27.4 - https:\/\/yoast.com\/product\/yoast-seo-wordpress\/ -->\n<title>D\u00e9claration concernant le P\u00e8re John Gannon, LC - Archdiocese of Ottawa-Cornwall<\/title>\n<meta name=\"robots\" content=\"index, follow, max-snippet:-1, max-image-preview:large, max-video-preview:-1\" \/>\n<link rel=\"canonical\" href=\"https:\/\/ottawacornwall.ca\/fr\/news\/statement-on-the-conviction-of-father-john-gannon-lc\/\" \/>\n<meta property=\"og:locale\" content=\"fr_FR\" \/>\n<meta property=\"og:type\" content=\"article\" \/>\n<meta property=\"og:title\" content=\"D\u00e9claration concernant le P\u00e8re John Gannon, LC - Archdiocese of Ottawa-Cornwall\" \/>\n<meta property=\"og:description\" content=\"POUR DIFFUSION IMM\u00c9DIATE Le 23 septembre 2025 Le 22 septembre 2025, le P\u00e8re John Gannon, LC, a \u00e9t\u00e9 reconnu coupable par la Cour de justice de l\u2019Ontario d\u2019agression sexuelle et d\u2019exploitation sexuelle, en lien avec des \u00e9v\u00e9nements survenus en 2007 et 2008, alors qu\u2019il exer\u00e7ait son minist\u00e8re au noviciat et \u00e0 l\u2019\u00e9cole apostolique des L\u00e9gionnaires [&hellip;]\" \/>\n<meta property=\"og:url\" content=\"https:\/\/ottawacornwall.ca\/fr\/news\/statement-on-the-conviction-of-father-john-gannon-lc\/\" \/>\n<meta property=\"og:site_name\" content=\"Archdiocese of Ottawa-Cornwall\" \/>\n<meta property=\"article:modified_time\" content=\"2025-09-24T01:57:35+00:00\" \/>\n<meta name=\"twitter:card\" content=\"summary_large_image\" \/>\n<meta name=\"twitter:label1\" content=\"Dur\u00e9e de lecture estim\u00e9e\" \/>\n\t<meta name=\"twitter:data1\" content=\"1 minute\" \/>\n<script type=\"application\/ld+json\" class=\"yoast-schema-graph\">{\"@context\":\"https:\\\/\\\/schema.org\",\"@graph\":[{\"@type\":\"WebPage\",\"@id\":\"https:\\\/\\\/ottawacornwall.ca\\\/fr\\\/news\\\/statement-on-the-conviction-of-father-john-gannon-lc\\\/\",\"url\":\"https:\\\/\\\/ottawacornwall.ca\\\/fr\\\/news\\\/statement-on-the-conviction-of-father-john-gannon-lc\\\/\",\"name\":\"D\u00e9claration concernant le P\u00e8re John Gannon, LC - Archdiocese of Ottawa-Cornwall\",\"isPartOf\":{\"@id\":\"https:\\\/\\\/ottawacornwall.ca\\\/#website\"},\"datePublished\":\"2025-09-24T01:50:34+00:00\",\"dateModified\":\"2025-09-24T01:57:35+00:00\",\"breadcrumb\":{\"@id\":\"https:\\\/\\\/ottawacornwall.ca\\\/fr\\\/news\\\/statement-on-the-conviction-of-father-john-gannon-lc\\\/#breadcrumb\"},\"inLanguage\":\"fr-FR\",\"potentialAction\":[{\"@type\":\"ReadAction\",\"target\":[\"https:\\\/\\\/ottawacornwall.ca\\\/fr\\\/news\\\/statement-on-the-conviction-of-father-john-gannon-lc\\\/\"]}]},{\"@type\":\"BreadcrumbList\",\"@id\":\"https:\\\/\\\/ottawacornwall.ca\\\/fr\\\/news\\\/statement-on-the-conviction-of-father-john-gannon-lc\\\/#breadcrumb\",\"itemListElement\":[{\"@type\":\"ListItem\",\"position\":1,\"name\":\"Home\",\"item\":\"https:\\\/\\\/ottawacornwall.ca\\\/fr\\\/\"},{\"@type\":\"ListItem\",\"position\":2,\"name\":\"D\u00e9claration concernant le P\u00e8re John Gannon, LC\"}]},{\"@type\":\"WebSite\",\"@id\":\"https:\\\/\\\/ottawacornwall.ca\\\/#website\",\"url\":\"https:\\\/\\\/ottawacornwall.ca\\\/\",\"name\":\"Archdiocese of Ottawa-Cornwall\",\"description\":\"Welcome to the  Ottawa-Cornwall Archdiocese!\",\"publisher\":{\"@id\":\"https:\\\/\\\/ottawacornwall.ca\\\/#organization\"},\"potentialAction\":[{\"@type\":\"SearchAction\",\"target\":{\"@type\":\"EntryPoint\",\"urlTemplate\":\"https:\\\/\\\/ottawacornwall.ca\\\/?s={search_term_string}\"},\"query-input\":{\"@type\":\"PropertyValueSpecification\",\"valueRequired\":true,\"valueName\":\"search_term_string\"}}],\"inLanguage\":\"fr-FR\"},{\"@type\":\"Organization\",\"@id\":\"https:\\\/\\\/ottawacornwall.ca\\\/#organization\",\"name\":\"Archdiocese of Ottawa-Cornwall\",\"url\":\"https:\\\/\\\/ottawacornwall.ca\\\/\",\"logo\":{\"@type\":\"ImageObject\",\"inLanguage\":\"fr-FR\",\"@id\":\"https:\\\/\\\/ottawacornwall.ca\\\/#\\\/schema\\\/logo\\\/image\\\/\",\"url\":\"https:\\\/\\\/ottawacornwall.ca\\\/wp-content\\\/uploads\\\/2022\\\/11\\\/Archdiocese-Logo-Horizontal-Reverse-1.svg\",\"contentUrl\":\"https:\\\/\\\/ottawacornwall.ca\\\/wp-content\\\/uploads\\\/2022\\\/11\\\/Archdiocese-Logo-Horizontal-Reverse-1.svg\",\"caption\":\"Archdiocese of Ottawa-Cornwall\"},\"image\":{\"@id\":\"https:\\\/\\\/ottawacornwall.ca\\\/#\\\/schema\\\/logo\\\/image\\\/\"}}]}<\/script>\n<!-- \/ Yoast SEO plugin. -->","yoast_head_json":{"title":"D\u00e9claration concernant le P\u00e8re John Gannon, LC - Archdiocese of Ottawa-Cornwall","robots":{"index":"index","follow":"follow","max-snippet":"max-snippet:-1","max-image-preview":"max-image-preview:large","max-video-preview":"max-video-preview:-1"},"canonical":"https:\/\/ottawacornwall.ca\/fr\/news\/statement-on-the-conviction-of-father-john-gannon-lc\/","og_locale":"fr_FR","og_type":"article","og_title":"D\u00e9claration concernant le P\u00e8re John Gannon, LC - Archdiocese of Ottawa-Cornwall","og_description":"POUR DIFFUSION IMM\u00c9DIATE Le 23 septembre 2025 Le 22 septembre 2025, le P\u00e8re John Gannon, LC, a \u00e9t\u00e9 reconnu coupable par la Cour de justice de l\u2019Ontario d\u2019agression sexuelle et d\u2019exploitation sexuelle, en lien avec des \u00e9v\u00e9nements survenus en 2007 et 2008, alors qu\u2019il exer\u00e7ait son minist\u00e8re au noviciat et \u00e0 l\u2019\u00e9cole apostolique des L\u00e9gionnaires [&hellip;]","og_url":"https:\/\/ottawacornwall.ca\/fr\/news\/statement-on-the-conviction-of-father-john-gannon-lc\/","og_site_name":"Archdiocese of Ottawa-Cornwall","article_modified_time":"2025-09-24T01:57:35+00:00","twitter_card":"summary_large_image","twitter_misc":{"Dur\u00e9e de lecture estim\u00e9e":"1 minute"},"schema":{"@context":"https:\/\/schema.org","@graph":[{"@type":"WebPage","@id":"https:\/\/ottawacornwall.ca\/fr\/news\/statement-on-the-conviction-of-father-john-gannon-lc\/","url":"https:\/\/ottawacornwall.ca\/fr\/news\/statement-on-the-conviction-of-father-john-gannon-lc\/","name":"D\u00e9claration concernant le P\u00e8re John Gannon, LC - Archdiocese of Ottawa-Cornwall","isPartOf":{"@id":"https:\/\/ottawacornwall.ca\/#website"},"datePublished":"2025-09-24T01:50:34+00:00","dateModified":"2025-09-24T01:57:35+00:00","breadcrumb":{"@id":"https:\/\/ottawacornwall.ca\/fr\/news\/statement-on-the-conviction-of-father-john-gannon-lc\/#breadcrumb"},"inLanguage":"fr-FR","potentialAction":[{"@type":"ReadAction","target":["https:\/\/ottawacornwall.ca\/fr\/news\/statement-on-the-conviction-of-father-john-gannon-lc\/"]}]},{"@type":"BreadcrumbList","@id":"https:\/\/ottawacornwall.ca\/fr\/news\/statement-on-the-conviction-of-father-john-gannon-lc\/#breadcrumb","itemListElement":[{"@type":"ListItem","position":1,"name":"Home","item":"https:\/\/ottawacornwall.ca\/fr\/"},{"@type":"ListItem","position":2,"name":"D\u00e9claration concernant le P\u00e8re John Gannon, LC"}]},{"@type":"WebSite","@id":"https:\/\/ottawacornwall.ca\/#website","url":"https:\/\/ottawacornwall.ca\/","name":"Archdiocese of Ottawa-Cornwall","description":"Welcome to the  Ottawa-Cornwall Archdiocese!","publisher":{"@id":"https:\/\/ottawacornwall.ca\/#organization"},"potentialAction":[{"@type":"SearchAction","target":{"@type":"EntryPoint","urlTemplate":"https:\/\/ottawacornwall.ca\/?s={search_term_string}"},"query-input":{"@type":"PropertyValueSpecification","valueRequired":true,"valueName":"search_term_string"}}],"inLanguage":"fr-FR"},{"@type":"Organization","@id":"https:\/\/ottawacornwall.ca\/#organization","name":"Archdiocese of Ottawa-Cornwall","url":"https:\/\/ottawacornwall.ca\/","logo":{"@type":"ImageObject","inLanguage":"fr-FR","@id":"https:\/\/ottawacornwall.ca\/#\/schema\/logo\/image\/","url":"https:\/\/ottawacornwall.ca\/wp-content\/uploads\/2022\/11\/Archdiocese-Logo-Horizontal-Reverse-1.svg","contentUrl":"https:\/\/ottawacornwall.ca\/wp-content\/uploads\/2022\/11\/Archdiocese-Logo-Horizontal-Reverse-1.svg","caption":"Archdiocese of Ottawa-Cornwall"},"image":{"@id":"https:\/\/ottawacornwall.ca\/#\/schema\/logo\/image\/"}}]}},"_links":{"self":[{"href":"https:\/\/ottawacornwall.ca\/fr\/wp-json\/wp\/v2\/news\/34235","targetHints":{"allow":["GET"]}}],"collection":[{"href":"https:\/\/ottawacornwall.ca\/fr\/wp-json\/wp\/v2\/news"}],"about":[{"href":"https:\/\/ottawacornwall.ca\/fr\/wp-json\/wp\/v2\/types\/news"}],"author":[{"embeddable":true,"href":"https:\/\/ottawacornwall.ca\/fr\/wp-json\/wp\/v2\/users\/6"}],"replies":[{"embeddable":true,"href":"https:\/\/ottawacornwall.ca\/fr\/wp-json\/wp\/v2\/comments?post=34235"}],"version-history":[{"count":3,"href":"https:\/\/ottawacornwall.ca\/fr\/wp-json\/wp\/v2\/news\/34235\/revisions"}],"predecessor-version":[{"id":34238,"href":"https:\/\/ottawacornwall.ca\/fr\/wp-json\/wp\/v2\/news\/34235\/revisions\/34238"}],"wp:attachment":[{"href":"https:\/\/ottawacornwall.ca\/fr\/wp-json\/wp\/v2\/media?parent=34235"}],"wp:term":[{"taxonomy":"news_cate","embeddable":true,"href":"https:\/\/ottawacornwall.ca\/fr\/wp-json\/wp\/v2\/news_cate?post=34235"}],"curies":[{"name":"wp","href":"https:\/\/api.w.org\/{rel}","templated":true}]}}