{"id":34247,"date":"2025-09-24T11:22:43","date_gmt":"2025-09-24T15:22:43","guid":{"rendered":"https:\/\/wp268132.wpdns.ca\/?post_type=news&#038;p=34247"},"modified":"2025-10-21T22:59:23","modified_gmt":"2025-10-22T02:59:23","slug":"jubile-du-monde-de-leducation-rendez-vous-les-4-et-5-octobre","status":"publish","type":"news","link":"https:\/\/ottawacornwall.ca\/fr\/news\/jubile-du-monde-de-leducation-rendez-vous-les-4-et-5-octobre\/","title":{"rendered":"Jubil\u00e9 du monde de l\u2019\u00e9ducation : rendez-vous les 4 et 5 octobre !"},"content":{"rendered":"\t\t<div data-elementor-type=\"wp-post\" data-elementor-id=\"34247\" class=\"elementor elementor-34247\" data-elementor-post-type=\"news\">\n\t\t\t\t<div class=\"elementor-element elementor-element-ae4f40f e-flex e-con-boxed e-con e-parent\" data-id=\"ae4f40f\" data-element_type=\"container\">\n\t\t\t\t\t<div class=\"e-con-inner\">\n\t\t\t\t<div class=\"elementor-element elementor-element-f041ddd elementor-widget elementor-widget-text-editor\" data-id=\"f041ddd\" data-element_type=\"widget\" data-widget_type=\"text-editor.default\">\n\t\t\t\t<div class=\"elementor-widget-container\">\n\t\t\t\t\t\t\t\t\t<h6><strong>Jubil\u00e9 du monde de l\u2019\u00e9ducation \u2013 Une journ\u00e9e pour honorer les \u00e9l\u00e8ves et le personnel scolaire<\/strong><\/h6><p>Dans le cadre du Jubil\u00e9 2025, vous \u00eates invit\u00e9s \u00e0 une journ\u00e9e sp\u00e9ciale d\u00e9di\u00e9e aux \u00e9l\u00e8ves, au personnel enseignant et \u00e0 tous ceux et celles qui \u0153uvrent dans le monde de l\u2019\u00e9ducation.<\/p><p><span data-olk-copy-source=\"MessageBody\">Le jubil\u00e9 commencera par une\u00a0<strong>veill\u00e9e de pri\u00e8re \u00e0 la Paroisse Saint-R\u00e9mi\u00a0<\/strong>(2821 avenue Dumaurier, Ottawa)<strong>\u00a0le samedi 4 octobre de 18h30 \u00e0 21h30,<\/strong>\u00a0avec adoration et chants.\u00a0<\/span>Le\u00a0<b>dimanche 5 octobre, de 12h30 \u00e0 17h30, \u00e0 la paroisse Saint-Joseph d\u2019Orl\u00e9ans<\/b>\u00a0(2757 boulevard Saint-Joseph), nous rendrons hommage au r\u00f4le de l\u2019\u00e9ducation dans notre d\u00e9veloppement personnel et dans l\u2019\u00e9panouissement de la mission de l\u2019\u00c9glise.\u00a0<\/p>\t\t\t\t\t\t\t\t<\/div>\n\t\t\t\t<\/div>\n\t\t\t\t\t<\/div>\n\t\t\t\t<\/div>\n\t\t<div class=\"elementor-element elementor-element-f2a7214 e-flex e-con-boxed e-con e-parent\" data-id=\"f2a7214\" data-element_type=\"container\">\n\t\t\t\t\t<div class=\"e-con-inner\">\n\t\t\t\t<div class=\"elementor-element elementor-element-59d8181 elementor-widget elementor-widget-image\" data-id=\"59d8181\" data-element_type=\"widget\" data-widget_type=\"image.default\">\n\t\t\t\t<div class=\"elementor-widget-container\">\n\t\t\t\t\t\t\t\t\t\t\t\t\t\t\t<img fetchpriority=\"high\" decoding=\"async\" width=\"768\" height=\"1024\" src=\"https:\/\/ottawacornwall.ca\/wp-content\/uploads\/2025\/09\/Jubile-du-monde-de-leducation-Affiche-avec-veillee-1-768x1024.png\" class=\"attachment-large size-large wp-image-34248\" alt=\"\" srcset=\"https:\/\/ottawacornwall.ca\/wp-content\/uploads\/2025\/09\/Jubile-du-monde-de-leducation-Affiche-avec-veillee-1-768x1024.png 768w, https:\/\/ottawacornwall.ca\/wp-content\/uploads\/2025\/09\/Jubile-du-monde-de-leducation-Affiche-avec-veillee-1-225x300.png 225w, https:\/\/ottawacornwall.ca\/wp-content\/uploads\/2025\/09\/Jubile-du-monde-de-leducation-Affiche-avec-veillee-1-300x400.png 300w, https:\/\/ottawacornwall.ca\/wp-content\/uploads\/2025\/09\/Jubile-du-monde-de-leducation-Affiche-avec-veillee-1-1152x1536.png 1152w, https:\/\/ottawacornwall.ca\/wp-content\/uploads\/2025\/09\/Jubile-du-monde-de-leducation-Affiche-avec-veillee-1-1536x2048.png 1536w, https:\/\/ottawacornwall.ca\/wp-content\/uploads\/2025\/09\/Jubile-du-monde-de-leducation-Affiche-avec-veillee-1-scaled.png 1920w\" sizes=\"(max-width: 768px) 100vw, 768px\" \/>\t\t\t\t\t\t\t\t\t\t\t\t\t\t\t<\/div>\n\t\t\t\t<\/div>\n\t\t\t\t\t<\/div>\n\t\t\t\t<\/div>\n\t\t\t\t<\/div>\n\t\t","protected":false},"author":24,"featured_media":0,"comment_status":"closed","ping_status":"closed","template":"","news_cate":[74,77],"class_list":["post-34247","news","type-news","status-publish","hentry","news_cate-current-message","news_cate-news-from-our-parishes"],"acf":[],"yoast_head":"<!-- This site is optimized with the Yoast SEO plugin v27.4 - https:\/\/yoast.com\/product\/yoast-seo-wordpress\/ -->\n<title>Jubil\u00e9 du monde de l\u2019\u00e9ducation : rendez-vous les 4 et 5 octobre ! - Archdiocese of Ottawa-Cornwall<\/title>\n<meta name=\"robots\" content=\"index, follow, max-snippet:-1, max-image-preview:large, max-video-preview:-1\" \/>\n<link rel=\"canonical\" href=\"https:\/\/ottawacornwall.ca\/fr\/news\/jubile-du-monde-de-leducation-rendez-vous-les-4-et-5-octobre\/\" \/>\n<meta property=\"og:locale\" content=\"fr_FR\" \/>\n<meta property=\"og:type\" content=\"article\" \/>\n<meta property=\"og:title\" content=\"Jubil\u00e9 du monde de l\u2019\u00e9ducation : rendez-vous les 4 et 5 octobre ! - Archdiocese of Ottawa-Cornwall\" \/>\n<meta property=\"og:description\" content=\"Jubil\u00e9 du monde de l\u2019\u00e9ducation \u2013 Une journ\u00e9e pour honorer les \u00e9l\u00e8ves et le personnel scolaire Dans le cadre du Jubil\u00e9 2025, vous \u00eates invit\u00e9s \u00e0 une journ\u00e9e sp\u00e9ciale d\u00e9di\u00e9e aux \u00e9l\u00e8ves, au personnel enseignant et \u00e0 tous ceux et celles qui \u0153uvrent dans le monde de l\u2019\u00e9ducation. Le jubil\u00e9 commencera par une\u00a0veill\u00e9e de pri\u00e8re [&hellip;]\" \/>\n<meta property=\"og:url\" content=\"https:\/\/ottawacornwall.ca\/fr\/news\/jubile-du-monde-de-leducation-rendez-vous-les-4-et-5-octobre\/\" \/>\n<meta property=\"og:site_name\" content=\"Archdiocese of Ottawa-Cornwall\" \/>\n<meta property=\"article:modified_time\" content=\"2025-10-22T02:59:23+00:00\" \/>\n<meta property=\"og:image\" content=\"http:\/\/ottawacornwall.ca\/wp-content\/uploads\/2025\/09\/Jubile-du-monde-de-leducation-Affiche-avec-veillee-1-768x1024.png\" \/>\n<meta name=\"twitter:card\" content=\"summary_large_image\" \/>\n<meta name=\"twitter:label1\" content=\"Dur\u00e9e de lecture estim\u00e9e\" \/>\n\t<meta name=\"twitter:data1\" content=\"1 minute\" \/>\n<script type=\"application\/ld+json\" class=\"yoast-schema-graph\">{\"@context\":\"https:\\\/\\\/schema.org\",\"@graph\":[{\"@type\":\"WebPage\",\"@id\":\"https:\\\/\\\/ottawacornwall.ca\\\/fr\\\/news\\\/jubile-du-monde-de-leducation-rendez-vous-les-4-et-5-octobre\\\/\",\"url\":\"https:\\\/\\\/ottawacornwall.ca\\\/fr\\\/news\\\/jubile-du-monde-de-leducation-rendez-vous-les-4-et-5-octobre\\\/\",\"name\":\"Jubil\u00e9 du monde de l\u2019\u00e9ducation : rendez-vous les 4 et 5 octobre ! - Archdiocese of Ottawa-Cornwall\",\"isPartOf\":{\"@id\":\"https:\\\/\\\/ottawacornwall.ca\\\/#website\"},\"primaryImageOfPage\":{\"@id\":\"https:\\\/\\\/ottawacornwall.ca\\\/fr\\\/news\\\/jubile-du-monde-de-leducation-rendez-vous-les-4-et-5-octobre\\\/#primaryimage\"},\"image\":{\"@id\":\"https:\\\/\\\/ottawacornwall.ca\\\/fr\\\/news\\\/jubile-du-monde-de-leducation-rendez-vous-les-4-et-5-octobre\\\/#primaryimage\"},\"thumbnailUrl\":\"http:\\\/\\\/ottawacornwall.ca\\\/wp-content\\\/uploads\\\/2025\\\/09\\\/Jubile-du-monde-de-leducation-Affiche-avec-veillee-1-768x1024.png\",\"datePublished\":\"2025-09-24T15:22:43+00:00\",\"dateModified\":\"2025-10-22T02:59:23+00:00\",\"breadcrumb\":{\"@id\":\"https:\\\/\\\/ottawacornwall.ca\\\/fr\\\/news\\\/jubile-du-monde-de-leducation-rendez-vous-les-4-et-5-octobre\\\/#breadcrumb\"},\"inLanguage\":\"fr-FR\",\"potentialAction\":[{\"@type\":\"ReadAction\",\"target\":[\"https:\\\/\\\/ottawacornwall.ca\\\/fr\\\/news\\\/jubile-du-monde-de-leducation-rendez-vous-les-4-et-5-octobre\\\/\"]}]},{\"@type\":\"ImageObject\",\"inLanguage\":\"fr-FR\",\"@id\":\"https:\\\/\\\/ottawacornwall.ca\\\/fr\\\/news\\\/jubile-du-monde-de-leducation-rendez-vous-les-4-et-5-octobre\\\/#primaryimage\",\"url\":\"http:\\\/\\\/ottawacornwall.ca\\\/wp-content\\\/uploads\\\/2025\\\/09\\\/Jubile-du-monde-de-leducation-Affiche-avec-veillee-1-768x1024.png\",\"contentUrl\":\"http:\\\/\\\/ottawacornwall.ca\\\/wp-content\\\/uploads\\\/2025\\\/09\\\/Jubile-du-monde-de-leducation-Affiche-avec-veillee-1-768x1024.png\"},{\"@type\":\"BreadcrumbList\",\"@id\":\"https:\\\/\\\/ottawacornwall.ca\\\/fr\\\/news\\\/jubile-du-monde-de-leducation-rendez-vous-les-4-et-5-octobre\\\/#breadcrumb\",\"itemListElement\":[{\"@type\":\"ListItem\",\"position\":1,\"name\":\"Home\",\"item\":\"https:\\\/\\\/ottawacornwall.ca\\\/fr\\\/\"},{\"@type\":\"ListItem\",\"position\":2,\"name\":\"Jubil\u00e9 du monde de l\u2019\u00e9ducation : rendez-vous les 4 et 5 octobre !\"}]},{\"@type\":\"WebSite\",\"@id\":\"https:\\\/\\\/ottawacornwall.ca\\\/#website\",\"url\":\"https:\\\/\\\/ottawacornwall.ca\\\/\",\"name\":\"Archdiocese of Ottawa-Cornwall\",\"description\":\"Welcome to the  Ottawa-Cornwall Archdiocese!\",\"publisher\":{\"@id\":\"https:\\\/\\\/ottawacornwall.ca\\\/#organization\"},\"potentialAction\":[{\"@type\":\"SearchAction\",\"target\":{\"@type\":\"EntryPoint\",\"urlTemplate\":\"https:\\\/\\\/ottawacornwall.ca\\\/?s={search_term_string}\"},\"query-input\":{\"@type\":\"PropertyValueSpecification\",\"valueRequired\":true,\"valueName\":\"search_term_string\"}}],\"inLanguage\":\"fr-FR\"},{\"@type\":\"Organization\",\"@id\":\"https:\\\/\\\/ottawacornwall.ca\\\/#organization\",\"name\":\"Archdiocese of Ottawa-Cornwall\",\"url\":\"https:\\\/\\\/ottawacornwall.ca\\\/\",\"logo\":{\"@type\":\"ImageObject\",\"inLanguage\":\"fr-FR\",\"@id\":\"https:\\\/\\\/ottawacornwall.ca\\\/#\\\/schema\\\/logo\\\/image\\\/\",\"url\":\"https:\\\/\\\/ottawacornwall.ca\\\/wp-content\\\/uploads\\\/2022\\\/11\\\/Archdiocese-Logo-Horizontal-Reverse-1.svg\",\"contentUrl\":\"https:\\\/\\\/ottawacornwall.ca\\\/wp-content\\\/uploads\\\/2022\\\/11\\\/Archdiocese-Logo-Horizontal-Reverse-1.svg\",\"caption\":\"Archdiocese of Ottawa-Cornwall\"},\"image\":{\"@id\":\"https:\\\/\\\/ottawacornwall.ca\\\/#\\\/schema\\\/logo\\\/image\\\/\"}}]}<\/script>\n<!-- \/ Yoast SEO plugin. -->","yoast_head_json":{"title":"Jubil\u00e9 du monde de l\u2019\u00e9ducation : rendez-vous les 4 et 5 octobre ! - Archdiocese of Ottawa-Cornwall","robots":{"index":"index","follow":"follow","max-snippet":"max-snippet:-1","max-image-preview":"max-image-preview:large","max-video-preview":"max-video-preview:-1"},"canonical":"https:\/\/ottawacornwall.ca\/fr\/news\/jubile-du-monde-de-leducation-rendez-vous-les-4-et-5-octobre\/","og_locale":"fr_FR","og_type":"article","og_title":"Jubil\u00e9 du monde de l\u2019\u00e9ducation : rendez-vous les 4 et 5 octobre ! - Archdiocese of Ottawa-Cornwall","og_description":"Jubil\u00e9 du monde de l\u2019\u00e9ducation \u2013 Une journ\u00e9e pour honorer les \u00e9l\u00e8ves et le personnel scolaire Dans le cadre du Jubil\u00e9 2025, vous \u00eates invit\u00e9s \u00e0 une journ\u00e9e sp\u00e9ciale d\u00e9di\u00e9e aux \u00e9l\u00e8ves, au personnel enseignant et \u00e0 tous ceux et celles qui \u0153uvrent dans le monde de l\u2019\u00e9ducation. Le jubil\u00e9 commencera par une\u00a0veill\u00e9e de pri\u00e8re [&hellip;]","og_url":"https:\/\/ottawacornwall.ca\/fr\/news\/jubile-du-monde-de-leducation-rendez-vous-les-4-et-5-octobre\/","og_site_name":"Archdiocese of Ottawa-Cornwall","article_modified_time":"2025-10-22T02:59:23+00:00","og_image":[{"url":"http:\/\/ottawacornwall.ca\/wp-content\/uploads\/2025\/09\/Jubile-du-monde-de-leducation-Affiche-avec-veillee-1-768x1024.png","type":"","width":"","height":""}],"twitter_card":"summary_large_image","twitter_misc":{"Dur\u00e9e de lecture estim\u00e9e":"1 minute"},"schema":{"@context":"https:\/\/schema.org","@graph":[{"@type":"WebPage","@id":"https:\/\/ottawacornwall.ca\/fr\/news\/jubile-du-monde-de-leducation-rendez-vous-les-4-et-5-octobre\/","url":"https:\/\/ottawacornwall.ca\/fr\/news\/jubile-du-monde-de-leducation-rendez-vous-les-4-et-5-octobre\/","name":"Jubil\u00e9 du monde de l\u2019\u00e9ducation : rendez-vous les 4 et 5 octobre ! - Archdiocese of Ottawa-Cornwall","isPartOf":{"@id":"https:\/\/ottawacornwall.ca\/#website"},"primaryImageOfPage":{"@id":"https:\/\/ottawacornwall.ca\/fr\/news\/jubile-du-monde-de-leducation-rendez-vous-les-4-et-5-octobre\/#primaryimage"},"image":{"@id":"https:\/\/ottawacornwall.ca\/fr\/news\/jubile-du-monde-de-leducation-rendez-vous-les-4-et-5-octobre\/#primaryimage"},"thumbnailUrl":"http:\/\/ottawacornwall.ca\/wp-content\/uploads\/2025\/09\/Jubile-du-monde-de-leducation-Affiche-avec-veillee-1-768x1024.png","datePublished":"2025-09-24T15:22:43+00:00","dateModified":"2025-10-22T02:59:23+00:00","breadcrumb":{"@id":"https:\/\/ottawacornwall.ca\/fr\/news\/jubile-du-monde-de-leducation-rendez-vous-les-4-et-5-octobre\/#breadcrumb"},"inLanguage":"fr-FR","potentialAction":[{"@type":"ReadAction","target":["https:\/\/ottawacornwall.ca\/fr\/news\/jubile-du-monde-de-leducation-rendez-vous-les-4-et-5-octobre\/"]}]},{"@type":"ImageObject","inLanguage":"fr-FR","@id":"https:\/\/ottawacornwall.ca\/fr\/news\/jubile-du-monde-de-leducation-rendez-vous-les-4-et-5-octobre\/#primaryimage","url":"http:\/\/ottawacornwall.ca\/wp-content\/uploads\/2025\/09\/Jubile-du-monde-de-leducation-Affiche-avec-veillee-1-768x1024.png","contentUrl":"http:\/\/ottawacornwall.ca\/wp-content\/uploads\/2025\/09\/Jubile-du-monde-de-leducation-Affiche-avec-veillee-1-768x1024.png"},{"@type":"BreadcrumbList","@id":"https:\/\/ottawacornwall.ca\/fr\/news\/jubile-du-monde-de-leducation-rendez-vous-les-4-et-5-octobre\/#breadcrumb","itemListElement":[{"@type":"ListItem","position":1,"name":"Home","item":"https:\/\/ottawacornwall.ca\/fr\/"},{"@type":"ListItem","position":2,"name":"Jubil\u00e9 du monde de l\u2019\u00e9ducation : rendez-vous les 4 et 5 octobre !"}]},{"@type":"WebSite","@id":"https:\/\/ottawacornwall.ca\/#website","url":"https:\/\/ottawacornwall.ca\/","name":"Archdiocese of Ottawa-Cornwall","description":"Welcome to the  Ottawa-Cornwall Archdiocese!","publisher":{"@id":"https:\/\/ottawacornwall.ca\/#organization"},"potentialAction":[{"@type":"SearchAction","target":{"@type":"EntryPoint","urlTemplate":"https:\/\/ottawacornwall.ca\/?s={search_term_string}"},"query-input":{"@type":"PropertyValueSpecification","valueRequired":true,"valueName":"search_term_string"}}],"inLanguage":"fr-FR"},{"@type":"Organization","@id":"https:\/\/ottawacornwall.ca\/#organization","name":"Archdiocese of Ottawa-Cornwall","url":"https:\/\/ottawacornwall.ca\/","logo":{"@type":"ImageObject","inLanguage":"fr-FR","@id":"https:\/\/ottawacornwall.ca\/#\/schema\/logo\/image\/","url":"https:\/\/ottawacornwall.ca\/wp-content\/uploads\/2022\/11\/Archdiocese-Logo-Horizontal-Reverse-1.svg","contentUrl":"https:\/\/ottawacornwall.ca\/wp-content\/uploads\/2022\/11\/Archdiocese-Logo-Horizontal-Reverse-1.svg","caption":"Archdiocese of Ottawa-Cornwall"},"image":{"@id":"https:\/\/ottawacornwall.ca\/#\/schema\/logo\/image\/"}}]}},"_links":{"self":[{"href":"https:\/\/ottawacornwall.ca\/fr\/wp-json\/wp\/v2\/news\/34247","targetHints":{"allow":["GET"]}}],"collection":[{"href":"https:\/\/ottawacornwall.ca\/fr\/wp-json\/wp\/v2\/news"}],"about":[{"href":"https:\/\/ottawacornwall.ca\/fr\/wp-json\/wp\/v2\/types\/news"}],"author":[{"embeddable":true,"href":"https:\/\/ottawacornwall.ca\/fr\/wp-json\/wp\/v2\/users\/24"}],"replies":[{"embeddable":true,"href":"https:\/\/ottawacornwall.ca\/fr\/wp-json\/wp\/v2\/comments?post=34247"}],"version-history":[{"count":6,"href":"https:\/\/ottawacornwall.ca\/fr\/wp-json\/wp\/v2\/news\/34247\/revisions"}],"predecessor-version":[{"id":34779,"href":"https:\/\/ottawacornwall.ca\/fr\/wp-json\/wp\/v2\/news\/34247\/revisions\/34779"}],"wp:attachment":[{"href":"https:\/\/ottawacornwall.ca\/fr\/wp-json\/wp\/v2\/media?parent=34247"}],"wp:term":[{"taxonomy":"news_cate","embeddable":true,"href":"https:\/\/ottawacornwall.ca\/fr\/wp-json\/wp\/v2\/news_cate?post=34247"}],"curies":[{"name":"wp","href":"https:\/\/api.w.org\/{rel}","templated":true}]}}