{"id":34356,"date":"2025-09-30T08:48:28","date_gmt":"2025-09-30T12:48:28","guid":{"rendered":"https:\/\/wp268132.wpdns.ca\/?post_type=news&#038;p=34356"},"modified":"2025-09-30T08:46:36","modified_gmt":"2025-09-30T12:46:36","slug":"journee-nationale-de-la-verite-et-de-la-reconciliation-2025","status":"publish","type":"news","link":"https:\/\/ottawacornwall.ca\/fr\/news\/journee-nationale-de-la-verite-et-de-la-reconciliation-2025\/","title":{"rendered":"Journ\u00e9e nationale de la v\u00e9rit\u00e9 et de la r\u00e9conciliation 2025"},"content":{"rendered":"<p><span data-contrast=\"auto\">Chers fr\u00e8res et s\u0153urs dans le Christ,<\/span><span data-ccp-props=\"{&quot;134233117&quot;:false,&quot;134233118&quot;:false,&quot;201341983&quot;:0,&quot;335551550&quot;:0,&quot;335551620&quot;:0,&quot;335559738&quot;:0,&quot;335559739&quot;:160,&quot;335559740&quot;:257}\">\u00a0<\/span><\/p>\n<p><span data-contrast=\"auto\">Alors que nous cheminons ensemble \u00e0 travers cette ann\u00e9e jubilaire de l\u2019Esp\u00e9rance, je souhaite vous offrir une v\u00e9rit\u00e9 simple, mais profonde tir\u00e9e de l\u2019\u00c9criture : <\/span><span data-contrast=\"auto\">\u00ab Et l\u2019esp\u00e9rance ne d\u00e9\u00e7oit pas. \u00bb (Romains 5, 5)<\/span><span data-ccp-props=\"{&quot;134233117&quot;:false,&quot;134233118&quot;:false,&quot;201341983&quot;:0,&quot;335551550&quot;:0,&quot;335551620&quot;:0,&quot;335559738&quot;:0,&quot;335559739&quot;:160,&quot;335559740&quot;:257}\">\u00a0<\/span><\/p>\n<p><span data-contrast=\"auto\">L\u2019esp\u00e9rance, chers amis, n\u2019est pas une illusion na\u00efve. Elle ne d\u00e9tourne pas les yeux de la souffrance, ni ne fait semblant que le pass\u00e9 n\u2019a pas exist\u00e9. Au contraire, elle garde les yeux grands ouverts, avec courage, avec foi et les fixe doucement sur le Christ, qui marche \u00e0 nos c\u00f4t\u00e9s aujourd\u2019hui et nous conduit vers la pl\u00e9nitude de la vie.<\/span><span data-ccp-props=\"{&quot;134233117&quot;:false,&quot;134233118&quot;:false,&quot;201341983&quot;:0,&quot;335551550&quot;:0,&quot;335551620&quot;:0,&quot;335559738&quot;:0,&quot;335559739&quot;:160,&quot;335559740&quot;:257}\">\u00a0<\/span><\/p>\n<p><span data-contrast=\"auto\">C\u2019est avec cette esp\u00e9rance que nous faisons m\u00e9moire du pass\u00e9, en particulier des souffrances profondes v\u00e9cues par les peuples autochtones du Canada. Ces blessures ne sont pas oubli\u00e9es ; nous les portons avec respect, avec v\u00e9rit\u00e9. Et dans ce m\u00eame esprit d\u2019esp\u00e9rance, nous accueillons le chemin, encore en cours, de la gu\u00e9rison et de la justice, en avan\u00e7ant ensemble dans la solidarit\u00e9 et l\u2019amour.<\/span><span data-ccp-props=\"{&quot;134233117&quot;:false,&quot;134233118&quot;:false,&quot;201341983&quot;:0,&quot;335551550&quot;:0,&quot;335551620&quot;:0,&quot;335559738&quot;:0,&quot;335559739&quot;:160,&quot;335559740&quot;:257}\">\u00a0<\/span><\/p>\n<p><span data-contrast=\"auto\">Lorsque nous tournons notre regard vers l\u2019avenir, c\u2019est avec des c\u0153urs remplis d\u2019attente, non pas parce que le chemin est facile, mais parce que le Christ est fid\u00e8le. C\u2019est Lui qui fait toutes choses nouvelles, en son temps et selon sa volont\u00e9.<\/span><span data-ccp-props=\"{&quot;134233117&quot;:false,&quot;134233118&quot;:false,&quot;201341983&quot;:0,&quot;335551550&quot;:0,&quot;335551620&quot;:0,&quot;335559738&quot;:0,&quot;335559739&quot;:160,&quot;335559740&quot;:257}\">\u00a0<\/span><\/p>\n<p><span data-contrast=\"auto\">Le Christ ne nous d\u00e9\u00e7oit jamais. Tout ce que nous lui confions, nos peines, nos joies, nos luttes, il l\u2019accueille avec tendresse et le transforme par sa gr\u00e2ce.<\/span><span data-ccp-props=\"{&quot;134233117&quot;:false,&quot;134233118&quot;:false,&quot;201341983&quot;:0,&quot;335551550&quot;:0,&quot;335551620&quot;:0,&quot;335559738&quot;:0,&quot;335559739&quot;:160,&quot;335559740&quot;:257}\">\u00a0<\/span><\/p>\n<p><span data-contrast=\"auto\">Marchons donc ensemble, main dans la main, enracin\u00e9s dans cette esp\u00e9rance qui ne d\u00e9\u00e7oit jamais<\/span><span data-ccp-props=\"{&quot;134233117&quot;:false,&quot;134233118&quot;:false,&quot;201341983&quot;:0,&quot;335551550&quot;:0,&quot;335551620&quot;:0,&quot;335559738&quot;:0,&quot;335559739&quot;:160,&quot;335559740&quot;:257}\">\u00a0<\/span><\/p>\n<p><span data-contrast=\"auto\">Esp\u00e9rance et paix \u00e0 toutes et \u00e0 tous.<\/span><span data-ccp-props=\"{&quot;134233117&quot;:false,&quot;134233118&quot;:false,&quot;201341983&quot;:0,&quot;335551550&quot;:0,&quot;335551620&quot;:0,&quot;335559738&quot;:0,&quot;335559739&quot;:160,&quot;335559740&quot;:257}\">\u00a0<\/span><\/p>\n<p><strong>+Marcel Damphousse\u00a0<\/strong><br \/>\n<span data-contrast=\"auto\"> Archev\u00eaque d\u2019Ottawa-Cornwall<\/span><span data-ccp-props=\"{&quot;134233117&quot;:false,&quot;134233118&quot;:false,&quot;201341983&quot;:0,&quot;335551550&quot;:0,&quot;335551620&quot;:0,&quot;335559738&quot;:0,&quot;335559739&quot;:160,&quot;335559740&quot;:257}\">\u00a0<\/span><\/p>\n","protected":false},"author":6,"featured_media":0,"comment_status":"closed","ping_status":"closed","template":"","news_cate":[74],"class_list":["post-34356","news","type-news","status-publish","hentry","news_cate-current-message"],"acf":[],"yoast_head":"<!-- This site is optimized with the Yoast SEO plugin v27.4 - https:\/\/yoast.com\/product\/yoast-seo-wordpress\/ -->\n<title>Journ\u00e9e nationale de la v\u00e9rit\u00e9 et de la r\u00e9conciliation 2025 - Archdiocese of Ottawa-Cornwall<\/title>\n<meta name=\"robots\" content=\"index, follow, max-snippet:-1, max-image-preview:large, max-video-preview:-1\" \/>\n<link rel=\"canonical\" href=\"https:\/\/ottawacornwall.ca\/fr\/news\/journee-nationale-de-la-verite-et-de-la-reconciliation-2025\/\" \/>\n<meta property=\"og:locale\" content=\"fr_FR\" \/>\n<meta property=\"og:type\" content=\"article\" \/>\n<meta property=\"og:title\" content=\"Journ\u00e9e nationale de la v\u00e9rit\u00e9 et de la r\u00e9conciliation 2025 - Archdiocese of Ottawa-Cornwall\" \/>\n<meta property=\"og:description\" content=\"Chers fr\u00e8res et s\u0153urs dans le Christ,\u00a0 Alors que nous cheminons ensemble \u00e0 travers cette ann\u00e9e jubilaire de l\u2019Esp\u00e9rance, je souhaite vous offrir une v\u00e9rit\u00e9 simple, mais profonde tir\u00e9e de l\u2019\u00c9criture : \u00ab Et l\u2019esp\u00e9rance ne d\u00e9\u00e7oit pas. \u00bb (Romains 5, 5)\u00a0 L\u2019esp\u00e9rance, chers amis, n\u2019est pas une illusion na\u00efve. Elle ne d\u00e9tourne pas les [&hellip;]\" \/>\n<meta property=\"og:url\" content=\"https:\/\/ottawacornwall.ca\/fr\/news\/journee-nationale-de-la-verite-et-de-la-reconciliation-2025\/\" \/>\n<meta property=\"og:site_name\" content=\"Archdiocese of Ottawa-Cornwall\" \/>\n<meta name=\"twitter:card\" content=\"summary_large_image\" \/>\n<meta name=\"twitter:label1\" content=\"Dur\u00e9e de lecture estim\u00e9e\" \/>\n\t<meta name=\"twitter:data1\" content=\"2 minutes\" \/>\n<script type=\"application\/ld+json\" class=\"yoast-schema-graph\">{\"@context\":\"https:\\\/\\\/schema.org\",\"@graph\":[{\"@type\":\"WebPage\",\"@id\":\"https:\\\/\\\/ottawacornwall.ca\\\/fr\\\/news\\\/journee-nationale-de-la-verite-et-de-la-reconciliation-2025\\\/\",\"url\":\"https:\\\/\\\/ottawacornwall.ca\\\/fr\\\/news\\\/journee-nationale-de-la-verite-et-de-la-reconciliation-2025\\\/\",\"name\":\"Journ\u00e9e nationale de la v\u00e9rit\u00e9 et de la r\u00e9conciliation 2025 - Archdiocese of Ottawa-Cornwall\",\"isPartOf\":{\"@id\":\"https:\\\/\\\/ottawacornwall.ca\\\/#website\"},\"datePublished\":\"2025-09-30T12:48:28+00:00\",\"breadcrumb\":{\"@id\":\"https:\\\/\\\/ottawacornwall.ca\\\/fr\\\/news\\\/journee-nationale-de-la-verite-et-de-la-reconciliation-2025\\\/#breadcrumb\"},\"inLanguage\":\"fr-FR\",\"potentialAction\":[{\"@type\":\"ReadAction\",\"target\":[\"https:\\\/\\\/ottawacornwall.ca\\\/fr\\\/news\\\/journee-nationale-de-la-verite-et-de-la-reconciliation-2025\\\/\"]}]},{\"@type\":\"BreadcrumbList\",\"@id\":\"https:\\\/\\\/ottawacornwall.ca\\\/fr\\\/news\\\/journee-nationale-de-la-verite-et-de-la-reconciliation-2025\\\/#breadcrumb\",\"itemListElement\":[{\"@type\":\"ListItem\",\"position\":1,\"name\":\"Home\",\"item\":\"https:\\\/\\\/ottawacornwall.ca\\\/fr\\\/\"},{\"@type\":\"ListItem\",\"position\":2,\"name\":\"Journ\u00e9e nationale de la v\u00e9rit\u00e9 et de la r\u00e9conciliation 2025\"}]},{\"@type\":\"WebSite\",\"@id\":\"https:\\\/\\\/ottawacornwall.ca\\\/#website\",\"url\":\"https:\\\/\\\/ottawacornwall.ca\\\/\",\"name\":\"Archdiocese of Ottawa-Cornwall\",\"description\":\"Welcome to the  Ottawa-Cornwall Archdiocese!\",\"publisher\":{\"@id\":\"https:\\\/\\\/ottawacornwall.ca\\\/#organization\"},\"potentialAction\":[{\"@type\":\"SearchAction\",\"target\":{\"@type\":\"EntryPoint\",\"urlTemplate\":\"https:\\\/\\\/ottawacornwall.ca\\\/?s={search_term_string}\"},\"query-input\":{\"@type\":\"PropertyValueSpecification\",\"valueRequired\":true,\"valueName\":\"search_term_string\"}}],\"inLanguage\":\"fr-FR\"},{\"@type\":\"Organization\",\"@id\":\"https:\\\/\\\/ottawacornwall.ca\\\/#organization\",\"name\":\"Archdiocese of Ottawa-Cornwall\",\"url\":\"https:\\\/\\\/ottawacornwall.ca\\\/\",\"logo\":{\"@type\":\"ImageObject\",\"inLanguage\":\"fr-FR\",\"@id\":\"https:\\\/\\\/ottawacornwall.ca\\\/#\\\/schema\\\/logo\\\/image\\\/\",\"url\":\"https:\\\/\\\/ottawacornwall.ca\\\/wp-content\\\/uploads\\\/2022\\\/11\\\/Archdiocese-Logo-Horizontal-Reverse-1.svg\",\"contentUrl\":\"https:\\\/\\\/ottawacornwall.ca\\\/wp-content\\\/uploads\\\/2022\\\/11\\\/Archdiocese-Logo-Horizontal-Reverse-1.svg\",\"caption\":\"Archdiocese of Ottawa-Cornwall\"},\"image\":{\"@id\":\"https:\\\/\\\/ottawacornwall.ca\\\/#\\\/schema\\\/logo\\\/image\\\/\"}}]}<\/script>\n<!-- \/ Yoast SEO plugin. -->","yoast_head_json":{"title":"Journ\u00e9e nationale de la v\u00e9rit\u00e9 et de la r\u00e9conciliation 2025 - Archdiocese of Ottawa-Cornwall","robots":{"index":"index","follow":"follow","max-snippet":"max-snippet:-1","max-image-preview":"max-image-preview:large","max-video-preview":"max-video-preview:-1"},"canonical":"https:\/\/ottawacornwall.ca\/fr\/news\/journee-nationale-de-la-verite-et-de-la-reconciliation-2025\/","og_locale":"fr_FR","og_type":"article","og_title":"Journ\u00e9e nationale de la v\u00e9rit\u00e9 et de la r\u00e9conciliation 2025 - Archdiocese of Ottawa-Cornwall","og_description":"Chers fr\u00e8res et s\u0153urs dans le Christ,\u00a0 Alors que nous cheminons ensemble \u00e0 travers cette ann\u00e9e jubilaire de l\u2019Esp\u00e9rance, je souhaite vous offrir une v\u00e9rit\u00e9 simple, mais profonde tir\u00e9e de l\u2019\u00c9criture : \u00ab Et l\u2019esp\u00e9rance ne d\u00e9\u00e7oit pas. \u00bb (Romains 5, 5)\u00a0 L\u2019esp\u00e9rance, chers amis, n\u2019est pas une illusion na\u00efve. Elle ne d\u00e9tourne pas les [&hellip;]","og_url":"https:\/\/ottawacornwall.ca\/fr\/news\/journee-nationale-de-la-verite-et-de-la-reconciliation-2025\/","og_site_name":"Archdiocese of Ottawa-Cornwall","twitter_card":"summary_large_image","twitter_misc":{"Dur\u00e9e de lecture estim\u00e9e":"2 minutes"},"schema":{"@context":"https:\/\/schema.org","@graph":[{"@type":"WebPage","@id":"https:\/\/ottawacornwall.ca\/fr\/news\/journee-nationale-de-la-verite-et-de-la-reconciliation-2025\/","url":"https:\/\/ottawacornwall.ca\/fr\/news\/journee-nationale-de-la-verite-et-de-la-reconciliation-2025\/","name":"Journ\u00e9e nationale de la v\u00e9rit\u00e9 et de la r\u00e9conciliation 2025 - Archdiocese of Ottawa-Cornwall","isPartOf":{"@id":"https:\/\/ottawacornwall.ca\/#website"},"datePublished":"2025-09-30T12:48:28+00:00","breadcrumb":{"@id":"https:\/\/ottawacornwall.ca\/fr\/news\/journee-nationale-de-la-verite-et-de-la-reconciliation-2025\/#breadcrumb"},"inLanguage":"fr-FR","potentialAction":[{"@type":"ReadAction","target":["https:\/\/ottawacornwall.ca\/fr\/news\/journee-nationale-de-la-verite-et-de-la-reconciliation-2025\/"]}]},{"@type":"BreadcrumbList","@id":"https:\/\/ottawacornwall.ca\/fr\/news\/journee-nationale-de-la-verite-et-de-la-reconciliation-2025\/#breadcrumb","itemListElement":[{"@type":"ListItem","position":1,"name":"Home","item":"https:\/\/ottawacornwall.ca\/fr\/"},{"@type":"ListItem","position":2,"name":"Journ\u00e9e nationale de la v\u00e9rit\u00e9 et de la r\u00e9conciliation 2025"}]},{"@type":"WebSite","@id":"https:\/\/ottawacornwall.ca\/#website","url":"https:\/\/ottawacornwall.ca\/","name":"Archdiocese of Ottawa-Cornwall","description":"Welcome to the  Ottawa-Cornwall Archdiocese!","publisher":{"@id":"https:\/\/ottawacornwall.ca\/#organization"},"potentialAction":[{"@type":"SearchAction","target":{"@type":"EntryPoint","urlTemplate":"https:\/\/ottawacornwall.ca\/?s={search_term_string}"},"query-input":{"@type":"PropertyValueSpecification","valueRequired":true,"valueName":"search_term_string"}}],"inLanguage":"fr-FR"},{"@type":"Organization","@id":"https:\/\/ottawacornwall.ca\/#organization","name":"Archdiocese of Ottawa-Cornwall","url":"https:\/\/ottawacornwall.ca\/","logo":{"@type":"ImageObject","inLanguage":"fr-FR","@id":"https:\/\/ottawacornwall.ca\/#\/schema\/logo\/image\/","url":"https:\/\/ottawacornwall.ca\/wp-content\/uploads\/2022\/11\/Archdiocese-Logo-Horizontal-Reverse-1.svg","contentUrl":"https:\/\/ottawacornwall.ca\/wp-content\/uploads\/2022\/11\/Archdiocese-Logo-Horizontal-Reverse-1.svg","caption":"Archdiocese of Ottawa-Cornwall"},"image":{"@id":"https:\/\/ottawacornwall.ca\/#\/schema\/logo\/image\/"}}]}},"_links":{"self":[{"href":"https:\/\/ottawacornwall.ca\/fr\/wp-json\/wp\/v2\/news\/34356","targetHints":{"allow":["GET"]}}],"collection":[{"href":"https:\/\/ottawacornwall.ca\/fr\/wp-json\/wp\/v2\/news"}],"about":[{"href":"https:\/\/ottawacornwall.ca\/fr\/wp-json\/wp\/v2\/types\/news"}],"author":[{"embeddable":true,"href":"https:\/\/ottawacornwall.ca\/fr\/wp-json\/wp\/v2\/users\/6"}],"replies":[{"embeddable":true,"href":"https:\/\/ottawacornwall.ca\/fr\/wp-json\/wp\/v2\/comments?post=34356"}],"version-history":[{"count":2,"href":"https:\/\/ottawacornwall.ca\/fr\/wp-json\/wp\/v2\/news\/34356\/revisions"}],"predecessor-version":[{"id":34358,"href":"https:\/\/ottawacornwall.ca\/fr\/wp-json\/wp\/v2\/news\/34356\/revisions\/34358"}],"wp:attachment":[{"href":"https:\/\/ottawacornwall.ca\/fr\/wp-json\/wp\/v2\/media?parent=34356"}],"wp:term":[{"taxonomy":"news_cate","embeddable":true,"href":"https:\/\/ottawacornwall.ca\/fr\/wp-json\/wp\/v2\/news_cate?post=34356"}],"curies":[{"name":"wp","href":"https:\/\/api.w.org\/{rel}","templated":true}]}}