{"id":34499,"date":"2025-10-06T12:33:49","date_gmt":"2025-10-06T16:33:49","guid":{"rendered":"https:\/\/wp268132.wpdns.ca\/?post_type=news&#038;p=34499"},"modified":"2025-10-06T12:33:26","modified_gmt":"2025-10-06T16:33:26","slug":"remerciement-messe-de-la-reconciliation-du-30-septembre","status":"publish","type":"news","link":"https:\/\/ottawacornwall.ca\/fr\/news\/remerciement-messe-de-la-reconciliation-du-30-septembre\/","title":{"rendered":"Remerciement \u2013 Messe de la r\u00e9conciliation du 30 septembre"},"content":{"rendered":"<p>Nous sommes profond\u00e9ment reconnaissants envers tous ceux et celles qui ont contribu\u00e9 \u00e0 faire de la messe de la r\u00e9conciliation du 30\u00a0septembre \u00e0 la Basilique-cath\u00e9drale Notre-Dame un \u00e9v\u00e9nement m\u00e9morable. Nous remercions les membres du clerg\u00e9, les ministres liturgiques, les musiciens et musiciennes ainsi que les b\u00e9n\u00e9voles qui ont travaill\u00e9 sans rel\u00e2che en coulisse pour favoriser une ambiance accueillante et propice au recueillement. Gr\u00e2ce \u00e0 votre d\u00e9vouement et \u00e0 votre g\u00e9n\u00e9rosit\u00e9, la messe a cr\u00e9\u00e9 un espace de gu\u00e9rison, de r\u00e9flexion et d\u2019unit\u00e9.<\/p>\n<p>Nous remercions tout particuli\u00e8rement notre archev\u00eaque, Mgr\u00a0Marcel\u00a0Damphousse, notre \u00e9v\u00eaque, Mgr\u00a0Yvan\u00a0Mathieu, et l\u2019\u00e9v\u00eaque de Valleyfield, Mgr\u00a0Alain\u00a0Faubert, pour leur pr\u00e9sence et leur engagement pour la gu\u00e9rison et la r\u00e9conciliation. Nous remercions \u00e9galement les dirigeante\u00b7s autochtones, les a\u00een\u00e9\u00b7es et les membres de communaut\u00e9s autochtones qui ont enrichi la c\u00e9l\u00e9bration par leur pr\u00e9sence, leur sagesse et leurs traditions. Votre participation \u00e9tait essentielle pour faciliter la compr\u00e9hension et la r\u00e9conciliation. Votre ouverture nous inspire \u00e0 continuer ce travail primordial en cheminant ensemble.<\/p>\n<p>De plus, nous tenons \u00e0 souligner les efforts de l\u2019\u00e9quipe de planification, du personnel de la Basilique-cath\u00e9drale Notre-Dame et de toutes les personnes qui ont particip\u00e9 \u00e0 l\u2019accueil et \u00e0 l\u2019organisation. Votre d\u00e9termination a rendu possible ce rassemblement de notre communaut\u00e9 pour la gu\u00e9rison et le renouveau. Nos plus sinc\u00e8res remerciements \u00e0\u00a0: Kateri Native Ministry, la Chorale Mohawk, Isaruit Inuit Arts, l\u2019Ahkwesahsne Mohawk Board of Education, la Ville de Cornwall, la s\u00e9natrice\u00a0Bernadette\u00a0Clement, l\u2019Ambulance Saint-Jean, le Caf\u00e9 des Tours, le comit\u00e9 dioc\u00e9sain de r\u00e9conciliation de l\u2019archidioc\u00e8se d\u2019Ottawa-Cornwall et tous\u00b7tes nos invit\u00e9\u00b7es de marque.<\/p>\n<p>En contribuant par leur talent, leur c\u0153ur et leur engagement, toutes ces personnes nous permettent d\u2019avancer ensemble sur la voie de la v\u00e9rit\u00e9, de la justice et du respect mutuel. Nous souhaitons que cette esp\u00e9rance et cet esprit de r\u00e9conciliation continuent de nous guider \u00e0 l\u2019avenir.<\/p>\n<p><a href=\"https:\/\/www.youtube.com\/watch?v=JnYouDUHKss&amp;t=287s\" target=\"_blank\" rel=\"noopener\"><span style=\"text-decoration: underline;\">Cliquez ici<\/span><\/a> pour regarder la vid\u00e9o de la messe diffus\u00e9e en direct.<\/p>\n","protected":false},"author":6,"featured_media":0,"comment_status":"closed","ping_status":"closed","template":"","news_cate":[74],"class_list":["post-34499","news","type-news","status-publish","hentry","news_cate-current-message"],"acf":[],"yoast_head":"<!-- This site is optimized with the Yoast SEO plugin v27.4 - https:\/\/yoast.com\/product\/yoast-seo-wordpress\/ -->\n<title>Remerciement \u2013 Messe de la r\u00e9conciliation du 30 septembre - Archdiocese of Ottawa-Cornwall<\/title>\n<meta name=\"robots\" content=\"index, follow, max-snippet:-1, max-image-preview:large, max-video-preview:-1\" \/>\n<link rel=\"canonical\" href=\"https:\/\/ottawacornwall.ca\/fr\/news\/remerciement-messe-de-la-reconciliation-du-30-septembre\/\" \/>\n<meta property=\"og:locale\" content=\"fr_FR\" \/>\n<meta property=\"og:type\" content=\"article\" \/>\n<meta property=\"og:title\" content=\"Remerciement \u2013 Messe de la r\u00e9conciliation du 30 septembre - Archdiocese of Ottawa-Cornwall\" \/>\n<meta property=\"og:description\" content=\"Nous sommes profond\u00e9ment reconnaissants envers tous ceux et celles qui ont contribu\u00e9 \u00e0 faire de la messe de la r\u00e9conciliation du 30\u00a0septembre \u00e0 la Basilique-cath\u00e9drale Notre-Dame un \u00e9v\u00e9nement m\u00e9morable. Nous remercions les membres du clerg\u00e9, les ministres liturgiques, les musiciens et musiciennes ainsi que les b\u00e9n\u00e9voles qui ont travaill\u00e9 sans rel\u00e2che en coulisse pour favoriser [&hellip;]\" \/>\n<meta property=\"og:url\" content=\"https:\/\/ottawacornwall.ca\/fr\/news\/remerciement-messe-de-la-reconciliation-du-30-septembre\/\" \/>\n<meta property=\"og:site_name\" content=\"Archdiocese of Ottawa-Cornwall\" \/>\n<meta name=\"twitter:card\" content=\"summary_large_image\" \/>\n<meta name=\"twitter:label1\" content=\"Dur\u00e9e de lecture estim\u00e9e\" \/>\n\t<meta name=\"twitter:data1\" content=\"2 minutes\" \/>\n<script type=\"application\/ld+json\" class=\"yoast-schema-graph\">{\"@context\":\"https:\\\/\\\/schema.org\",\"@graph\":[{\"@type\":\"WebPage\",\"@id\":\"https:\\\/\\\/ottawacornwall.ca\\\/fr\\\/news\\\/remerciement-messe-de-la-reconciliation-du-30-septembre\\\/\",\"url\":\"https:\\\/\\\/ottawacornwall.ca\\\/fr\\\/news\\\/remerciement-messe-de-la-reconciliation-du-30-septembre\\\/\",\"name\":\"Remerciement \u2013 Messe de la r\u00e9conciliation du 30 septembre - Archdiocese of Ottawa-Cornwall\",\"isPartOf\":{\"@id\":\"https:\\\/\\\/ottawacornwall.ca\\\/#website\"},\"datePublished\":\"2025-10-06T16:33:49+00:00\",\"breadcrumb\":{\"@id\":\"https:\\\/\\\/ottawacornwall.ca\\\/fr\\\/news\\\/remerciement-messe-de-la-reconciliation-du-30-septembre\\\/#breadcrumb\"},\"inLanguage\":\"fr-FR\",\"potentialAction\":[{\"@type\":\"ReadAction\",\"target\":[\"https:\\\/\\\/ottawacornwall.ca\\\/fr\\\/news\\\/remerciement-messe-de-la-reconciliation-du-30-septembre\\\/\"]}]},{\"@type\":\"BreadcrumbList\",\"@id\":\"https:\\\/\\\/ottawacornwall.ca\\\/fr\\\/news\\\/remerciement-messe-de-la-reconciliation-du-30-septembre\\\/#breadcrumb\",\"itemListElement\":[{\"@type\":\"ListItem\",\"position\":1,\"name\":\"Home\",\"item\":\"https:\\\/\\\/ottawacornwall.ca\\\/fr\\\/\"},{\"@type\":\"ListItem\",\"position\":2,\"name\":\"Remerciement \u2013 Messe de la r\u00e9conciliation du 30 septembre\"}]},{\"@type\":\"WebSite\",\"@id\":\"https:\\\/\\\/ottawacornwall.ca\\\/#website\",\"url\":\"https:\\\/\\\/ottawacornwall.ca\\\/\",\"name\":\"Archdiocese of Ottawa-Cornwall\",\"description\":\"Welcome to the  Ottawa-Cornwall Archdiocese!\",\"publisher\":{\"@id\":\"https:\\\/\\\/ottawacornwall.ca\\\/#organization\"},\"potentialAction\":[{\"@type\":\"SearchAction\",\"target\":{\"@type\":\"EntryPoint\",\"urlTemplate\":\"https:\\\/\\\/ottawacornwall.ca\\\/?s={search_term_string}\"},\"query-input\":{\"@type\":\"PropertyValueSpecification\",\"valueRequired\":true,\"valueName\":\"search_term_string\"}}],\"inLanguage\":\"fr-FR\"},{\"@type\":\"Organization\",\"@id\":\"https:\\\/\\\/ottawacornwall.ca\\\/#organization\",\"name\":\"Archdiocese of Ottawa-Cornwall\",\"url\":\"https:\\\/\\\/ottawacornwall.ca\\\/\",\"logo\":{\"@type\":\"ImageObject\",\"inLanguage\":\"fr-FR\",\"@id\":\"https:\\\/\\\/ottawacornwall.ca\\\/#\\\/schema\\\/logo\\\/image\\\/\",\"url\":\"https:\\\/\\\/ottawacornwall.ca\\\/wp-content\\\/uploads\\\/2022\\\/11\\\/Archdiocese-Logo-Horizontal-Reverse-1.svg\",\"contentUrl\":\"https:\\\/\\\/ottawacornwall.ca\\\/wp-content\\\/uploads\\\/2022\\\/11\\\/Archdiocese-Logo-Horizontal-Reverse-1.svg\",\"caption\":\"Archdiocese of Ottawa-Cornwall\"},\"image\":{\"@id\":\"https:\\\/\\\/ottawacornwall.ca\\\/#\\\/schema\\\/logo\\\/image\\\/\"}}]}<\/script>\n<!-- \/ Yoast SEO plugin. -->","yoast_head_json":{"title":"Remerciement \u2013 Messe de la r\u00e9conciliation du 30 septembre - Archdiocese of Ottawa-Cornwall","robots":{"index":"index","follow":"follow","max-snippet":"max-snippet:-1","max-image-preview":"max-image-preview:large","max-video-preview":"max-video-preview:-1"},"canonical":"https:\/\/ottawacornwall.ca\/fr\/news\/remerciement-messe-de-la-reconciliation-du-30-septembre\/","og_locale":"fr_FR","og_type":"article","og_title":"Remerciement \u2013 Messe de la r\u00e9conciliation du 30 septembre - Archdiocese of Ottawa-Cornwall","og_description":"Nous sommes profond\u00e9ment reconnaissants envers tous ceux et celles qui ont contribu\u00e9 \u00e0 faire de la messe de la r\u00e9conciliation du 30\u00a0septembre \u00e0 la Basilique-cath\u00e9drale Notre-Dame un \u00e9v\u00e9nement m\u00e9morable. Nous remercions les membres du clerg\u00e9, les ministres liturgiques, les musiciens et musiciennes ainsi que les b\u00e9n\u00e9voles qui ont travaill\u00e9 sans rel\u00e2che en coulisse pour favoriser [&hellip;]","og_url":"https:\/\/ottawacornwall.ca\/fr\/news\/remerciement-messe-de-la-reconciliation-du-30-septembre\/","og_site_name":"Archdiocese of Ottawa-Cornwall","twitter_card":"summary_large_image","twitter_misc":{"Dur\u00e9e de lecture estim\u00e9e":"2 minutes"},"schema":{"@context":"https:\/\/schema.org","@graph":[{"@type":"WebPage","@id":"https:\/\/ottawacornwall.ca\/fr\/news\/remerciement-messe-de-la-reconciliation-du-30-septembre\/","url":"https:\/\/ottawacornwall.ca\/fr\/news\/remerciement-messe-de-la-reconciliation-du-30-septembre\/","name":"Remerciement \u2013 Messe de la r\u00e9conciliation du 30 septembre - Archdiocese of Ottawa-Cornwall","isPartOf":{"@id":"https:\/\/ottawacornwall.ca\/#website"},"datePublished":"2025-10-06T16:33:49+00:00","breadcrumb":{"@id":"https:\/\/ottawacornwall.ca\/fr\/news\/remerciement-messe-de-la-reconciliation-du-30-septembre\/#breadcrumb"},"inLanguage":"fr-FR","potentialAction":[{"@type":"ReadAction","target":["https:\/\/ottawacornwall.ca\/fr\/news\/remerciement-messe-de-la-reconciliation-du-30-septembre\/"]}]},{"@type":"BreadcrumbList","@id":"https:\/\/ottawacornwall.ca\/fr\/news\/remerciement-messe-de-la-reconciliation-du-30-septembre\/#breadcrumb","itemListElement":[{"@type":"ListItem","position":1,"name":"Home","item":"https:\/\/ottawacornwall.ca\/fr\/"},{"@type":"ListItem","position":2,"name":"Remerciement \u2013 Messe de la r\u00e9conciliation du 30 septembre"}]},{"@type":"WebSite","@id":"https:\/\/ottawacornwall.ca\/#website","url":"https:\/\/ottawacornwall.ca\/","name":"Archdiocese of Ottawa-Cornwall","description":"Welcome to the  Ottawa-Cornwall Archdiocese!","publisher":{"@id":"https:\/\/ottawacornwall.ca\/#organization"},"potentialAction":[{"@type":"SearchAction","target":{"@type":"EntryPoint","urlTemplate":"https:\/\/ottawacornwall.ca\/?s={search_term_string}"},"query-input":{"@type":"PropertyValueSpecification","valueRequired":true,"valueName":"search_term_string"}}],"inLanguage":"fr-FR"},{"@type":"Organization","@id":"https:\/\/ottawacornwall.ca\/#organization","name":"Archdiocese of Ottawa-Cornwall","url":"https:\/\/ottawacornwall.ca\/","logo":{"@type":"ImageObject","inLanguage":"fr-FR","@id":"https:\/\/ottawacornwall.ca\/#\/schema\/logo\/image\/","url":"https:\/\/ottawacornwall.ca\/wp-content\/uploads\/2022\/11\/Archdiocese-Logo-Horizontal-Reverse-1.svg","contentUrl":"https:\/\/ottawacornwall.ca\/wp-content\/uploads\/2022\/11\/Archdiocese-Logo-Horizontal-Reverse-1.svg","caption":"Archdiocese of Ottawa-Cornwall"},"image":{"@id":"https:\/\/ottawacornwall.ca\/#\/schema\/logo\/image\/"}}]}},"_links":{"self":[{"href":"https:\/\/ottawacornwall.ca\/fr\/wp-json\/wp\/v2\/news\/34499","targetHints":{"allow":["GET"]}}],"collection":[{"href":"https:\/\/ottawacornwall.ca\/fr\/wp-json\/wp\/v2\/news"}],"about":[{"href":"https:\/\/ottawacornwall.ca\/fr\/wp-json\/wp\/v2\/types\/news"}],"author":[{"embeddable":true,"href":"https:\/\/ottawacornwall.ca\/fr\/wp-json\/wp\/v2\/users\/6"}],"replies":[{"embeddable":true,"href":"https:\/\/ottawacornwall.ca\/fr\/wp-json\/wp\/v2\/comments?post=34499"}],"version-history":[{"count":1,"href":"https:\/\/ottawacornwall.ca\/fr\/wp-json\/wp\/v2\/news\/34499\/revisions"}],"predecessor-version":[{"id":34500,"href":"https:\/\/ottawacornwall.ca\/fr\/wp-json\/wp\/v2\/news\/34499\/revisions\/34500"}],"wp:attachment":[{"href":"https:\/\/ottawacornwall.ca\/fr\/wp-json\/wp\/v2\/media?parent=34499"}],"wp:term":[{"taxonomy":"news_cate","embeddable":true,"href":"https:\/\/ottawacornwall.ca\/fr\/wp-json\/wp\/v2\/news_cate?post=34499"}],"curies":[{"name":"wp","href":"https:\/\/api.w.org\/{rel}","templated":true}]}}