{"id":34742,"date":"2025-10-21T09:05:50","date_gmt":"2025-10-21T13:05:50","guid":{"rendered":"https:\/\/wp268132.wpdns.ca\/?post_type=news&#038;p=34742"},"modified":"2025-10-21T09:05:56","modified_gmt":"2025-10-21T13:05:56","slug":"limportance-de-sainte-kateri-tekakwitha-et-sa-canonisation","status":"publish","type":"news","link":"https:\/\/ottawacornwall.ca\/fr\/news\/limportance-de-sainte-kateri-tekakwitha-et-sa-canonisation\/","title":{"rendered":"L&rsquo;importance de sainte Kateri Tekakwitha et sa canonisation"},"content":{"rendered":"<p><img fetchpriority=\"high\" decoding=\"async\" class=\"alignleft wp-image-34750 size-full\" src=\"http:\/\/ottawacornwall.ca\/wp-content\/uploads\/2025\/10\/Saint-Kateri-Email-Header-5.png\" alt=\"\" width=\"1875\" height=\"625\" srcset=\"https:\/\/ottawacornwall.ca\/wp-content\/uploads\/2025\/10\/Saint-Kateri-Email-Header-5.png 1875w, https:\/\/ottawacornwall.ca\/wp-content\/uploads\/2025\/10\/Saint-Kateri-Email-Header-5-300x100.png 300w, https:\/\/ottawacornwall.ca\/wp-content\/uploads\/2025\/10\/Saint-Kateri-Email-Header-5-1024x341.png 1024w, https:\/\/ottawacornwall.ca\/wp-content\/uploads\/2025\/10\/Saint-Kateri-Email-Header-5-768x256.png 768w, https:\/\/ottawacornwall.ca\/wp-content\/uploads\/2025\/10\/Saint-Kateri-Email-Header-5-1536x512.png 1536w\" sizes=\"(max-width: 1875px) 100vw, 1875px\" \/><\/p>\n<p>&nbsp;<\/p>\n<p>&nbsp;<\/p>\n<p><strong>\u00c9crit par le Dr Rose-Alma Mcdonald<\/strong><\/p>\n<p>Dans les for\u00eats vallonn\u00e9es de l&rsquo;Am\u00e9rique du Nord du XVIIe si\u00e8cle, une jeune fille mohawk nomm\u00e9e Kateri Tekakwitha a affront\u00e9 l&rsquo;adversit\u00e9 avec une foi in\u00e9branlable. Orpheline et marqu\u00e9e \u00e0 vie par la variole, Kateri trouva dans sa d\u00e9votion au christianisme une lumi\u00e8re qui la guida et la distingua dans un monde o\u00f9 les traditions autochtones et les nouvelles croyances s&rsquo;affrontaient souvent. Malgr\u00e9 les \u00e9preuves qu&rsquo;elle dut endurer, la compassion et la r\u00e9silience de Kateri inspir\u00e8rent son entourage, tissant un h\u00e9ritage qui perp\u00e9tuerait son nom \u00e0 travers les si\u00e8cles.<\/p>\n<p>L&rsquo;importance de Kateri r\u00e9side non seulement dans son histoire personnelle, marqu\u00e9e par la souffrance surmont\u00e9e, mais aussi dans son r\u00f4le de pont entre les cultures. Elle a montr\u00e9 que la foi pouvait s&rsquo;\u00e9panouir dans des endroits inattendus, et sa gentillesse lui a valu le titre de \u00ab Lys des Mohawks \u00bb. Des g\u00e9n\u00e9rations plus tard, sa canonisation a trouv\u00e9 un profond \u00e9cho parmi les communaut\u00e9s autochtones et catholiques. Elle est devenue un symbole d&rsquo;espoir, de reconnaissance et de gu\u00e9rison, affirmant que la saintet\u00e9 transcende les fronti\u00e8res de la race et de la tradition.<\/p>\n<p>La canonisation de sainte Kateri Tekakwitha a d\u00e9clench\u00e9 une vague d&rsquo;inspiration qui a men\u00e9 \u00e0 la d\u00e9signation d&rsquo;innombrables \u00e9glises, \u00e9coles et institutions en son honneur \u00e0 travers le Canada et les \u00c9tats-Unis. Son histoire a r\u00e9uni des gens au sein des cercles Kateri et lors de conf\u00e9rences annuelles, nourrissant un sentiment d&rsquo;appartenance \u00e0 une communaut\u00e9 et un objectif commun. L&rsquo;h\u00e9ritage durable de sainte Kateri continue de guider les fid\u00e8les, rappelant \u00e0 tous que le courage, l&rsquo;amour et le d\u00e9vouement peuvent transformer les c\u0153urs et l&rsquo;histoire.<\/p>\n<p>Sainte Kateri Tekakwitha a \u00e9t\u00e9 canonis\u00e9e par le pape Beno\u00eet XVI le 21 octobre 2012, lors d&rsquo;une c\u00e9r\u00e9monie qui s&rsquo;est d\u00e9roul\u00e9e dans la basilique Saint-Pierre au Vatican. Des p\u00e8lerins venus du monde entier ont assist\u00e9 \u00e0 l&rsquo;\u00e9v\u00e9nement, notamment de nombreux repr\u00e9sentants des communaut\u00e9s autochtones am\u00e9ricaines et des Premi\u00e8res Nations, qui l&rsquo;ont c\u00e9l\u00e9br\u00e9e comme la premi\u00e8re sainte autochtone am\u00e9ricaine. Sa canonisation a \u00e9t\u00e9 un moment d&rsquo;une grande importance, reconnaissant sa foi, sa r\u00e9silience et l&rsquo;impact durable qu&rsquo;elle a eu tant sur l&rsquo;\u00c9glise catholique que sur les peuples autochtones.<\/p>\n<p>Le portrait officiel de sainte Kateri Tekakwitha par le Vatican a \u00e9t\u00e9 r\u00e9alis\u00e9 par l&rsquo;artiste mohawk Jordan Thompson en 2012, apr\u00e8s sa canonisation. Ce portrait \u00e0 la plume et \u00e0 l&rsquo;encre la repr\u00e9sente avec des symboles li\u00e9s \u00e0 sa vie, tels que la branche de pin blanc pour la paix, trois rang\u00e9es de wampum pour la Trinit\u00e9 et une couverture bleue pour la prot\u00e9ger du soleil en raison de sa c\u00e9cit\u00e9 due \u00e0 la variole.<\/p>\n<ul>\n<li><strong>Artiste :<\/strong> L&rsquo;artiste mohawk Jordan Thompson a cr\u00e9\u00e9 le portrait.<\/li>\n<li><strong>Pr\u00e9sentation<\/strong> <strong>:<\/strong> Il a pr\u00e9sent\u00e9 le portrait au Vatican, o\u00f9 il a \u00e9t\u00e9 b\u00e9ni par le pape.<\/li>\n<li><strong>Symbolisme :<\/strong>\n<ul>\n<li><strong>Branche de pin blanc :<\/strong> repr\u00e9sente la paix selon la tradition iroquoise.<\/li>\n<li><strong>Trois rang\u00e9es de wampum :<\/strong> repr\u00e9sentent la Sainte Trinit\u00e9.<\/li>\n<li><strong>Couverture bleue :<\/strong> prot\u00e8ge ses yeux du soleil, car elle a failli perdre la vue \u00e0 cause de la variole.<\/li>\n<li><strong>Motif du d\u00f4me c\u00e9leste iroquois :<\/strong> utilis\u00e9 dans l&rsquo;aur\u00e9ole autour de sa t\u00eate pour repr\u00e9senter les mondes c\u00e9leste et terrestre.<\/li>\n<\/ul>\n<\/li>\n<li><strong>Cadre :<\/strong> le portrait la montre \u00e0 l&rsquo;ext\u00e9rieur, balay\u00e9e par le vent, symbolisant sa foi face aux \u00e9preuves de la vie et son lien avec la nature.<\/li>\n<li><strong>Lys :<\/strong> les lys qui l&rsquo;entourent font allusion \u00e0 son surnom, \u00ab le lys des Mohawks \u00bb.<\/li>\n<\/ul>\n<p>&nbsp;<\/p>\n<p><strong>Pour en savoir plus sur l&rsquo;\u0153uvre d&rsquo;art et son artiste, <span style=\"text-decoration: underline;\"><a href=\"https:\/\/www.srmt-nsn.gov\/news\/mohawk_artist_presents_kateri_tekakwitha_portrait\" target=\"_blank\" rel=\"noopener\">cliquez ici<\/a><\/span>.<\/strong><\/p>\n","protected":false},"author":6,"featured_media":0,"comment_status":"closed","ping_status":"closed","template":"","news_cate":[74],"class_list":["post-34742","news","type-news","status-publish","hentry","news_cate-current-message"],"acf":[],"yoast_head":"<!-- This site is optimized with the Yoast SEO plugin v27.4 - https:\/\/yoast.com\/product\/yoast-seo-wordpress\/ -->\n<title>L&#039;importance de sainte Kateri Tekakwitha et sa canonisation - Archdiocese of Ottawa-Cornwall<\/title>\n<meta name=\"robots\" content=\"index, follow, max-snippet:-1, max-image-preview:large, max-video-preview:-1\" \/>\n<link rel=\"canonical\" href=\"https:\/\/ottawacornwall.ca\/fr\/news\/limportance-de-sainte-kateri-tekakwitha-et-sa-canonisation\/\" \/>\n<meta property=\"og:locale\" content=\"fr_FR\" \/>\n<meta property=\"og:type\" content=\"article\" \/>\n<meta property=\"og:title\" content=\"L&#039;importance de sainte Kateri Tekakwitha et sa canonisation - Archdiocese of Ottawa-Cornwall\" \/>\n<meta property=\"og:description\" content=\"&nbsp; &nbsp; \u00c9crit par le Dr Rose-Alma Mcdonald Dans les for\u00eats vallonn\u00e9es de l&rsquo;Am\u00e9rique du Nord du XVIIe si\u00e8cle, une jeune fille mohawk nomm\u00e9e Kateri Tekakwitha a affront\u00e9 l&rsquo;adversit\u00e9 avec une foi in\u00e9branlable. Orpheline et marqu\u00e9e \u00e0 vie par la variole, Kateri trouva dans sa d\u00e9votion au christianisme une lumi\u00e8re qui la guida et la [&hellip;]\" \/>\n<meta property=\"og:url\" content=\"https:\/\/ottawacornwall.ca\/fr\/news\/limportance-de-sainte-kateri-tekakwitha-et-sa-canonisation\/\" \/>\n<meta property=\"og:site_name\" content=\"Archdiocese of Ottawa-Cornwall\" \/>\n<meta property=\"article:modified_time\" content=\"2025-10-21T13:05:56+00:00\" \/>\n<meta property=\"og:image\" content=\"http:\/\/ottawacornwall.ca\/wp-content\/uploads\/2025\/10\/Saint-Kateri-Email-Header-5.png\" \/>\n<meta name=\"twitter:card\" content=\"summary_large_image\" \/>\n<meta name=\"twitter:label1\" content=\"Dur\u00e9e de lecture estim\u00e9e\" \/>\n\t<meta name=\"twitter:data1\" content=\"3 minutes\" \/>\n<script type=\"application\/ld+json\" class=\"yoast-schema-graph\">{\"@context\":\"https:\\\/\\\/schema.org\",\"@graph\":[{\"@type\":\"WebPage\",\"@id\":\"https:\\\/\\\/ottawacornwall.ca\\\/fr\\\/news\\\/limportance-de-sainte-kateri-tekakwitha-et-sa-canonisation\\\/\",\"url\":\"https:\\\/\\\/ottawacornwall.ca\\\/fr\\\/news\\\/limportance-de-sainte-kateri-tekakwitha-et-sa-canonisation\\\/\",\"name\":\"L'importance de sainte Kateri Tekakwitha et sa canonisation - Archdiocese of Ottawa-Cornwall\",\"isPartOf\":{\"@id\":\"https:\\\/\\\/ottawacornwall.ca\\\/#website\"},\"primaryImageOfPage\":{\"@id\":\"https:\\\/\\\/ottawacornwall.ca\\\/fr\\\/news\\\/limportance-de-sainte-kateri-tekakwitha-et-sa-canonisation\\\/#primaryimage\"},\"image\":{\"@id\":\"https:\\\/\\\/ottawacornwall.ca\\\/fr\\\/news\\\/limportance-de-sainte-kateri-tekakwitha-et-sa-canonisation\\\/#primaryimage\"},\"thumbnailUrl\":\"http:\\\/\\\/ottawacornwall.ca\\\/wp-content\\\/uploads\\\/2025\\\/10\\\/Saint-Kateri-Email-Header-5.png\",\"datePublished\":\"2025-10-21T13:05:50+00:00\",\"dateModified\":\"2025-10-21T13:05:56+00:00\",\"breadcrumb\":{\"@id\":\"https:\\\/\\\/ottawacornwall.ca\\\/fr\\\/news\\\/limportance-de-sainte-kateri-tekakwitha-et-sa-canonisation\\\/#breadcrumb\"},\"inLanguage\":\"fr-FR\",\"potentialAction\":[{\"@type\":\"ReadAction\",\"target\":[\"https:\\\/\\\/ottawacornwall.ca\\\/fr\\\/news\\\/limportance-de-sainte-kateri-tekakwitha-et-sa-canonisation\\\/\"]}]},{\"@type\":\"ImageObject\",\"inLanguage\":\"fr-FR\",\"@id\":\"https:\\\/\\\/ottawacornwall.ca\\\/fr\\\/news\\\/limportance-de-sainte-kateri-tekakwitha-et-sa-canonisation\\\/#primaryimage\",\"url\":\"http:\\\/\\\/ottawacornwall.ca\\\/wp-content\\\/uploads\\\/2025\\\/10\\\/Saint-Kateri-Email-Header-5.png\",\"contentUrl\":\"http:\\\/\\\/ottawacornwall.ca\\\/wp-content\\\/uploads\\\/2025\\\/10\\\/Saint-Kateri-Email-Header-5.png\"},{\"@type\":\"BreadcrumbList\",\"@id\":\"https:\\\/\\\/ottawacornwall.ca\\\/fr\\\/news\\\/limportance-de-sainte-kateri-tekakwitha-et-sa-canonisation\\\/#breadcrumb\",\"itemListElement\":[{\"@type\":\"ListItem\",\"position\":1,\"name\":\"Home\",\"item\":\"https:\\\/\\\/ottawacornwall.ca\\\/fr\\\/\"},{\"@type\":\"ListItem\",\"position\":2,\"name\":\"L&rsquo;importance de sainte Kateri Tekakwitha et sa canonisation\"}]},{\"@type\":\"WebSite\",\"@id\":\"https:\\\/\\\/ottawacornwall.ca\\\/#website\",\"url\":\"https:\\\/\\\/ottawacornwall.ca\\\/\",\"name\":\"Archdiocese of Ottawa-Cornwall\",\"description\":\"Welcome to the  Ottawa-Cornwall Archdiocese!\",\"publisher\":{\"@id\":\"https:\\\/\\\/ottawacornwall.ca\\\/#organization\"},\"potentialAction\":[{\"@type\":\"SearchAction\",\"target\":{\"@type\":\"EntryPoint\",\"urlTemplate\":\"https:\\\/\\\/ottawacornwall.ca\\\/?s={search_term_string}\"},\"query-input\":{\"@type\":\"PropertyValueSpecification\",\"valueRequired\":true,\"valueName\":\"search_term_string\"}}],\"inLanguage\":\"fr-FR\"},{\"@type\":\"Organization\",\"@id\":\"https:\\\/\\\/ottawacornwall.ca\\\/#organization\",\"name\":\"Archdiocese of Ottawa-Cornwall\",\"url\":\"https:\\\/\\\/ottawacornwall.ca\\\/\",\"logo\":{\"@type\":\"ImageObject\",\"inLanguage\":\"fr-FR\",\"@id\":\"https:\\\/\\\/ottawacornwall.ca\\\/#\\\/schema\\\/logo\\\/image\\\/\",\"url\":\"https:\\\/\\\/ottawacornwall.ca\\\/wp-content\\\/uploads\\\/2022\\\/11\\\/Archdiocese-Logo-Horizontal-Reverse-1.svg\",\"contentUrl\":\"https:\\\/\\\/ottawacornwall.ca\\\/wp-content\\\/uploads\\\/2022\\\/11\\\/Archdiocese-Logo-Horizontal-Reverse-1.svg\",\"caption\":\"Archdiocese of Ottawa-Cornwall\"},\"image\":{\"@id\":\"https:\\\/\\\/ottawacornwall.ca\\\/#\\\/schema\\\/logo\\\/image\\\/\"}}]}<\/script>\n<!-- \/ Yoast SEO plugin. -->","yoast_head_json":{"title":"L'importance de sainte Kateri Tekakwitha et sa canonisation - Archdiocese of Ottawa-Cornwall","robots":{"index":"index","follow":"follow","max-snippet":"max-snippet:-1","max-image-preview":"max-image-preview:large","max-video-preview":"max-video-preview:-1"},"canonical":"https:\/\/ottawacornwall.ca\/fr\/news\/limportance-de-sainte-kateri-tekakwitha-et-sa-canonisation\/","og_locale":"fr_FR","og_type":"article","og_title":"L'importance de sainte Kateri Tekakwitha et sa canonisation - Archdiocese of Ottawa-Cornwall","og_description":"&nbsp; &nbsp; \u00c9crit par le Dr Rose-Alma Mcdonald Dans les for\u00eats vallonn\u00e9es de l&rsquo;Am\u00e9rique du Nord du XVIIe si\u00e8cle, une jeune fille mohawk nomm\u00e9e Kateri Tekakwitha a affront\u00e9 l&rsquo;adversit\u00e9 avec une foi in\u00e9branlable. Orpheline et marqu\u00e9e \u00e0 vie par la variole, Kateri trouva dans sa d\u00e9votion au christianisme une lumi\u00e8re qui la guida et la [&hellip;]","og_url":"https:\/\/ottawacornwall.ca\/fr\/news\/limportance-de-sainte-kateri-tekakwitha-et-sa-canonisation\/","og_site_name":"Archdiocese of Ottawa-Cornwall","article_modified_time":"2025-10-21T13:05:56+00:00","og_image":[{"url":"http:\/\/ottawacornwall.ca\/wp-content\/uploads\/2025\/10\/Saint-Kateri-Email-Header-5.png","type":"","width":"","height":""}],"twitter_card":"summary_large_image","twitter_misc":{"Dur\u00e9e de lecture estim\u00e9e":"3 minutes"},"schema":{"@context":"https:\/\/schema.org","@graph":[{"@type":"WebPage","@id":"https:\/\/ottawacornwall.ca\/fr\/news\/limportance-de-sainte-kateri-tekakwitha-et-sa-canonisation\/","url":"https:\/\/ottawacornwall.ca\/fr\/news\/limportance-de-sainte-kateri-tekakwitha-et-sa-canonisation\/","name":"L'importance de sainte Kateri Tekakwitha et sa canonisation - Archdiocese of Ottawa-Cornwall","isPartOf":{"@id":"https:\/\/ottawacornwall.ca\/#website"},"primaryImageOfPage":{"@id":"https:\/\/ottawacornwall.ca\/fr\/news\/limportance-de-sainte-kateri-tekakwitha-et-sa-canonisation\/#primaryimage"},"image":{"@id":"https:\/\/ottawacornwall.ca\/fr\/news\/limportance-de-sainte-kateri-tekakwitha-et-sa-canonisation\/#primaryimage"},"thumbnailUrl":"http:\/\/ottawacornwall.ca\/wp-content\/uploads\/2025\/10\/Saint-Kateri-Email-Header-5.png","datePublished":"2025-10-21T13:05:50+00:00","dateModified":"2025-10-21T13:05:56+00:00","breadcrumb":{"@id":"https:\/\/ottawacornwall.ca\/fr\/news\/limportance-de-sainte-kateri-tekakwitha-et-sa-canonisation\/#breadcrumb"},"inLanguage":"fr-FR","potentialAction":[{"@type":"ReadAction","target":["https:\/\/ottawacornwall.ca\/fr\/news\/limportance-de-sainte-kateri-tekakwitha-et-sa-canonisation\/"]}]},{"@type":"ImageObject","inLanguage":"fr-FR","@id":"https:\/\/ottawacornwall.ca\/fr\/news\/limportance-de-sainte-kateri-tekakwitha-et-sa-canonisation\/#primaryimage","url":"http:\/\/ottawacornwall.ca\/wp-content\/uploads\/2025\/10\/Saint-Kateri-Email-Header-5.png","contentUrl":"http:\/\/ottawacornwall.ca\/wp-content\/uploads\/2025\/10\/Saint-Kateri-Email-Header-5.png"},{"@type":"BreadcrumbList","@id":"https:\/\/ottawacornwall.ca\/fr\/news\/limportance-de-sainte-kateri-tekakwitha-et-sa-canonisation\/#breadcrumb","itemListElement":[{"@type":"ListItem","position":1,"name":"Home","item":"https:\/\/ottawacornwall.ca\/fr\/"},{"@type":"ListItem","position":2,"name":"L&rsquo;importance de sainte Kateri Tekakwitha et sa canonisation"}]},{"@type":"WebSite","@id":"https:\/\/ottawacornwall.ca\/#website","url":"https:\/\/ottawacornwall.ca\/","name":"Archdiocese of Ottawa-Cornwall","description":"Welcome to the  Ottawa-Cornwall Archdiocese!","publisher":{"@id":"https:\/\/ottawacornwall.ca\/#organization"},"potentialAction":[{"@type":"SearchAction","target":{"@type":"EntryPoint","urlTemplate":"https:\/\/ottawacornwall.ca\/?s={search_term_string}"},"query-input":{"@type":"PropertyValueSpecification","valueRequired":true,"valueName":"search_term_string"}}],"inLanguage":"fr-FR"},{"@type":"Organization","@id":"https:\/\/ottawacornwall.ca\/#organization","name":"Archdiocese of Ottawa-Cornwall","url":"https:\/\/ottawacornwall.ca\/","logo":{"@type":"ImageObject","inLanguage":"fr-FR","@id":"https:\/\/ottawacornwall.ca\/#\/schema\/logo\/image\/","url":"https:\/\/ottawacornwall.ca\/wp-content\/uploads\/2022\/11\/Archdiocese-Logo-Horizontal-Reverse-1.svg","contentUrl":"https:\/\/ottawacornwall.ca\/wp-content\/uploads\/2022\/11\/Archdiocese-Logo-Horizontal-Reverse-1.svg","caption":"Archdiocese of Ottawa-Cornwall"},"image":{"@id":"https:\/\/ottawacornwall.ca\/#\/schema\/logo\/image\/"}}]}},"_links":{"self":[{"href":"https:\/\/ottawacornwall.ca\/fr\/wp-json\/wp\/v2\/news\/34742","targetHints":{"allow":["GET"]}}],"collection":[{"href":"https:\/\/ottawacornwall.ca\/fr\/wp-json\/wp\/v2\/news"}],"about":[{"href":"https:\/\/ottawacornwall.ca\/fr\/wp-json\/wp\/v2\/types\/news"}],"author":[{"embeddable":true,"href":"https:\/\/ottawacornwall.ca\/fr\/wp-json\/wp\/v2\/users\/6"}],"replies":[{"embeddable":true,"href":"https:\/\/ottawacornwall.ca\/fr\/wp-json\/wp\/v2\/comments?post=34742"}],"version-history":[{"count":4,"href":"https:\/\/ottawacornwall.ca\/fr\/wp-json\/wp\/v2\/news\/34742\/revisions"}],"predecessor-version":[{"id":34753,"href":"https:\/\/ottawacornwall.ca\/fr\/wp-json\/wp\/v2\/news\/34742\/revisions\/34753"}],"wp:attachment":[{"href":"https:\/\/ottawacornwall.ca\/fr\/wp-json\/wp\/v2\/media?parent=34742"}],"wp:term":[{"taxonomy":"news_cate","embeddable":true,"href":"https:\/\/ottawacornwall.ca\/fr\/wp-json\/wp\/v2\/news_cate?post=34742"}],"curies":[{"name":"wp","href":"https:\/\/api.w.org\/{rel}","templated":true}]}}