{"id":36587,"date":"2026-01-29T11:22:41","date_gmt":"2026-01-29T16:22:41","guid":{"rendered":"https:\/\/ottawacornwall.ca\/?post_type=news&#038;p=36587"},"modified":"2026-02-17T17:47:41","modified_gmt":"2026-02-17T22:47:41","slug":"les-paroisses-sunissent-naissance-de-lunite-pastorale-eau-vive","status":"publish","type":"news","link":"https:\/\/ottawacornwall.ca\/fr\/news\/les-paroisses-sunissent-naissance-de-lunite-pastorale-eau-vive\/","title":{"rendered":"Les paroisses s\u2019unissent : naissance de l\u2019Unit\u00e9 pastorale Eau Vive"},"content":{"rendered":"<p style=\"text-align: left;\"><strong>Bonne nouvelle ! Cr\u00e9ation de la nouvelle unit\u00e9 pastorale Eau Vive<\/strong><\/p>\n<p style=\"text-align: left;\">Nous sommes heureux d\u2019annoncer la cr\u00e9ation de l\u2019Unit\u00e9 pastorale Eau Vive au sein du dioc\u00e8se d\u2019Ottawa\u2013Cornwall, regroupant plusieurs paroisses afin de renforcer la collaboration, la foi et la vie pastorale au sein de notre communaut\u00e9.<\/p>\n<p style=\"text-align: left;\" data-start=\"574\" data-end=\"849\">Les paroisses de Saint-Victor d\u2019Alfred, Saint-Luke de Curran, Saint-Thomas de Lefaivre, Saint-Paul de Plantagenet, Saint-L\u00e9on-le-Grand de Treadwell et Saint-Beno\u00eet-Labre de Wendover sont d\u00e9sormais regroup\u00e9es pour former l\u2019unit\u00e9 pastorale Eau Vive du dioc\u00e8se d\u2019Ottawa\u2013Cornwall.<\/p>\n<p style=\"text-align: left;\" data-start=\"851\" data-end=\"1054\">Le p\u00e8re Gimsly Valbrun a \u00e9t\u00e9 nomm\u00e9 pr\u00eatre responsable de cette unit\u00e9 pastorale. Il est appuy\u00e9 par l\u2019abb\u00e9 Jean-Pierre Fredette ainsi que par William Serge Bationo, vicaire dominical (absent sur la photo).<\/p>\n<p style=\"text-align: left;\" data-start=\"1056\" data-end=\"1103\">Le comit\u00e9 de l\u2019unit\u00e9 pastorale est compos\u00e9 de :<\/p>\n<ul style=\"text-align: left;\">\n<li data-start=\"1106\" data-end=\"1149\"><strong data-start=\"1106\" data-end=\"1134\">France Lamarche (Alfred)<\/strong> \u2013 pr\u00e9sidente<\/li>\n<li data-start=\"1152\" data-end=\"1212\"><strong data-start=\"1152\" data-end=\"1192\">Lyne Bercier-Charbonneau (Treadwell)<\/strong> \u2013 vice-pr\u00e9sidente<\/li>\n<li data-start=\"1215\" data-end=\"1255\"><strong data-start=\"1215\" data-end=\"1240\">Denis Tardif (Alfred)<\/strong> \u2013 secr\u00e9taire<\/li>\n<\/ul>\n<p style=\"text-align: left;\" data-start=\"1257\" data-end=\"1300\">Les autres repr\u00e9sentants paroissiaux sont :<\/p>\n<ul>\n<li style=\"text-align: left;\" data-start=\"1303\" data-end=\"1339\"><strong data-start=\"1303\" data-end=\"1315\">Alfred :<\/strong> Rh\u00e9al Lalonde, diacre<\/li>\n<li style=\"text-align: left;\" data-start=\"1342\" data-end=\"1393\"><strong data-start=\"1342\" data-end=\"1354\">Curran :<\/strong> Beno\u00eet Mainville et Claude Deslandes<\/li>\n<li style=\"text-align: left;\" data-start=\"1396\" data-end=\"1471\"><strong data-start=\"1396\" data-end=\"1410\">Lefaivre :<\/strong> Jacques Lavoie, Claude Yelle et Andr\u00e9 Pommainville, diacre<\/li>\n<li style=\"text-align: left;\" data-start=\"1474\" data-end=\"1524\"><strong data-start=\"1474\" data-end=\"1491\">Plantagenet :<\/strong> Sylvie Quint\u00e9 et Robert Leroux<\/li>\n<li style=\"text-align: left;\" data-start=\"1527\" data-end=\"1559\"><strong data-start=\"1527\" data-end=\"1542\">Treadwell :<\/strong> H\u00e9l\u00e8ne Bercier<\/li>\n<li style=\"text-align: left;\" data-start=\"1562\" data-end=\"1613\"><strong data-start=\"1562\" data-end=\"1576\">Wendover :<\/strong> Raymond Richer (absent sur la photo)<\/li>\n<\/ul>\n<p>&nbsp;<\/p>\n<p><img fetchpriority=\"high\" decoding=\"async\" class=\" wp-image-36545 aligncenter\" src=\"https:\/\/ottawacornwall.ca\/wp-content\/uploads\/2026\/01\/image-300x177.jpeg\" alt=\"\" width=\"830\" height=\"489\" srcset=\"https:\/\/ottawacornwall.ca\/wp-content\/uploads\/2026\/01\/image-300x177.jpeg 300w, https:\/\/ottawacornwall.ca\/wp-content\/uploads\/2026\/01\/image.jpeg 640w\" sizes=\"(max-width: 830px) 100vw, 830px\" \/><\/p>\n","protected":false},"author":139,"featured_media":0,"comment_status":"closed","ping_status":"closed","template":"","news_cate":[77],"class_list":["post-36587","news","type-news","status-publish","hentry","news_cate-news-from-our-parishes"],"acf":[],"yoast_head":"<!-- This site is optimized with the Yoast SEO plugin v27.4 - https:\/\/yoast.com\/product\/yoast-seo-wordpress\/ -->\n<title>Les paroisses s\u2019unissent : naissance de l\u2019Unit\u00e9 pastorale Eau Vive - Archdiocese of Ottawa-Cornwall<\/title>\n<meta name=\"robots\" content=\"index, follow, max-snippet:-1, max-image-preview:large, max-video-preview:-1\" \/>\n<link rel=\"canonical\" href=\"https:\/\/ottawacornwall.ca\/fr\/news\/les-paroisses-sunissent-naissance-de-lunite-pastorale-eau-vive\/\" \/>\n<meta property=\"og:locale\" content=\"fr_FR\" \/>\n<meta property=\"og:type\" content=\"article\" \/>\n<meta property=\"og:title\" content=\"Les paroisses s\u2019unissent : naissance de l\u2019Unit\u00e9 pastorale Eau Vive - Archdiocese of Ottawa-Cornwall\" \/>\n<meta property=\"og:description\" content=\"Bonne nouvelle ! Cr\u00e9ation de la nouvelle unit\u00e9 pastorale Eau Vive Nous sommes heureux d\u2019annoncer la cr\u00e9ation de l\u2019Unit\u00e9 pastorale Eau Vive au sein du dioc\u00e8se d\u2019Ottawa\u2013Cornwall, regroupant plusieurs paroisses afin de renforcer la collaboration, la foi et la vie pastorale au sein de notre communaut\u00e9. Les paroisses de Saint-Victor d\u2019Alfred, Saint-Luke de Curran, Saint-Thomas [&hellip;]\" \/>\n<meta property=\"og:url\" content=\"https:\/\/ottawacornwall.ca\/fr\/news\/les-paroisses-sunissent-naissance-de-lunite-pastorale-eau-vive\/\" \/>\n<meta property=\"og:site_name\" content=\"Archdiocese of Ottawa-Cornwall\" \/>\n<meta property=\"article:modified_time\" content=\"2026-02-17T22:47:41+00:00\" \/>\n<meta property=\"og:image\" content=\"https:\/\/ottawacornwall.ca\/wp-content\/uploads\/2026\/01\/image.jpeg\" \/>\n\t<meta property=\"og:image:width\" content=\"640\" \/>\n\t<meta property=\"og:image:height\" content=\"378\" \/>\n\t<meta property=\"og:image:type\" content=\"image\/jpeg\" \/>\n<meta name=\"twitter:card\" content=\"summary_large_image\" \/>\n<meta name=\"twitter:label1\" content=\"Dur\u00e9e de lecture estim\u00e9e\" \/>\n\t<meta name=\"twitter:data1\" content=\"1 minute\" \/>\n<script type=\"application\/ld+json\" class=\"yoast-schema-graph\">{\"@context\":\"https:\\\/\\\/schema.org\",\"@graph\":[{\"@type\":\"WebPage\",\"@id\":\"https:\\\/\\\/ottawacornwall.ca\\\/fr\\\/news\\\/les-paroisses-sunissent-naissance-de-lunite-pastorale-eau-vive\\\/\",\"url\":\"https:\\\/\\\/ottawacornwall.ca\\\/fr\\\/news\\\/les-paroisses-sunissent-naissance-de-lunite-pastorale-eau-vive\\\/\",\"name\":\"Les paroisses s\u2019unissent : naissance de l\u2019Unit\u00e9 pastorale Eau Vive - Archdiocese of Ottawa-Cornwall\",\"isPartOf\":{\"@id\":\"https:\\\/\\\/ottawacornwall.ca\\\/#website\"},\"primaryImageOfPage\":{\"@id\":\"https:\\\/\\\/ottawacornwall.ca\\\/fr\\\/news\\\/les-paroisses-sunissent-naissance-de-lunite-pastorale-eau-vive\\\/#primaryimage\"},\"image\":{\"@id\":\"https:\\\/\\\/ottawacornwall.ca\\\/fr\\\/news\\\/les-paroisses-sunissent-naissance-de-lunite-pastorale-eau-vive\\\/#primaryimage\"},\"thumbnailUrl\":\"https:\\\/\\\/ottawacornwall.ca\\\/wp-content\\\/uploads\\\/2026\\\/01\\\/image-300x177.jpeg\",\"datePublished\":\"2026-01-29T16:22:41+00:00\",\"dateModified\":\"2026-02-17T22:47:41+00:00\",\"breadcrumb\":{\"@id\":\"https:\\\/\\\/ottawacornwall.ca\\\/fr\\\/news\\\/les-paroisses-sunissent-naissance-de-lunite-pastorale-eau-vive\\\/#breadcrumb\"},\"inLanguage\":\"fr-FR\",\"potentialAction\":[{\"@type\":\"ReadAction\",\"target\":[\"https:\\\/\\\/ottawacornwall.ca\\\/fr\\\/news\\\/les-paroisses-sunissent-naissance-de-lunite-pastorale-eau-vive\\\/\"]}]},{\"@type\":\"ImageObject\",\"inLanguage\":\"fr-FR\",\"@id\":\"https:\\\/\\\/ottawacornwall.ca\\\/fr\\\/news\\\/les-paroisses-sunissent-naissance-de-lunite-pastorale-eau-vive\\\/#primaryimage\",\"url\":\"https:\\\/\\\/ottawacornwall.ca\\\/wp-content\\\/uploads\\\/2026\\\/01\\\/image-300x177.jpeg\",\"contentUrl\":\"https:\\\/\\\/ottawacornwall.ca\\\/wp-content\\\/uploads\\\/2026\\\/01\\\/image-300x177.jpeg\"},{\"@type\":\"BreadcrumbList\",\"@id\":\"https:\\\/\\\/ottawacornwall.ca\\\/fr\\\/news\\\/les-paroisses-sunissent-naissance-de-lunite-pastorale-eau-vive\\\/#breadcrumb\",\"itemListElement\":[{\"@type\":\"ListItem\",\"position\":1,\"name\":\"Home\",\"item\":\"https:\\\/\\\/ottawacornwall.ca\\\/fr\\\/\"},{\"@type\":\"ListItem\",\"position\":2,\"name\":\"Les paroisses s\u2019unissent : naissance de l\u2019Unit\u00e9 pastorale Eau Vive\"}]},{\"@type\":\"WebSite\",\"@id\":\"https:\\\/\\\/ottawacornwall.ca\\\/#website\",\"url\":\"https:\\\/\\\/ottawacornwall.ca\\\/\",\"name\":\"Archdiocese of Ottawa-Cornwall\",\"description\":\"Welcome to the  Ottawa-Cornwall Archdiocese!\",\"publisher\":{\"@id\":\"https:\\\/\\\/ottawacornwall.ca\\\/#organization\"},\"potentialAction\":[{\"@type\":\"SearchAction\",\"target\":{\"@type\":\"EntryPoint\",\"urlTemplate\":\"https:\\\/\\\/ottawacornwall.ca\\\/?s={search_term_string}\"},\"query-input\":{\"@type\":\"PropertyValueSpecification\",\"valueRequired\":true,\"valueName\":\"search_term_string\"}}],\"inLanguage\":\"fr-FR\"},{\"@type\":\"Organization\",\"@id\":\"https:\\\/\\\/ottawacornwall.ca\\\/#organization\",\"name\":\"Archdiocese of Ottawa-Cornwall\",\"url\":\"https:\\\/\\\/ottawacornwall.ca\\\/\",\"logo\":{\"@type\":\"ImageObject\",\"inLanguage\":\"fr-FR\",\"@id\":\"https:\\\/\\\/ottawacornwall.ca\\\/#\\\/schema\\\/logo\\\/image\\\/\",\"url\":\"https:\\\/\\\/ottawacornwall.ca\\\/wp-content\\\/uploads\\\/2022\\\/11\\\/Archdiocese-Logo-Horizontal-Reverse-1.svg\",\"contentUrl\":\"https:\\\/\\\/ottawacornwall.ca\\\/wp-content\\\/uploads\\\/2022\\\/11\\\/Archdiocese-Logo-Horizontal-Reverse-1.svg\",\"caption\":\"Archdiocese of Ottawa-Cornwall\"},\"image\":{\"@id\":\"https:\\\/\\\/ottawacornwall.ca\\\/#\\\/schema\\\/logo\\\/image\\\/\"}}]}<\/script>\n<!-- \/ Yoast SEO plugin. -->","yoast_head_json":{"title":"Les paroisses s\u2019unissent : naissance de l\u2019Unit\u00e9 pastorale Eau Vive - Archdiocese of Ottawa-Cornwall","robots":{"index":"index","follow":"follow","max-snippet":"max-snippet:-1","max-image-preview":"max-image-preview:large","max-video-preview":"max-video-preview:-1"},"canonical":"https:\/\/ottawacornwall.ca\/fr\/news\/les-paroisses-sunissent-naissance-de-lunite-pastorale-eau-vive\/","og_locale":"fr_FR","og_type":"article","og_title":"Les paroisses s\u2019unissent : naissance de l\u2019Unit\u00e9 pastorale Eau Vive - Archdiocese of Ottawa-Cornwall","og_description":"Bonne nouvelle ! Cr\u00e9ation de la nouvelle unit\u00e9 pastorale Eau Vive Nous sommes heureux d\u2019annoncer la cr\u00e9ation de l\u2019Unit\u00e9 pastorale Eau Vive au sein du dioc\u00e8se d\u2019Ottawa\u2013Cornwall, regroupant plusieurs paroisses afin de renforcer la collaboration, la foi et la vie pastorale au sein de notre communaut\u00e9. Les paroisses de Saint-Victor d\u2019Alfred, Saint-Luke de Curran, Saint-Thomas [&hellip;]","og_url":"https:\/\/ottawacornwall.ca\/fr\/news\/les-paroisses-sunissent-naissance-de-lunite-pastorale-eau-vive\/","og_site_name":"Archdiocese of Ottawa-Cornwall","article_modified_time":"2026-02-17T22:47:41+00:00","og_image":[{"width":640,"height":378,"url":"https:\/\/ottawacornwall.ca\/wp-content\/uploads\/2026\/01\/image.jpeg","type":"image\/jpeg"}],"twitter_card":"summary_large_image","twitter_misc":{"Dur\u00e9e de lecture estim\u00e9e":"1 minute"},"schema":{"@context":"https:\/\/schema.org","@graph":[{"@type":"WebPage","@id":"https:\/\/ottawacornwall.ca\/fr\/news\/les-paroisses-sunissent-naissance-de-lunite-pastorale-eau-vive\/","url":"https:\/\/ottawacornwall.ca\/fr\/news\/les-paroisses-sunissent-naissance-de-lunite-pastorale-eau-vive\/","name":"Les paroisses s\u2019unissent : naissance de l\u2019Unit\u00e9 pastorale Eau Vive - Archdiocese of Ottawa-Cornwall","isPartOf":{"@id":"https:\/\/ottawacornwall.ca\/#website"},"primaryImageOfPage":{"@id":"https:\/\/ottawacornwall.ca\/fr\/news\/les-paroisses-sunissent-naissance-de-lunite-pastorale-eau-vive\/#primaryimage"},"image":{"@id":"https:\/\/ottawacornwall.ca\/fr\/news\/les-paroisses-sunissent-naissance-de-lunite-pastorale-eau-vive\/#primaryimage"},"thumbnailUrl":"https:\/\/ottawacornwall.ca\/wp-content\/uploads\/2026\/01\/image-300x177.jpeg","datePublished":"2026-01-29T16:22:41+00:00","dateModified":"2026-02-17T22:47:41+00:00","breadcrumb":{"@id":"https:\/\/ottawacornwall.ca\/fr\/news\/les-paroisses-sunissent-naissance-de-lunite-pastorale-eau-vive\/#breadcrumb"},"inLanguage":"fr-FR","potentialAction":[{"@type":"ReadAction","target":["https:\/\/ottawacornwall.ca\/fr\/news\/les-paroisses-sunissent-naissance-de-lunite-pastorale-eau-vive\/"]}]},{"@type":"ImageObject","inLanguage":"fr-FR","@id":"https:\/\/ottawacornwall.ca\/fr\/news\/les-paroisses-sunissent-naissance-de-lunite-pastorale-eau-vive\/#primaryimage","url":"https:\/\/ottawacornwall.ca\/wp-content\/uploads\/2026\/01\/image-300x177.jpeg","contentUrl":"https:\/\/ottawacornwall.ca\/wp-content\/uploads\/2026\/01\/image-300x177.jpeg"},{"@type":"BreadcrumbList","@id":"https:\/\/ottawacornwall.ca\/fr\/news\/les-paroisses-sunissent-naissance-de-lunite-pastorale-eau-vive\/#breadcrumb","itemListElement":[{"@type":"ListItem","position":1,"name":"Home","item":"https:\/\/ottawacornwall.ca\/fr\/"},{"@type":"ListItem","position":2,"name":"Les paroisses s\u2019unissent : naissance de l\u2019Unit\u00e9 pastorale Eau Vive"}]},{"@type":"WebSite","@id":"https:\/\/ottawacornwall.ca\/#website","url":"https:\/\/ottawacornwall.ca\/","name":"Archdiocese of Ottawa-Cornwall","description":"Welcome to the  Ottawa-Cornwall Archdiocese!","publisher":{"@id":"https:\/\/ottawacornwall.ca\/#organization"},"potentialAction":[{"@type":"SearchAction","target":{"@type":"EntryPoint","urlTemplate":"https:\/\/ottawacornwall.ca\/?s={search_term_string}"},"query-input":{"@type":"PropertyValueSpecification","valueRequired":true,"valueName":"search_term_string"}}],"inLanguage":"fr-FR"},{"@type":"Organization","@id":"https:\/\/ottawacornwall.ca\/#organization","name":"Archdiocese of Ottawa-Cornwall","url":"https:\/\/ottawacornwall.ca\/","logo":{"@type":"ImageObject","inLanguage":"fr-FR","@id":"https:\/\/ottawacornwall.ca\/#\/schema\/logo\/image\/","url":"https:\/\/ottawacornwall.ca\/wp-content\/uploads\/2022\/11\/Archdiocese-Logo-Horizontal-Reverse-1.svg","contentUrl":"https:\/\/ottawacornwall.ca\/wp-content\/uploads\/2022\/11\/Archdiocese-Logo-Horizontal-Reverse-1.svg","caption":"Archdiocese of Ottawa-Cornwall"},"image":{"@id":"https:\/\/ottawacornwall.ca\/#\/schema\/logo\/image\/"}}]}},"_links":{"self":[{"href":"https:\/\/ottawacornwall.ca\/fr\/wp-json\/wp\/v2\/news\/36587","targetHints":{"allow":["GET"]}}],"collection":[{"href":"https:\/\/ottawacornwall.ca\/fr\/wp-json\/wp\/v2\/news"}],"about":[{"href":"https:\/\/ottawacornwall.ca\/fr\/wp-json\/wp\/v2\/types\/news"}],"author":[{"embeddable":true,"href":"https:\/\/ottawacornwall.ca\/fr\/wp-json\/wp\/v2\/users\/139"}],"replies":[{"embeddable":true,"href":"https:\/\/ottawacornwall.ca\/fr\/wp-json\/wp\/v2\/comments?post=36587"}],"version-history":[{"count":3,"href":"https:\/\/ottawacornwall.ca\/fr\/wp-json\/wp\/v2\/news\/36587\/revisions"}],"predecessor-version":[{"id":36609,"href":"https:\/\/ottawacornwall.ca\/fr\/wp-json\/wp\/v2\/news\/36587\/revisions\/36609"}],"wp:attachment":[{"href":"https:\/\/ottawacornwall.ca\/fr\/wp-json\/wp\/v2\/media?parent=36587"}],"wp:term":[{"taxonomy":"news_cate","embeddable":true,"href":"https:\/\/ottawacornwall.ca\/fr\/wp-json\/wp\/v2\/news_cate?post=36587"}],"curies":[{"name":"wp","href":"https:\/\/api.w.org\/{rel}","templated":true}]}}