{"id":37261,"date":"2026-02-11T10:36:16","date_gmt":"2026-02-11T15:36:16","guid":{"rendered":"https:\/\/ottawacornwall.ca\/?post_type=news&#038;p=37261"},"modified":"2026-02-11T10:40:13","modified_gmt":"2026-02-11T15:40:13","slug":"declaration-de-larcheveque-au-sujet-de-la-tragedie-a-tumbler-ridge","status":"publish","type":"news","link":"https:\/\/ottawacornwall.ca\/fr\/news\/declaration-de-larcheveque-au-sujet-de-la-tragedie-a-tumbler-ridge\/","title":{"rendered":"D\u00e9claration de l\u2019archev\u00eaque au sujet de la trag\u00e9die \u00e0 Tumbler Ridge"},"content":{"rendered":"<p>Aujourd\u2019hui, je pleure avec la population de Tumbler Ridge, en Colombie-Britannique, dont les vies ont \u00e9t\u00e9 boulevers\u00e9es hier. Les mots semblent insuffisants devant une telle perte. Comme Canadiens, cette peine nous touche tous profond\u00e9ment.<\/p>\n<p>Nous pleurons les vies perdues et prions pour leurs familles dans leur d\u00e9tresse. Nous nous souvenons des bless\u00e9s et des premiers r\u00e9pondants qui ont fait preuve de courage au milieu de ce chaos. Nous confions \u00e9galement \u00e0 Dieu l\u2019auteur des faits et sa famille, demandant sa mis\u00e9ricorde et une gr\u00e2ce capable d\u2019atteindre m\u00eame les t\u00e9n\u00e8bres les plus profondes.<\/p>\n<p>J\u2019invite donc les fid\u00e8les de notre archidioc\u00e8se \u00e0 se joindre \u00e0 moi dans la pri\u00e8re pour les habitants de Tumbler Ridge. Offrez les petits sacrifices de votre journ\u00e9e pour leur gu\u00e9rison.<\/p>\n<p>M\u00eame dans un deuil profond, souvenons-nous de demeurer fermes dans l\u2019esp\u00e9rance. Le Seigneur est proche des c\u0153urs bris\u00e9s. Qu\u2019il console, qu\u2019il restaure et qu\u2019il conduise doucement Tumbler Ridge vers la gu\u00e9rison et la paix.<\/p>\n<p>\u2720<strong>Marcel Damphousse<\/strong><\/p>\n<p>Archev\u00eaque d\u2019Ottawa-Cornwall<\/p>\n","protected":false},"author":6,"featured_media":0,"comment_status":"closed","ping_status":"closed","template":"","news_cate":[74],"class_list":["post-37261","news","type-news","status-publish","hentry","news_cate-current-message"],"acf":[],"yoast_head":"<!-- This site is optimized with the Yoast SEO plugin v27.4 - https:\/\/yoast.com\/product\/yoast-seo-wordpress\/ -->\n<title>D\u00e9claration de l\u2019archev\u00eaque au sujet de la trag\u00e9die \u00e0 Tumbler Ridge - Archdiocese of Ottawa-Cornwall<\/title>\n<meta name=\"robots\" content=\"index, follow, max-snippet:-1, max-image-preview:large, max-video-preview:-1\" \/>\n<link rel=\"canonical\" href=\"https:\/\/ottawacornwall.ca\/fr\/news\/declaration-de-larcheveque-au-sujet-de-la-tragedie-a-tumbler-ridge\/\" \/>\n<meta property=\"og:locale\" content=\"fr_FR\" \/>\n<meta property=\"og:type\" content=\"article\" \/>\n<meta property=\"og:title\" content=\"D\u00e9claration de l\u2019archev\u00eaque au sujet de la trag\u00e9die \u00e0 Tumbler Ridge - Archdiocese of Ottawa-Cornwall\" \/>\n<meta property=\"og:description\" content=\"Aujourd\u2019hui, je pleure avec la population de Tumbler Ridge, en Colombie-Britannique, dont les vies ont \u00e9t\u00e9 boulevers\u00e9es hier. Les mots semblent insuffisants devant une telle perte. Comme Canadiens, cette peine nous touche tous profond\u00e9ment. Nous pleurons les vies perdues et prions pour leurs familles dans leur d\u00e9tresse. Nous nous souvenons des bless\u00e9s et des premiers [&hellip;]\" \/>\n<meta property=\"og:url\" content=\"https:\/\/ottawacornwall.ca\/fr\/news\/declaration-de-larcheveque-au-sujet-de-la-tragedie-a-tumbler-ridge\/\" \/>\n<meta property=\"og:site_name\" content=\"Archdiocese of Ottawa-Cornwall\" \/>\n<meta property=\"article:modified_time\" content=\"2026-02-11T15:40:13+00:00\" \/>\n<meta name=\"twitter:card\" content=\"summary_large_image\" \/>\n<meta name=\"twitter:label1\" content=\"Dur\u00e9e de lecture estim\u00e9e\" \/>\n\t<meta name=\"twitter:data1\" content=\"1 minute\" \/>\n<script type=\"application\/ld+json\" class=\"yoast-schema-graph\">{\"@context\":\"https:\\\/\\\/schema.org\",\"@graph\":[{\"@type\":\"WebPage\",\"@id\":\"https:\\\/\\\/ottawacornwall.ca\\\/fr\\\/news\\\/declaration-de-larcheveque-au-sujet-de-la-tragedie-a-tumbler-ridge\\\/\",\"url\":\"https:\\\/\\\/ottawacornwall.ca\\\/fr\\\/news\\\/declaration-de-larcheveque-au-sujet-de-la-tragedie-a-tumbler-ridge\\\/\",\"name\":\"D\u00e9claration de l\u2019archev\u00eaque au sujet de la trag\u00e9die \u00e0 Tumbler Ridge - Archdiocese of Ottawa-Cornwall\",\"isPartOf\":{\"@id\":\"https:\\\/\\\/ottawacornwall.ca\\\/#website\"},\"datePublished\":\"2026-02-11T15:36:16+00:00\",\"dateModified\":\"2026-02-11T15:40:13+00:00\",\"breadcrumb\":{\"@id\":\"https:\\\/\\\/ottawacornwall.ca\\\/fr\\\/news\\\/declaration-de-larcheveque-au-sujet-de-la-tragedie-a-tumbler-ridge\\\/#breadcrumb\"},\"inLanguage\":\"fr-FR\",\"potentialAction\":[{\"@type\":\"ReadAction\",\"target\":[\"https:\\\/\\\/ottawacornwall.ca\\\/fr\\\/news\\\/declaration-de-larcheveque-au-sujet-de-la-tragedie-a-tumbler-ridge\\\/\"]}]},{\"@type\":\"BreadcrumbList\",\"@id\":\"https:\\\/\\\/ottawacornwall.ca\\\/fr\\\/news\\\/declaration-de-larcheveque-au-sujet-de-la-tragedie-a-tumbler-ridge\\\/#breadcrumb\",\"itemListElement\":[{\"@type\":\"ListItem\",\"position\":1,\"name\":\"Home\",\"item\":\"https:\\\/\\\/ottawacornwall.ca\\\/fr\\\/\"},{\"@type\":\"ListItem\",\"position\":2,\"name\":\"D\u00e9claration de l\u2019archev\u00eaque au sujet de la trag\u00e9die \u00e0 Tumbler Ridge\"}]},{\"@type\":\"WebSite\",\"@id\":\"https:\\\/\\\/ottawacornwall.ca\\\/#website\",\"url\":\"https:\\\/\\\/ottawacornwall.ca\\\/\",\"name\":\"Archdiocese of Ottawa-Cornwall\",\"description\":\"Welcome to the  Ottawa-Cornwall Archdiocese!\",\"publisher\":{\"@id\":\"https:\\\/\\\/ottawacornwall.ca\\\/#organization\"},\"potentialAction\":[{\"@type\":\"SearchAction\",\"target\":{\"@type\":\"EntryPoint\",\"urlTemplate\":\"https:\\\/\\\/ottawacornwall.ca\\\/?s={search_term_string}\"},\"query-input\":{\"@type\":\"PropertyValueSpecification\",\"valueRequired\":true,\"valueName\":\"search_term_string\"}}],\"inLanguage\":\"fr-FR\"},{\"@type\":\"Organization\",\"@id\":\"https:\\\/\\\/ottawacornwall.ca\\\/#organization\",\"name\":\"Archdiocese of Ottawa-Cornwall\",\"url\":\"https:\\\/\\\/ottawacornwall.ca\\\/\",\"logo\":{\"@type\":\"ImageObject\",\"inLanguage\":\"fr-FR\",\"@id\":\"https:\\\/\\\/ottawacornwall.ca\\\/#\\\/schema\\\/logo\\\/image\\\/\",\"url\":\"https:\\\/\\\/ottawacornwall.ca\\\/wp-content\\\/uploads\\\/2022\\\/11\\\/Archdiocese-Logo-Horizontal-Reverse-1.svg\",\"contentUrl\":\"https:\\\/\\\/ottawacornwall.ca\\\/wp-content\\\/uploads\\\/2022\\\/11\\\/Archdiocese-Logo-Horizontal-Reverse-1.svg\",\"caption\":\"Archdiocese of Ottawa-Cornwall\"},\"image\":{\"@id\":\"https:\\\/\\\/ottawacornwall.ca\\\/#\\\/schema\\\/logo\\\/image\\\/\"}}]}<\/script>\n<!-- \/ Yoast SEO plugin. -->","yoast_head_json":{"title":"D\u00e9claration de l\u2019archev\u00eaque au sujet de la trag\u00e9die \u00e0 Tumbler Ridge - Archdiocese of Ottawa-Cornwall","robots":{"index":"index","follow":"follow","max-snippet":"max-snippet:-1","max-image-preview":"max-image-preview:large","max-video-preview":"max-video-preview:-1"},"canonical":"https:\/\/ottawacornwall.ca\/fr\/news\/declaration-de-larcheveque-au-sujet-de-la-tragedie-a-tumbler-ridge\/","og_locale":"fr_FR","og_type":"article","og_title":"D\u00e9claration de l\u2019archev\u00eaque au sujet de la trag\u00e9die \u00e0 Tumbler Ridge - Archdiocese of Ottawa-Cornwall","og_description":"Aujourd\u2019hui, je pleure avec la population de Tumbler Ridge, en Colombie-Britannique, dont les vies ont \u00e9t\u00e9 boulevers\u00e9es hier. Les mots semblent insuffisants devant une telle perte. Comme Canadiens, cette peine nous touche tous profond\u00e9ment. Nous pleurons les vies perdues et prions pour leurs familles dans leur d\u00e9tresse. Nous nous souvenons des bless\u00e9s et des premiers [&hellip;]","og_url":"https:\/\/ottawacornwall.ca\/fr\/news\/declaration-de-larcheveque-au-sujet-de-la-tragedie-a-tumbler-ridge\/","og_site_name":"Archdiocese of Ottawa-Cornwall","article_modified_time":"2026-02-11T15:40:13+00:00","twitter_card":"summary_large_image","twitter_misc":{"Dur\u00e9e de lecture estim\u00e9e":"1 minute"},"schema":{"@context":"https:\/\/schema.org","@graph":[{"@type":"WebPage","@id":"https:\/\/ottawacornwall.ca\/fr\/news\/declaration-de-larcheveque-au-sujet-de-la-tragedie-a-tumbler-ridge\/","url":"https:\/\/ottawacornwall.ca\/fr\/news\/declaration-de-larcheveque-au-sujet-de-la-tragedie-a-tumbler-ridge\/","name":"D\u00e9claration de l\u2019archev\u00eaque au sujet de la trag\u00e9die \u00e0 Tumbler Ridge - Archdiocese of Ottawa-Cornwall","isPartOf":{"@id":"https:\/\/ottawacornwall.ca\/#website"},"datePublished":"2026-02-11T15:36:16+00:00","dateModified":"2026-02-11T15:40:13+00:00","breadcrumb":{"@id":"https:\/\/ottawacornwall.ca\/fr\/news\/declaration-de-larcheveque-au-sujet-de-la-tragedie-a-tumbler-ridge\/#breadcrumb"},"inLanguage":"fr-FR","potentialAction":[{"@type":"ReadAction","target":["https:\/\/ottawacornwall.ca\/fr\/news\/declaration-de-larcheveque-au-sujet-de-la-tragedie-a-tumbler-ridge\/"]}]},{"@type":"BreadcrumbList","@id":"https:\/\/ottawacornwall.ca\/fr\/news\/declaration-de-larcheveque-au-sujet-de-la-tragedie-a-tumbler-ridge\/#breadcrumb","itemListElement":[{"@type":"ListItem","position":1,"name":"Home","item":"https:\/\/ottawacornwall.ca\/fr\/"},{"@type":"ListItem","position":2,"name":"D\u00e9claration de l\u2019archev\u00eaque au sujet de la trag\u00e9die \u00e0 Tumbler Ridge"}]},{"@type":"WebSite","@id":"https:\/\/ottawacornwall.ca\/#website","url":"https:\/\/ottawacornwall.ca\/","name":"Archdiocese of Ottawa-Cornwall","description":"Welcome to the  Ottawa-Cornwall Archdiocese!","publisher":{"@id":"https:\/\/ottawacornwall.ca\/#organization"},"potentialAction":[{"@type":"SearchAction","target":{"@type":"EntryPoint","urlTemplate":"https:\/\/ottawacornwall.ca\/?s={search_term_string}"},"query-input":{"@type":"PropertyValueSpecification","valueRequired":true,"valueName":"search_term_string"}}],"inLanguage":"fr-FR"},{"@type":"Organization","@id":"https:\/\/ottawacornwall.ca\/#organization","name":"Archdiocese of Ottawa-Cornwall","url":"https:\/\/ottawacornwall.ca\/","logo":{"@type":"ImageObject","inLanguage":"fr-FR","@id":"https:\/\/ottawacornwall.ca\/#\/schema\/logo\/image\/","url":"https:\/\/ottawacornwall.ca\/wp-content\/uploads\/2022\/11\/Archdiocese-Logo-Horizontal-Reverse-1.svg","contentUrl":"https:\/\/ottawacornwall.ca\/wp-content\/uploads\/2022\/11\/Archdiocese-Logo-Horizontal-Reverse-1.svg","caption":"Archdiocese of Ottawa-Cornwall"},"image":{"@id":"https:\/\/ottawacornwall.ca\/#\/schema\/logo\/image\/"}}]}},"_links":{"self":[{"href":"https:\/\/ottawacornwall.ca\/fr\/wp-json\/wp\/v2\/news\/37261","targetHints":{"allow":["GET"]}}],"collection":[{"href":"https:\/\/ottawacornwall.ca\/fr\/wp-json\/wp\/v2\/news"}],"about":[{"href":"https:\/\/ottawacornwall.ca\/fr\/wp-json\/wp\/v2\/types\/news"}],"author":[{"embeddable":true,"href":"https:\/\/ottawacornwall.ca\/fr\/wp-json\/wp\/v2\/users\/6"}],"replies":[{"embeddable":true,"href":"https:\/\/ottawacornwall.ca\/fr\/wp-json\/wp\/v2\/comments?post=37261"}],"version-history":[{"count":2,"href":"https:\/\/ottawacornwall.ca\/fr\/wp-json\/wp\/v2\/news\/37261\/revisions"}],"predecessor-version":[{"id":37264,"href":"https:\/\/ottawacornwall.ca\/fr\/wp-json\/wp\/v2\/news\/37261\/revisions\/37264"}],"wp:attachment":[{"href":"https:\/\/ottawacornwall.ca\/fr\/wp-json\/wp\/v2\/media?parent=37261"}],"wp:term":[{"taxonomy":"news_cate","embeddable":true,"href":"https:\/\/ottawacornwall.ca\/fr\/wp-json\/wp\/v2\/news_cate?post=37261"}],"curies":[{"name":"wp","href":"https:\/\/api.w.org\/{rel}","templated":true}]}}