{"id":38452,"date":"2026-03-30T14:04:56","date_gmt":"2026-03-30T18:04:56","guid":{"rendered":"https:\/\/ottawacornwall.ca\/?post_type=news&#038;p=38452"},"modified":"2026-04-07T20:45:03","modified_gmt":"2026-04-08T00:45:03","slug":"message-de-paques-2026-mgr-marcel-damphousse","status":"publish","type":"news","link":"https:\/\/ottawacornwall.ca\/fr\/news\/message-de-paques-2026-mgr-marcel-damphousse\/","title":{"rendered":"Message de P\u00e2ques 2026 \u2013 Mgr Marcel Damphousse"},"content":{"rendered":"<p><img fetchpriority=\"high\" decoding=\"async\" class=\"aligncenter wp-image-38447 size-full\" src=\"https:\/\/ottawacornwall.ca\/wp-content\/uploads\/2026\/03\/Statement-from-the-Bishop-Email-Header-1.png\" alt=\"\" width=\"1500\" height=\"500\" srcset=\"https:\/\/ottawacornwall.ca\/wp-content\/uploads\/2026\/03\/Statement-from-the-Bishop-Email-Header-1.png 1500w, https:\/\/ottawacornwall.ca\/wp-content\/uploads\/2026\/03\/Statement-from-the-Bishop-Email-Header-1-300x100.png 300w, https:\/\/ottawacornwall.ca\/wp-content\/uploads\/2026\/03\/Statement-from-the-Bishop-Email-Header-1-1024x341.png 1024w, https:\/\/ottawacornwall.ca\/wp-content\/uploads\/2026\/03\/Statement-from-the-Bishop-Email-Header-1-768x256.png 768w\" sizes=\"(max-width: 1500px) 100vw, 1500px\" \/><\/p>\n<p>Fr\u00e8res et s\u0153urs bien-aim\u00e9s,<\/p>\n<p>La r\u00e9surrection de Lazare dans l\u2019\u00c9vangile de Jean nous offre une vision pleine d\u2019esp\u00e9rance et \u00e9claire le chemin que nous sommes appel\u00e9s \u00e0 prendre ensemble. Devant le tombeau, J\u00e9sus lance cet appel : \u00ab Lazare, viens dehors !\u00bb Cet appel r\u00e9sonne encore aujourd\u2019hui pour chacun de nous. Nous aussi, nous sommes invit\u00e9s \u00e0 sortir de nos tombeaux, nos peurs, nos d\u00e9couragements, nos replis, pour avancer vers la vie que le Christ nous ouvre.<\/p>\n<p>Cette invitation rejoint profond\u00e9ment la Vision de notre archidioc\u00e8se : avancer vers les autres, avancer ensemble, avancer en profondeur. Sortir comme Lazare, c\u2019est d\u2019abord avancer vers les autres, aller \u00e0 la rencontre de celles et ceux qui ont besoin d\u2019une pr\u00e9sence, d\u2019une \u00e9coute, d\u2019un signe d\u2019esp\u00e9rance. C\u2019est aussi avancer ensemble, en reconnaissant que nous ne marchons pas seuls. Comme communaut\u00e9, nous nous soutenons et nous nous encourageons mutuellement dans la foi.<\/p>\n<p>Mais nous sommes \u00e9galement appel\u00e9s \u00e0 avancer en profondeur. Le Christ ne nous invite pas seulement \u00e0 changer ext\u00e9rieurement, mais \u00e0 laisser son amour transformer notre c\u0153ur. Plus nous nous enracinons dans cette relation vivante avec lui, plus nous devenons capables d\u2019\u00eatre des t\u00e9moins cr\u00e9dibles de sa lumi\u00e8re.<\/p>\n<p>Nous sommes toutes et tous t\u00e9moins du Christ ressuscit\u00e9. Par nos gestes simples, nos paroles pleines de bont\u00e9, notre attention aux plus fragiles, nous devenons des agents de vie et de lumi\u00e8re pour le monde. N\u2019ayons pas peur d\u2019aller de l\u2019avant : Dieu marche avec nous, il nous pr\u00e9c\u00e8de et il nous accompagne.<\/p>\n<p>Sortons donc avec confiance. Allons vers les autres. Avan\u00e7ons ensemble. Et, par notre vie, faisons en sorte que le monde sache que le Christ est vraiment ressuscit\u00e9.<\/p>\n<p>Joyeuses P\u00e2ques !<\/p>\n<p><strong>\u2720Marcel Damphousse<\/strong><\/p>\n<p>Archev\u00eaque d\u2019Ottawa-Cornwall<\/p>\n","protected":false},"author":6,"featured_media":0,"comment_status":"closed","ping_status":"closed","template":"","news_cate":[74],"class_list":["post-38452","news","type-news","status-publish","hentry","news_cate-current-message"],"acf":[],"yoast_head":"<!-- This site is optimized with the Yoast SEO plugin v27.4 - https:\/\/yoast.com\/product\/yoast-seo-wordpress\/ -->\n<title>Message de P\u00e2ques 2026 \u2013 Mgr Marcel Damphousse - Archdiocese of Ottawa-Cornwall<\/title>\n<meta name=\"robots\" content=\"index, follow, max-snippet:-1, max-image-preview:large, max-video-preview:-1\" \/>\n<link rel=\"canonical\" href=\"https:\/\/ottawacornwall.ca\/fr\/news\/message-de-paques-2026-mgr-marcel-damphousse\/\" \/>\n<meta property=\"og:locale\" content=\"fr_FR\" \/>\n<meta property=\"og:type\" content=\"article\" \/>\n<meta property=\"og:title\" content=\"Message de P\u00e2ques 2026 \u2013 Mgr Marcel Damphousse - Archdiocese of Ottawa-Cornwall\" \/>\n<meta property=\"og:description\" content=\"Fr\u00e8res et s\u0153urs bien-aim\u00e9s, La r\u00e9surrection de Lazare dans l\u2019\u00c9vangile de Jean nous offre une vision pleine d\u2019esp\u00e9rance et \u00e9claire le chemin que nous sommes appel\u00e9s \u00e0 prendre ensemble. Devant le tombeau, J\u00e9sus lance cet appel : \u00ab Lazare, viens dehors !\u00bb Cet appel r\u00e9sonne encore aujourd\u2019hui pour chacun de nous. Nous aussi, nous sommes [&hellip;]\" \/>\n<meta property=\"og:url\" content=\"https:\/\/ottawacornwall.ca\/fr\/news\/message-de-paques-2026-mgr-marcel-damphousse\/\" \/>\n<meta property=\"og:site_name\" content=\"Archdiocese of Ottawa-Cornwall\" \/>\n<meta property=\"article:modified_time\" content=\"2026-04-08T00:45:03+00:00\" \/>\n<meta property=\"og:image\" content=\"https:\/\/ottawacornwall.ca\/wp-content\/uploads\/2026\/03\/Statement-from-the-Bishop-Email-Header-1.png\" \/>\n\t<meta property=\"og:image:width\" content=\"1500\" \/>\n\t<meta property=\"og:image:height\" content=\"500\" \/>\n\t<meta property=\"og:image:type\" content=\"image\/png\" \/>\n<meta name=\"twitter:card\" content=\"summary_large_image\" \/>\n<meta name=\"twitter:label1\" content=\"Dur\u00e9e de lecture estim\u00e9e\" \/>\n\t<meta name=\"twitter:data1\" content=\"2 minutes\" \/>\n<script type=\"application\/ld+json\" class=\"yoast-schema-graph\">{\"@context\":\"https:\\\/\\\/schema.org\",\"@graph\":[{\"@type\":\"WebPage\",\"@id\":\"https:\\\/\\\/ottawacornwall.ca\\\/fr\\\/news\\\/message-de-paques-2026-mgr-marcel-damphousse\\\/\",\"url\":\"https:\\\/\\\/ottawacornwall.ca\\\/fr\\\/news\\\/message-de-paques-2026-mgr-marcel-damphousse\\\/\",\"name\":\"Message de P\u00e2ques 2026 \u2013 Mgr Marcel Damphousse - Archdiocese of Ottawa-Cornwall\",\"isPartOf\":{\"@id\":\"https:\\\/\\\/ottawacornwall.ca\\\/#website\"},\"primaryImageOfPage\":{\"@id\":\"https:\\\/\\\/ottawacornwall.ca\\\/fr\\\/news\\\/message-de-paques-2026-mgr-marcel-damphousse\\\/#primaryimage\"},\"image\":{\"@id\":\"https:\\\/\\\/ottawacornwall.ca\\\/fr\\\/news\\\/message-de-paques-2026-mgr-marcel-damphousse\\\/#primaryimage\"},\"thumbnailUrl\":\"https:\\\/\\\/ottawacornwall.ca\\\/wp-content\\\/uploads\\\/2026\\\/03\\\/Statement-from-the-Bishop-Email-Header-1.png\",\"datePublished\":\"2026-03-30T18:04:56+00:00\",\"dateModified\":\"2026-04-08T00:45:03+00:00\",\"breadcrumb\":{\"@id\":\"https:\\\/\\\/ottawacornwall.ca\\\/fr\\\/news\\\/message-de-paques-2026-mgr-marcel-damphousse\\\/#breadcrumb\"},\"inLanguage\":\"fr-FR\",\"potentialAction\":[{\"@type\":\"ReadAction\",\"target\":[\"https:\\\/\\\/ottawacornwall.ca\\\/fr\\\/news\\\/message-de-paques-2026-mgr-marcel-damphousse\\\/\"]}]},{\"@type\":\"ImageObject\",\"inLanguage\":\"fr-FR\",\"@id\":\"https:\\\/\\\/ottawacornwall.ca\\\/fr\\\/news\\\/message-de-paques-2026-mgr-marcel-damphousse\\\/#primaryimage\",\"url\":\"https:\\\/\\\/ottawacornwall.ca\\\/wp-content\\\/uploads\\\/2026\\\/03\\\/Statement-from-the-Bishop-Email-Header-1.png\",\"contentUrl\":\"https:\\\/\\\/ottawacornwall.ca\\\/wp-content\\\/uploads\\\/2026\\\/03\\\/Statement-from-the-Bishop-Email-Header-1.png\"},{\"@type\":\"BreadcrumbList\",\"@id\":\"https:\\\/\\\/ottawacornwall.ca\\\/fr\\\/news\\\/message-de-paques-2026-mgr-marcel-damphousse\\\/#breadcrumb\",\"itemListElement\":[{\"@type\":\"ListItem\",\"position\":1,\"name\":\"Home\",\"item\":\"https:\\\/\\\/ottawacornwall.ca\\\/fr\\\/\"},{\"@type\":\"ListItem\",\"position\":2,\"name\":\"Message de P\u00e2ques 2026 \u2013 Mgr Marcel Damphousse\"}]},{\"@type\":\"WebSite\",\"@id\":\"https:\\\/\\\/ottawacornwall.ca\\\/#website\",\"url\":\"https:\\\/\\\/ottawacornwall.ca\\\/\",\"name\":\"Archdiocese of Ottawa-Cornwall\",\"description\":\"Welcome to the  Ottawa-Cornwall Archdiocese!\",\"publisher\":{\"@id\":\"https:\\\/\\\/ottawacornwall.ca\\\/#organization\"},\"potentialAction\":[{\"@type\":\"SearchAction\",\"target\":{\"@type\":\"EntryPoint\",\"urlTemplate\":\"https:\\\/\\\/ottawacornwall.ca\\\/?s={search_term_string}\"},\"query-input\":{\"@type\":\"PropertyValueSpecification\",\"valueRequired\":true,\"valueName\":\"search_term_string\"}}],\"inLanguage\":\"fr-FR\"},{\"@type\":\"Organization\",\"@id\":\"https:\\\/\\\/ottawacornwall.ca\\\/#organization\",\"name\":\"Archdiocese of Ottawa-Cornwall\",\"url\":\"https:\\\/\\\/ottawacornwall.ca\\\/\",\"logo\":{\"@type\":\"ImageObject\",\"inLanguage\":\"fr-FR\",\"@id\":\"https:\\\/\\\/ottawacornwall.ca\\\/#\\\/schema\\\/logo\\\/image\\\/\",\"url\":\"https:\\\/\\\/ottawacornwall.ca\\\/wp-content\\\/uploads\\\/2022\\\/11\\\/Archdiocese-Logo-Horizontal-Reverse-1.svg\",\"contentUrl\":\"https:\\\/\\\/ottawacornwall.ca\\\/wp-content\\\/uploads\\\/2022\\\/11\\\/Archdiocese-Logo-Horizontal-Reverse-1.svg\",\"caption\":\"Archdiocese of Ottawa-Cornwall\"},\"image\":{\"@id\":\"https:\\\/\\\/ottawacornwall.ca\\\/#\\\/schema\\\/logo\\\/image\\\/\"}}]}<\/script>\n<!-- \/ Yoast SEO plugin. -->","yoast_head_json":{"title":"Message de P\u00e2ques 2026 \u2013 Mgr Marcel Damphousse - Archdiocese of Ottawa-Cornwall","robots":{"index":"index","follow":"follow","max-snippet":"max-snippet:-1","max-image-preview":"max-image-preview:large","max-video-preview":"max-video-preview:-1"},"canonical":"https:\/\/ottawacornwall.ca\/fr\/news\/message-de-paques-2026-mgr-marcel-damphousse\/","og_locale":"fr_FR","og_type":"article","og_title":"Message de P\u00e2ques 2026 \u2013 Mgr Marcel Damphousse - Archdiocese of Ottawa-Cornwall","og_description":"Fr\u00e8res et s\u0153urs bien-aim\u00e9s, La r\u00e9surrection de Lazare dans l\u2019\u00c9vangile de Jean nous offre une vision pleine d\u2019esp\u00e9rance et \u00e9claire le chemin que nous sommes appel\u00e9s \u00e0 prendre ensemble. Devant le tombeau, J\u00e9sus lance cet appel : \u00ab Lazare, viens dehors !\u00bb Cet appel r\u00e9sonne encore aujourd\u2019hui pour chacun de nous. Nous aussi, nous sommes [&hellip;]","og_url":"https:\/\/ottawacornwall.ca\/fr\/news\/message-de-paques-2026-mgr-marcel-damphousse\/","og_site_name":"Archdiocese of Ottawa-Cornwall","article_modified_time":"2026-04-08T00:45:03+00:00","og_image":[{"width":1500,"height":500,"url":"https:\/\/ottawacornwall.ca\/wp-content\/uploads\/2026\/03\/Statement-from-the-Bishop-Email-Header-1.png","type":"image\/png"}],"twitter_card":"summary_large_image","twitter_misc":{"Dur\u00e9e de lecture estim\u00e9e":"2 minutes"},"schema":{"@context":"https:\/\/schema.org","@graph":[{"@type":"WebPage","@id":"https:\/\/ottawacornwall.ca\/fr\/news\/message-de-paques-2026-mgr-marcel-damphousse\/","url":"https:\/\/ottawacornwall.ca\/fr\/news\/message-de-paques-2026-mgr-marcel-damphousse\/","name":"Message de P\u00e2ques 2026 \u2013 Mgr Marcel Damphousse - Archdiocese of Ottawa-Cornwall","isPartOf":{"@id":"https:\/\/ottawacornwall.ca\/#website"},"primaryImageOfPage":{"@id":"https:\/\/ottawacornwall.ca\/fr\/news\/message-de-paques-2026-mgr-marcel-damphousse\/#primaryimage"},"image":{"@id":"https:\/\/ottawacornwall.ca\/fr\/news\/message-de-paques-2026-mgr-marcel-damphousse\/#primaryimage"},"thumbnailUrl":"https:\/\/ottawacornwall.ca\/wp-content\/uploads\/2026\/03\/Statement-from-the-Bishop-Email-Header-1.png","datePublished":"2026-03-30T18:04:56+00:00","dateModified":"2026-04-08T00:45:03+00:00","breadcrumb":{"@id":"https:\/\/ottawacornwall.ca\/fr\/news\/message-de-paques-2026-mgr-marcel-damphousse\/#breadcrumb"},"inLanguage":"fr-FR","potentialAction":[{"@type":"ReadAction","target":["https:\/\/ottawacornwall.ca\/fr\/news\/message-de-paques-2026-mgr-marcel-damphousse\/"]}]},{"@type":"ImageObject","inLanguage":"fr-FR","@id":"https:\/\/ottawacornwall.ca\/fr\/news\/message-de-paques-2026-mgr-marcel-damphousse\/#primaryimage","url":"https:\/\/ottawacornwall.ca\/wp-content\/uploads\/2026\/03\/Statement-from-the-Bishop-Email-Header-1.png","contentUrl":"https:\/\/ottawacornwall.ca\/wp-content\/uploads\/2026\/03\/Statement-from-the-Bishop-Email-Header-1.png"},{"@type":"BreadcrumbList","@id":"https:\/\/ottawacornwall.ca\/fr\/news\/message-de-paques-2026-mgr-marcel-damphousse\/#breadcrumb","itemListElement":[{"@type":"ListItem","position":1,"name":"Home","item":"https:\/\/ottawacornwall.ca\/fr\/"},{"@type":"ListItem","position":2,"name":"Message de P\u00e2ques 2026 \u2013 Mgr Marcel Damphousse"}]},{"@type":"WebSite","@id":"https:\/\/ottawacornwall.ca\/#website","url":"https:\/\/ottawacornwall.ca\/","name":"Archdiocese of Ottawa-Cornwall","description":"Welcome to the  Ottawa-Cornwall Archdiocese!","publisher":{"@id":"https:\/\/ottawacornwall.ca\/#organization"},"potentialAction":[{"@type":"SearchAction","target":{"@type":"EntryPoint","urlTemplate":"https:\/\/ottawacornwall.ca\/?s={search_term_string}"},"query-input":{"@type":"PropertyValueSpecification","valueRequired":true,"valueName":"search_term_string"}}],"inLanguage":"fr-FR"},{"@type":"Organization","@id":"https:\/\/ottawacornwall.ca\/#organization","name":"Archdiocese of Ottawa-Cornwall","url":"https:\/\/ottawacornwall.ca\/","logo":{"@type":"ImageObject","inLanguage":"fr-FR","@id":"https:\/\/ottawacornwall.ca\/#\/schema\/logo\/image\/","url":"https:\/\/ottawacornwall.ca\/wp-content\/uploads\/2022\/11\/Archdiocese-Logo-Horizontal-Reverse-1.svg","contentUrl":"https:\/\/ottawacornwall.ca\/wp-content\/uploads\/2022\/11\/Archdiocese-Logo-Horizontal-Reverse-1.svg","caption":"Archdiocese of Ottawa-Cornwall"},"image":{"@id":"https:\/\/ottawacornwall.ca\/#\/schema\/logo\/image\/"}}]}},"_links":{"self":[{"href":"https:\/\/ottawacornwall.ca\/fr\/wp-json\/wp\/v2\/news\/38452","targetHints":{"allow":["GET"]}}],"collection":[{"href":"https:\/\/ottawacornwall.ca\/fr\/wp-json\/wp\/v2\/news"}],"about":[{"href":"https:\/\/ottawacornwall.ca\/fr\/wp-json\/wp\/v2\/types\/news"}],"author":[{"embeddable":true,"href":"https:\/\/ottawacornwall.ca\/fr\/wp-json\/wp\/v2\/users\/6"}],"replies":[{"embeddable":true,"href":"https:\/\/ottawacornwall.ca\/fr\/wp-json\/wp\/v2\/comments?post=38452"}],"version-history":[{"count":2,"href":"https:\/\/ottawacornwall.ca\/fr\/wp-json\/wp\/v2\/news\/38452\/revisions"}],"predecessor-version":[{"id":38455,"href":"https:\/\/ottawacornwall.ca\/fr\/wp-json\/wp\/v2\/news\/38452\/revisions\/38455"}],"wp:attachment":[{"href":"https:\/\/ottawacornwall.ca\/fr\/wp-json\/wp\/v2\/media?parent=38452"}],"wp:term":[{"taxonomy":"news_cate","embeddable":true,"href":"https:\/\/ottawacornwall.ca\/fr\/wp-json\/wp\/v2\/news_cate?post=38452"}],"curies":[{"name":"wp","href":"https:\/\/api.w.org\/{rel}","templated":true}]}}