{"id":38914,"date":"2026-04-21T12:50:45","date_gmt":"2026-04-21T16:50:45","guid":{"rendered":"https:\/\/ottawacornwall.ca\/?post_type=news&#038;p=38914"},"modified":"2026-04-21T12:54:18","modified_gmt":"2026-04-21T16:54:18","slug":"deux-capsules-video-pour-redecouvrir-lheritage-missionnaire-du-pape-francois-un-an-apres-son-deces","status":"publish","type":"news","link":"https:\/\/ottawacornwall.ca\/fr\/news\/deux-capsules-video-pour-redecouvrir-lheritage-missionnaire-du-pape-francois-un-an-apres-son-deces\/","title":{"rendered":"Deux capsules vid\u00e9o pour red\u00e9couvrir l\u2019h\u00e9ritage missionnaire du Pape Fran\u00e7ois, un an apr\u00e8s son d\u00e9c\u00e8s"},"content":{"rendered":"<p align=\"center\"><b><span lang=\"fr-CA\" data-olk-copy-source=\"MessageBody\">DEUX CAPSULES VID\u00c9O POUR RED\u00c9COUVRIR L\u2019H\u00c9RITAGE MISSIONNAIRE<\/span><\/b><\/p>\n<p align=\"center\"><b><span lang=\"fr-CA\">DU PAPE FRAN\u00c7OIS, UN AN APR\u00c8S SON D\u00c9C\u00c8S<\/span><\/b><\/p>\n<p align=\"center\"><b><span lang=\"fr-CA\">\u00a0<\/span><\/b><\/p>\n<p><b><span lang=\"fr\">Montr\u00e9al, le 20 avril 2025\u00a0<\/span><\/b><span lang=\"fr\">\u2013<\/span><span lang=\"fr\">\u00a0<\/span><span lang=\"fr-CA\">\u00c0 l\u2019approche du premier anniversaire du d\u00e9c\u00e8s du pape Fran\u00e7ois, survenu le 21 avril 2025, les \u0152uvres pontificales missionnaires au Canada francophone d\u00e9voilent deux nouvelles capsules vid\u00e9o consacr\u00e9es \u00e0 l\u2019h\u00e9ritage missionnaire de celui qui a profond\u00e9ment marqu\u00e9 l\u2019\u00c9glise contemporaine.<\/span><\/p>\n<p><span lang=\"fr-CA\">Par ses paroles et ses actions, le pape Fran\u00e7ois a su rejoindre des millions de croyants et recentrer l\u2019\u00c9glise sur l\u2019\u00c9vangile ainsi que sur la mission confi\u00e9e \u00e0 chaque baptis\u00e9. Son pontificat a rappel\u00e9 avec force que l\u2019\u00c9glise ne peut demeurer enferm\u00e9e sur elle-m\u00eame : elle est appel\u00e9e \u00e0 \u00eatre \u00ab en sortie \u00bb, \u00e0 aller vers les p\u00e9riph\u00e9ries et \u00e0 porter l\u2019esp\u00e9rance \u00e0 celles et ceux qui en ont le plus besoin.<\/span><\/p>\n<p><span lang=\"fr-CA\">\u00ab Le pape Fran\u00e7ois a redonn\u00e9 un souffle missionnaire tr\u00e8s fort \u00e0 l\u2019\u00c9glise. Il nous rappelle que la Mission n\u2019est pas r\u00e9serv\u00e9e \u00e0 quelques sp\u00e9cialistes : elle concerne tous les baptis\u00e9s, appel\u00e9s \u00e0 t\u00e9moigner de l\u2019\u00c9vangile dans leur milieu de vie, avec simplicit\u00e9 et proximit\u00e9, souligne le p\u00e8re Yoland Ouellet, o.m.i, directeur national des \u0152uvres pontificales missionnaires au Canada francophone. En ce premier anniversaire de son d\u00e9c\u00e8s, ces capsules sont une invitation \u00e0 red\u00e9couvrir l\u2019appel de Fran\u00e7ois \u00e0 l\u2019\u00c9glise \u00e0 jamais cesser d\u2019\u00eatre proche des gens et engag\u00e9e dans le monde. \u00bb<\/span><\/p>\n<p><b><span lang=\"fr-CA\">Deux regards sur un h\u00e9ritage vivant<\/span><\/b><\/p>\n<p><span lang=\"fr-CA\">La s\u00e9rie de capsules propose de d\u00e9couvrir comment l\u2019h\u00e9ritage missionnaire de Fran\u00e7ois est re\u00e7u, interpr\u00e9t\u00e9 et mis en pratique aujourd\u2019hui, et ce, \u00e0 travers deux t\u00e9moignages compl\u00e9mentaires.<\/span><\/p>\n<p><span lang=\"fr-CA\">La premi\u00e8re capsule donne la parole au cardinal G\u00e9rald C. Lacroix, archev\u00eaque de Qu\u00e9bec, qui a bien connu le pape Fran\u00e7ois et collabor\u00e9 \u00e9troitement avec lui. Il y partage un t\u00e9moignage personnel sur la vision missionnaire du pontife.<\/span><\/p>\n<p><span lang=\"fr-CA\">\u00ab Fran\u00e7ois nous a constamment rappel\u00e9 que l\u2019\u00c9glise existe pour \u00e9vang\u00e9liser, affirme le cardinal Lacroix. Sa proximit\u00e9 avec les gens, particuli\u00e8rement les plus fragiles, nous montre que la Mission commence par la rencontre avec le Christ, qui nous envoie \u00e0 la rencontre avec nos fr\u00e8res et s\u0153urs en humanit\u00e9. \u00bb<\/span><\/p>\n<p><span lang=\"fr-CA\">La seconde capsule mettra en lumi\u00e8re le regard du po\u00e8te et essayiste Jacques Gauthier, qui a consacr\u00e9 plusieurs \u00e9crits \u00e0 la spiritualit\u00e9 et \u00e0 la pens\u00e9e de Fran\u00e7ois.<\/span><\/p>\n<p><span lang=\"fr-CA\">\u00ab Le pape Fran\u00e7ois a remis l\u2019\u00c9vangile au c\u0153ur de la vie quotidienne. Son h\u00e9ritage missionnaire nous rappelle que la foi n\u2019est pas une id\u00e9e abstraite, mais une rencontre vivante qui pousse \u00e0 sortir de soi pour aimer et servir \u00bb, souligne l\u2019auteur.<\/span><\/p>\n<p><span lang=\"fr-CA\">La premi\u00e8re capsule sera disponible d\u00e8s aujourd\u2019hui\u00a0<\/span><a id=\"anchor-e017f676-add9-e530-c1c7-a1877ee17dc8\" title=\"https:\/\/www.youtube.com\/watch?v=lCUB5lSpq9s\" href=\"https:\/\/www.youtube.com\/watch?v=lCUB5lSpq9s\" target=\"_blank\" rel=\"noopener noreferrer\" data-auth=\"NotApplicable\" data-linkindex=\"3\"><span lang=\"fr-CA\">sur la cha\u00eene YouTube<\/span><\/a><span lang=\"fr-CA\">\u00a0des \u0152uvres pontificales missionnaires au Canada francophone, tandis que la second sera mise en ligne d\u00e8s la semaine prochaine. Elles sont le fruit d\u2019une collaboration avec la Fondation Lucien-Labelle.<\/span><\/p>\n<p><img fetchpriority=\"high\" decoding=\"async\" class=\"wp-image-38915 aligncenter\" src=\"https:\/\/ottawacornwall.ca\/wp-content\/uploads\/2026\/04\/image002-300x200.jpg\" alt=\"\" width=\"638\" height=\"425\" srcset=\"https:\/\/ottawacornwall.ca\/wp-content\/uploads\/2026\/04\/image002-300x200.jpg 300w, https:\/\/ottawacornwall.ca\/wp-content\/uploads\/2026\/04\/image002-768x512.jpg 768w, https:\/\/ottawacornwall.ca\/wp-content\/uploads\/2026\/04\/image002-391x260.jpg 391w, https:\/\/ottawacornwall.ca\/wp-content\/uploads\/2026\/04\/image002.jpg 779w\" sizes=\"(max-width: 638px) 100vw, 638px\" \/><\/p>\n<p><b><span lang=\"fr-CA\" data-olk-copy-source=\"MessageBody\">\u00c0 propos des \u0152uvres pontificales missionnaires<\/span><\/b><\/p>\n<p><span lang=\"fr-CA\">R\u00e9seau international au sein du Dicast\u00e8re pour l&rsquo;\u00c9vang\u00e9lisation, les \u0152uvres pontificales missionnaires (OPM) encouragent les catholiques du monde entier \u00e0 porter le t\u00e9moignage de l&rsquo;\u00c9vangile partout dans le monde, en accordant une attention particuli\u00e8re aux dioc\u00e8ses nouveaux ou \u00e9mergeants qui, n\u2019ayant pas encore d\u2019autonomie, ont grand besoin de ressources humaines et spirituelles. Pr\u00e9sentes dans plus de 120 pays, les OPM sont constitu\u00e9es de quatre \u0153uvres \u2013 l&rsquo;\u0152uvre pontificale de la propagation de la foi (<a title=\"https:\/\/missionfoi.ca\/\" href=\"https:\/\/missionfoi.ca\/\" target=\"_blank\" rel=\"noopener noreferrer\" data-auth=\"NotApplicable\" data-linkindex=\"4\">Mission foi<\/a>), l&rsquo;\u0152uvre pontificale de l\u2019enfance missionnaire (<a title=\"https:\/\/mondami.ca\/\" href=\"https:\/\/mondami.ca\/\" target=\"_blank\" rel=\"noopener noreferrer\" data-auth=\"NotApplicable\" data-linkindex=\"5\">Mond\u2019Ami<\/a>), l&rsquo;\u0152uvre pontificale de Saint-Pierre-Ap\u00f4tre (<a title=\"https:\/\/pretresdedemain.ca\/\" href=\"https:\/\/pretresdedemain.ca\/\" target=\"_blank\" rel=\"noopener noreferrer\" data-auth=\"NotApplicable\" data-linkindex=\"6\">Pr\u00eatres de demain<\/a>), et l&rsquo;Union pontificale missionnaire (<a title=\"https:\/\/animissio.ca\/\" href=\"https:\/\/animissio.ca\/\" target=\"_blank\" rel=\"noopener noreferrer\" data-auth=\"NotApplicable\" data-linkindex=\"7\">Animissio<\/a>), chacune poss\u00e9dant sa vocation et son charisme propres. Pour plus d\u2019informations, veuillez consultez le site\u00a0<a title=\"http:\/\/www.opmcanada.ca\/\" href=\"http:\/\/www.opmcanada.ca\/\" target=\"_blank\" rel=\"noopener noreferrer\" data-auth=\"NotApplicable\" data-linkindex=\"8\">opmcanada.ca<\/a>.<b><\/b><\/span><\/p>\n<p><span lang=\"fr-CA\">\u00a0<\/span><\/p>\n","protected":false},"author":139,"featured_media":0,"comment_status":"closed","ping_status":"closed","template":"","news_cate":[74],"class_list":["post-38914","news","type-news","status-publish","hentry","news_cate-current-message"],"acf":[],"yoast_head":"<!-- This site is optimized with the Yoast SEO plugin v27.4 - https:\/\/yoast.com\/product\/yoast-seo-wordpress\/ -->\n<title>Deux capsules vid\u00e9o pour red\u00e9couvrir l\u2019h\u00e9ritage missionnaire du Pape Fran\u00e7ois, un an apr\u00e8s son d\u00e9c\u00e8s - Archdiocese of Ottawa-Cornwall<\/title>\n<meta name=\"robots\" content=\"index, follow, max-snippet:-1, max-image-preview:large, max-video-preview:-1\" \/>\n<link rel=\"canonical\" href=\"https:\/\/ottawacornwall.ca\/fr\/news\/deux-capsules-video-pour-redecouvrir-lheritage-missionnaire-du-pape-francois-un-an-apres-son-deces\/\" \/>\n<meta property=\"og:locale\" content=\"fr_FR\" \/>\n<meta property=\"og:type\" content=\"article\" \/>\n<meta property=\"og:title\" content=\"Deux capsules vid\u00e9o pour red\u00e9couvrir l\u2019h\u00e9ritage missionnaire du Pape Fran\u00e7ois, un an apr\u00e8s son d\u00e9c\u00e8s - Archdiocese of Ottawa-Cornwall\" \/>\n<meta property=\"og:description\" content=\"DEUX CAPSULES VID\u00c9O POUR RED\u00c9COUVRIR L\u2019H\u00c9RITAGE MISSIONNAIRE DU PAPE FRAN\u00c7OIS, UN AN APR\u00c8S SON D\u00c9C\u00c8S \u00a0 Montr\u00e9al, le 20 avril 2025\u00a0\u2013\u00a0\u00c0 l\u2019approche du premier anniversaire du d\u00e9c\u00e8s du pape Fran\u00e7ois, survenu le 21 avril 2025, les \u0152uvres pontificales missionnaires au Canada francophone d\u00e9voilent deux nouvelles capsules vid\u00e9o consacr\u00e9es \u00e0 l\u2019h\u00e9ritage missionnaire de celui qui a [&hellip;]\" \/>\n<meta property=\"og:url\" content=\"https:\/\/ottawacornwall.ca\/fr\/news\/deux-capsules-video-pour-redecouvrir-lheritage-missionnaire-du-pape-francois-un-an-apres-son-deces\/\" \/>\n<meta property=\"og:site_name\" content=\"Archdiocese of Ottawa-Cornwall\" \/>\n<meta property=\"article:modified_time\" content=\"2026-04-21T16:54:18+00:00\" \/>\n<meta property=\"og:image\" content=\"https:\/\/ottawacornwall.ca\/wp-content\/uploads\/2026\/04\/image002.jpg\" \/>\n\t<meta property=\"og:image:width\" content=\"779\" \/>\n\t<meta property=\"og:image:height\" content=\"519\" \/>\n\t<meta property=\"og:image:type\" content=\"image\/jpeg\" \/>\n<meta name=\"twitter:card\" content=\"summary_large_image\" \/>\n<meta name=\"twitter:label1\" content=\"Dur\u00e9e de lecture estim\u00e9e\" \/>\n\t<meta name=\"twitter:data1\" content=\"3 minutes\" \/>\n<script type=\"application\/ld+json\" class=\"yoast-schema-graph\">{\"@context\":\"https:\\\/\\\/schema.org\",\"@graph\":[{\"@type\":\"WebPage\",\"@id\":\"https:\\\/\\\/ottawacornwall.ca\\\/fr\\\/news\\\/deux-capsules-video-pour-redecouvrir-lheritage-missionnaire-du-pape-francois-un-an-apres-son-deces\\\/\",\"url\":\"https:\\\/\\\/ottawacornwall.ca\\\/fr\\\/news\\\/deux-capsules-video-pour-redecouvrir-lheritage-missionnaire-du-pape-francois-un-an-apres-son-deces\\\/\",\"name\":\"Deux capsules vid\u00e9o pour red\u00e9couvrir l\u2019h\u00e9ritage missionnaire du Pape Fran\u00e7ois, un an apr\u00e8s son d\u00e9c\u00e8s - Archdiocese of Ottawa-Cornwall\",\"isPartOf\":{\"@id\":\"https:\\\/\\\/ottawacornwall.ca\\\/#website\"},\"primaryImageOfPage\":{\"@id\":\"https:\\\/\\\/ottawacornwall.ca\\\/fr\\\/news\\\/deux-capsules-video-pour-redecouvrir-lheritage-missionnaire-du-pape-francois-un-an-apres-son-deces\\\/#primaryimage\"},\"image\":{\"@id\":\"https:\\\/\\\/ottawacornwall.ca\\\/fr\\\/news\\\/deux-capsules-video-pour-redecouvrir-lheritage-missionnaire-du-pape-francois-un-an-apres-son-deces\\\/#primaryimage\"},\"thumbnailUrl\":\"https:\\\/\\\/ottawacornwall.ca\\\/wp-content\\\/uploads\\\/2026\\\/04\\\/image002-300x200.jpg\",\"datePublished\":\"2026-04-21T16:50:45+00:00\",\"dateModified\":\"2026-04-21T16:54:18+00:00\",\"breadcrumb\":{\"@id\":\"https:\\\/\\\/ottawacornwall.ca\\\/fr\\\/news\\\/deux-capsules-video-pour-redecouvrir-lheritage-missionnaire-du-pape-francois-un-an-apres-son-deces\\\/#breadcrumb\"},\"inLanguage\":\"fr-FR\",\"potentialAction\":[{\"@type\":\"ReadAction\",\"target\":[\"https:\\\/\\\/ottawacornwall.ca\\\/fr\\\/news\\\/deux-capsules-video-pour-redecouvrir-lheritage-missionnaire-du-pape-francois-un-an-apres-son-deces\\\/\"]}]},{\"@type\":\"ImageObject\",\"inLanguage\":\"fr-FR\",\"@id\":\"https:\\\/\\\/ottawacornwall.ca\\\/fr\\\/news\\\/deux-capsules-video-pour-redecouvrir-lheritage-missionnaire-du-pape-francois-un-an-apres-son-deces\\\/#primaryimage\",\"url\":\"https:\\\/\\\/ottawacornwall.ca\\\/wp-content\\\/uploads\\\/2026\\\/04\\\/image002-300x200.jpg\",\"contentUrl\":\"https:\\\/\\\/ottawacornwall.ca\\\/wp-content\\\/uploads\\\/2026\\\/04\\\/image002-300x200.jpg\"},{\"@type\":\"BreadcrumbList\",\"@id\":\"https:\\\/\\\/ottawacornwall.ca\\\/fr\\\/news\\\/deux-capsules-video-pour-redecouvrir-lheritage-missionnaire-du-pape-francois-un-an-apres-son-deces\\\/#breadcrumb\",\"itemListElement\":[{\"@type\":\"ListItem\",\"position\":1,\"name\":\"Home\",\"item\":\"https:\\\/\\\/ottawacornwall.ca\\\/fr\\\/\"},{\"@type\":\"ListItem\",\"position\":2,\"name\":\"Deux capsules vid\u00e9o pour red\u00e9couvrir l\u2019h\u00e9ritage missionnaire du Pape Fran\u00e7ois, un an apr\u00e8s son d\u00e9c\u00e8s\"}]},{\"@type\":\"WebSite\",\"@id\":\"https:\\\/\\\/ottawacornwall.ca\\\/#website\",\"url\":\"https:\\\/\\\/ottawacornwall.ca\\\/\",\"name\":\"Archdiocese of Ottawa-Cornwall\",\"description\":\"Welcome to the  Ottawa-Cornwall Archdiocese!\",\"publisher\":{\"@id\":\"https:\\\/\\\/ottawacornwall.ca\\\/#organization\"},\"potentialAction\":[{\"@type\":\"SearchAction\",\"target\":{\"@type\":\"EntryPoint\",\"urlTemplate\":\"https:\\\/\\\/ottawacornwall.ca\\\/?s={search_term_string}\"},\"query-input\":{\"@type\":\"PropertyValueSpecification\",\"valueRequired\":true,\"valueName\":\"search_term_string\"}}],\"inLanguage\":\"fr-FR\"},{\"@type\":\"Organization\",\"@id\":\"https:\\\/\\\/ottawacornwall.ca\\\/#organization\",\"name\":\"Archdiocese of Ottawa-Cornwall\",\"url\":\"https:\\\/\\\/ottawacornwall.ca\\\/\",\"logo\":{\"@type\":\"ImageObject\",\"inLanguage\":\"fr-FR\",\"@id\":\"https:\\\/\\\/ottawacornwall.ca\\\/#\\\/schema\\\/logo\\\/image\\\/\",\"url\":\"https:\\\/\\\/ottawacornwall.ca\\\/wp-content\\\/uploads\\\/2022\\\/11\\\/Archdiocese-Logo-Horizontal-Reverse-1.svg\",\"contentUrl\":\"https:\\\/\\\/ottawacornwall.ca\\\/wp-content\\\/uploads\\\/2022\\\/11\\\/Archdiocese-Logo-Horizontal-Reverse-1.svg\",\"caption\":\"Archdiocese of Ottawa-Cornwall\"},\"image\":{\"@id\":\"https:\\\/\\\/ottawacornwall.ca\\\/#\\\/schema\\\/logo\\\/image\\\/\"}}]}<\/script>\n<!-- \/ Yoast SEO plugin. -->","yoast_head_json":{"title":"Deux capsules vid\u00e9o pour red\u00e9couvrir l\u2019h\u00e9ritage missionnaire du Pape Fran\u00e7ois, un an apr\u00e8s son d\u00e9c\u00e8s - Archdiocese of Ottawa-Cornwall","robots":{"index":"index","follow":"follow","max-snippet":"max-snippet:-1","max-image-preview":"max-image-preview:large","max-video-preview":"max-video-preview:-1"},"canonical":"https:\/\/ottawacornwall.ca\/fr\/news\/deux-capsules-video-pour-redecouvrir-lheritage-missionnaire-du-pape-francois-un-an-apres-son-deces\/","og_locale":"fr_FR","og_type":"article","og_title":"Deux capsules vid\u00e9o pour red\u00e9couvrir l\u2019h\u00e9ritage missionnaire du Pape Fran\u00e7ois, un an apr\u00e8s son d\u00e9c\u00e8s - Archdiocese of Ottawa-Cornwall","og_description":"DEUX CAPSULES VID\u00c9O POUR RED\u00c9COUVRIR L\u2019H\u00c9RITAGE MISSIONNAIRE DU PAPE FRAN\u00c7OIS, UN AN APR\u00c8S SON D\u00c9C\u00c8S \u00a0 Montr\u00e9al, le 20 avril 2025\u00a0\u2013\u00a0\u00c0 l\u2019approche du premier anniversaire du d\u00e9c\u00e8s du pape Fran\u00e7ois, survenu le 21 avril 2025, les \u0152uvres pontificales missionnaires au Canada francophone d\u00e9voilent deux nouvelles capsules vid\u00e9o consacr\u00e9es \u00e0 l\u2019h\u00e9ritage missionnaire de celui qui a [&hellip;]","og_url":"https:\/\/ottawacornwall.ca\/fr\/news\/deux-capsules-video-pour-redecouvrir-lheritage-missionnaire-du-pape-francois-un-an-apres-son-deces\/","og_site_name":"Archdiocese of Ottawa-Cornwall","article_modified_time":"2026-04-21T16:54:18+00:00","og_image":[{"width":779,"height":519,"url":"https:\/\/ottawacornwall.ca\/wp-content\/uploads\/2026\/04\/image002.jpg","type":"image\/jpeg"}],"twitter_card":"summary_large_image","twitter_misc":{"Dur\u00e9e de lecture estim\u00e9e":"3 minutes"},"schema":{"@context":"https:\/\/schema.org","@graph":[{"@type":"WebPage","@id":"https:\/\/ottawacornwall.ca\/fr\/news\/deux-capsules-video-pour-redecouvrir-lheritage-missionnaire-du-pape-francois-un-an-apres-son-deces\/","url":"https:\/\/ottawacornwall.ca\/fr\/news\/deux-capsules-video-pour-redecouvrir-lheritage-missionnaire-du-pape-francois-un-an-apres-son-deces\/","name":"Deux capsules vid\u00e9o pour red\u00e9couvrir l\u2019h\u00e9ritage missionnaire du Pape Fran\u00e7ois, un an apr\u00e8s son d\u00e9c\u00e8s - Archdiocese of Ottawa-Cornwall","isPartOf":{"@id":"https:\/\/ottawacornwall.ca\/#website"},"primaryImageOfPage":{"@id":"https:\/\/ottawacornwall.ca\/fr\/news\/deux-capsules-video-pour-redecouvrir-lheritage-missionnaire-du-pape-francois-un-an-apres-son-deces\/#primaryimage"},"image":{"@id":"https:\/\/ottawacornwall.ca\/fr\/news\/deux-capsules-video-pour-redecouvrir-lheritage-missionnaire-du-pape-francois-un-an-apres-son-deces\/#primaryimage"},"thumbnailUrl":"https:\/\/ottawacornwall.ca\/wp-content\/uploads\/2026\/04\/image002-300x200.jpg","datePublished":"2026-04-21T16:50:45+00:00","dateModified":"2026-04-21T16:54:18+00:00","breadcrumb":{"@id":"https:\/\/ottawacornwall.ca\/fr\/news\/deux-capsules-video-pour-redecouvrir-lheritage-missionnaire-du-pape-francois-un-an-apres-son-deces\/#breadcrumb"},"inLanguage":"fr-FR","potentialAction":[{"@type":"ReadAction","target":["https:\/\/ottawacornwall.ca\/fr\/news\/deux-capsules-video-pour-redecouvrir-lheritage-missionnaire-du-pape-francois-un-an-apres-son-deces\/"]}]},{"@type":"ImageObject","inLanguage":"fr-FR","@id":"https:\/\/ottawacornwall.ca\/fr\/news\/deux-capsules-video-pour-redecouvrir-lheritage-missionnaire-du-pape-francois-un-an-apres-son-deces\/#primaryimage","url":"https:\/\/ottawacornwall.ca\/wp-content\/uploads\/2026\/04\/image002-300x200.jpg","contentUrl":"https:\/\/ottawacornwall.ca\/wp-content\/uploads\/2026\/04\/image002-300x200.jpg"},{"@type":"BreadcrumbList","@id":"https:\/\/ottawacornwall.ca\/fr\/news\/deux-capsules-video-pour-redecouvrir-lheritage-missionnaire-du-pape-francois-un-an-apres-son-deces\/#breadcrumb","itemListElement":[{"@type":"ListItem","position":1,"name":"Home","item":"https:\/\/ottawacornwall.ca\/fr\/"},{"@type":"ListItem","position":2,"name":"Deux capsules vid\u00e9o pour red\u00e9couvrir l\u2019h\u00e9ritage missionnaire du Pape Fran\u00e7ois, un an apr\u00e8s son d\u00e9c\u00e8s"}]},{"@type":"WebSite","@id":"https:\/\/ottawacornwall.ca\/#website","url":"https:\/\/ottawacornwall.ca\/","name":"Archdiocese of Ottawa-Cornwall","description":"Welcome to the  Ottawa-Cornwall Archdiocese!","publisher":{"@id":"https:\/\/ottawacornwall.ca\/#organization"},"potentialAction":[{"@type":"SearchAction","target":{"@type":"EntryPoint","urlTemplate":"https:\/\/ottawacornwall.ca\/?s={search_term_string}"},"query-input":{"@type":"PropertyValueSpecification","valueRequired":true,"valueName":"search_term_string"}}],"inLanguage":"fr-FR"},{"@type":"Organization","@id":"https:\/\/ottawacornwall.ca\/#organization","name":"Archdiocese of Ottawa-Cornwall","url":"https:\/\/ottawacornwall.ca\/","logo":{"@type":"ImageObject","inLanguage":"fr-FR","@id":"https:\/\/ottawacornwall.ca\/#\/schema\/logo\/image\/","url":"https:\/\/ottawacornwall.ca\/wp-content\/uploads\/2022\/11\/Archdiocese-Logo-Horizontal-Reverse-1.svg","contentUrl":"https:\/\/ottawacornwall.ca\/wp-content\/uploads\/2022\/11\/Archdiocese-Logo-Horizontal-Reverse-1.svg","caption":"Archdiocese of Ottawa-Cornwall"},"image":{"@id":"https:\/\/ottawacornwall.ca\/#\/schema\/logo\/image\/"}}]}},"_links":{"self":[{"href":"https:\/\/ottawacornwall.ca\/fr\/wp-json\/wp\/v2\/news\/38914","targetHints":{"allow":["GET"]}}],"collection":[{"href":"https:\/\/ottawacornwall.ca\/fr\/wp-json\/wp\/v2\/news"}],"about":[{"href":"https:\/\/ottawacornwall.ca\/fr\/wp-json\/wp\/v2\/types\/news"}],"author":[{"embeddable":true,"href":"https:\/\/ottawacornwall.ca\/fr\/wp-json\/wp\/v2\/users\/139"}],"replies":[{"embeddable":true,"href":"https:\/\/ottawacornwall.ca\/fr\/wp-json\/wp\/v2\/comments?post=38914"}],"version-history":[{"count":3,"href":"https:\/\/ottawacornwall.ca\/fr\/wp-json\/wp\/v2\/news\/38914\/revisions"}],"predecessor-version":[{"id":38920,"href":"https:\/\/ottawacornwall.ca\/fr\/wp-json\/wp\/v2\/news\/38914\/revisions\/38920"}],"wp:attachment":[{"href":"https:\/\/ottawacornwall.ca\/fr\/wp-json\/wp\/v2\/media?parent=38914"}],"wp:term":[{"taxonomy":"news_cate","embeddable":true,"href":"https:\/\/ottawacornwall.ca\/fr\/wp-json\/wp\/v2\/news_cate?post=38914"}],"curies":[{"name":"wp","href":"https:\/\/api.w.org\/{rel}","templated":true}]}}