{"id":38929,"date":"2026-04-21T13:31:44","date_gmt":"2026-04-21T17:31:44","guid":{"rendered":"https:\/\/ottawacornwall.ca\/?post_type=news&#038;p=38929"},"modified":"2026-04-21T13:31:45","modified_gmt":"2026-04-21T17:31:45","slug":"cccb-reflexion-sur-lappel-du-saint-pere-a-la-paix-a-la-dignite-humaine-et-a-la-responsabilite-morale-dans-la-vie-publique","status":"publish","type":"news","link":"https:\/\/ottawacornwall.ca\/fr\/news\/cccb-reflexion-sur-lappel-du-saint-pere-a-la-paix-a-la-dignite-humaine-et-a-la-responsabilite-morale-dans-la-vie-publique\/","title":{"rendered":"CCCB: R\u00e9flexion sur l\u2019appel du Saint-P\u00e8re \u00e0 la paix, \u00e0 la dignit\u00e9 humaine et \u00e0 la responsabilit\u00e9 morale dans la vie publique"},"content":{"rendered":"","protected":false},"author":139,"featured_media":0,"comment_status":"closed","ping_status":"closed","template":"","news_cate":[108],"class_list":["post-38929","news","type-news","status-publish","hentry","news_cate-news-from-the-cccb"],"acf":[],"yoast_head":"<!-- This site is optimized with the Yoast SEO plugin v27.4 - https:\/\/yoast.com\/product\/yoast-seo-wordpress\/ -->\n<title>CCCB: R\u00e9flexion sur l\u2019appel du Saint-P\u00e8re \u00e0 la paix, \u00e0 la dignit\u00e9 humaine et \u00e0 la responsabilit\u00e9 morale dans la vie publique - Archdiocese of Ottawa-Cornwall<\/title>\n<meta name=\"robots\" content=\"index, follow, max-snippet:-1, max-image-preview:large, max-video-preview:-1\" \/>\n<link rel=\"canonical\" href=\"https:\/\/ottawacornwall.ca\/fr\/news\/cccb-reflexion-sur-lappel-du-saint-pere-a-la-paix-a-la-dignite-humaine-et-a-la-responsabilite-morale-dans-la-vie-publique\/\" \/>\n<meta property=\"og:locale\" content=\"fr_FR\" \/>\n<meta property=\"og:type\" content=\"article\" \/>\n<meta property=\"og:title\" content=\"CCCB: R\u00e9flexion sur l\u2019appel du Saint-P\u00e8re \u00e0 la paix, \u00e0 la dignit\u00e9 humaine et \u00e0 la responsabilit\u00e9 morale dans la vie publique - Archdiocese of Ottawa-Cornwall\" \/>\n<meta property=\"og:url\" content=\"https:\/\/ottawacornwall.ca\/fr\/news\/cccb-reflexion-sur-lappel-du-saint-pere-a-la-paix-a-la-dignite-humaine-et-a-la-responsabilite-morale-dans-la-vie-publique\/\" \/>\n<meta property=\"og:site_name\" content=\"Archdiocese of Ottawa-Cornwall\" \/>\n<meta property=\"article:modified_time\" content=\"2026-04-21T17:31:45+00:00\" \/>\n<meta name=\"twitter:card\" content=\"summary_large_image\" \/>\n<script type=\"application\/ld+json\" class=\"yoast-schema-graph\">{\"@context\":\"https:\\\/\\\/schema.org\",\"@graph\":[{\"@type\":\"WebPage\",\"@id\":\"https:\\\/\\\/ottawacornwall.ca\\\/fr\\\/news\\\/cccb-reflexion-sur-lappel-du-saint-pere-a-la-paix-a-la-dignite-humaine-et-a-la-responsabilite-morale-dans-la-vie-publique\\\/\",\"url\":\"https:\\\/\\\/ottawacornwall.ca\\\/fr\\\/news\\\/cccb-reflexion-sur-lappel-du-saint-pere-a-la-paix-a-la-dignite-humaine-et-a-la-responsabilite-morale-dans-la-vie-publique\\\/\",\"name\":\"CCCB: R\u00e9flexion sur l\u2019appel du Saint-P\u00e8re \u00e0 la paix, \u00e0 la dignit\u00e9 humaine et \u00e0 la responsabilit\u00e9 morale dans la vie publique - Archdiocese of Ottawa-Cornwall\",\"isPartOf\":{\"@id\":\"https:\\\/\\\/ottawacornwall.ca\\\/#website\"},\"datePublished\":\"2026-04-21T17:31:44+00:00\",\"dateModified\":\"2026-04-21T17:31:45+00:00\",\"breadcrumb\":{\"@id\":\"https:\\\/\\\/ottawacornwall.ca\\\/fr\\\/news\\\/cccb-reflexion-sur-lappel-du-saint-pere-a-la-paix-a-la-dignite-humaine-et-a-la-responsabilite-morale-dans-la-vie-publique\\\/#breadcrumb\"},\"inLanguage\":\"fr-FR\",\"potentialAction\":[{\"@type\":\"ReadAction\",\"target\":[\"https:\\\/\\\/ottawacornwall.ca\\\/fr\\\/news\\\/cccb-reflexion-sur-lappel-du-saint-pere-a-la-paix-a-la-dignite-humaine-et-a-la-responsabilite-morale-dans-la-vie-publique\\\/\"]}]},{\"@type\":\"BreadcrumbList\",\"@id\":\"https:\\\/\\\/ottawacornwall.ca\\\/fr\\\/news\\\/cccb-reflexion-sur-lappel-du-saint-pere-a-la-paix-a-la-dignite-humaine-et-a-la-responsabilite-morale-dans-la-vie-publique\\\/#breadcrumb\",\"itemListElement\":[{\"@type\":\"ListItem\",\"position\":1,\"name\":\"Home\",\"item\":\"https:\\\/\\\/ottawacornwall.ca\\\/fr\\\/\"},{\"@type\":\"ListItem\",\"position\":2,\"name\":\"CCCB: R\u00e9flexion sur l\u2019appel du Saint-P\u00e8re \u00e0 la paix, \u00e0 la dignit\u00e9 humaine et \u00e0 la responsabilit\u00e9 morale dans la vie publique\"}]},{\"@type\":\"WebSite\",\"@id\":\"https:\\\/\\\/ottawacornwall.ca\\\/#website\",\"url\":\"https:\\\/\\\/ottawacornwall.ca\\\/\",\"name\":\"Archdiocese of Ottawa-Cornwall\",\"description\":\"Welcome to the  Ottawa-Cornwall Archdiocese!\",\"publisher\":{\"@id\":\"https:\\\/\\\/ottawacornwall.ca\\\/#organization\"},\"potentialAction\":[{\"@type\":\"SearchAction\",\"target\":{\"@type\":\"EntryPoint\",\"urlTemplate\":\"https:\\\/\\\/ottawacornwall.ca\\\/?s={search_term_string}\"},\"query-input\":{\"@type\":\"PropertyValueSpecification\",\"valueRequired\":true,\"valueName\":\"search_term_string\"}}],\"inLanguage\":\"fr-FR\"},{\"@type\":\"Organization\",\"@id\":\"https:\\\/\\\/ottawacornwall.ca\\\/#organization\",\"name\":\"Archdiocese of Ottawa-Cornwall\",\"url\":\"https:\\\/\\\/ottawacornwall.ca\\\/\",\"logo\":{\"@type\":\"ImageObject\",\"inLanguage\":\"fr-FR\",\"@id\":\"https:\\\/\\\/ottawacornwall.ca\\\/#\\\/schema\\\/logo\\\/image\\\/\",\"url\":\"https:\\\/\\\/ottawacornwall.ca\\\/wp-content\\\/uploads\\\/2022\\\/11\\\/Archdiocese-Logo-Horizontal-Reverse-1.svg\",\"contentUrl\":\"https:\\\/\\\/ottawacornwall.ca\\\/wp-content\\\/uploads\\\/2022\\\/11\\\/Archdiocese-Logo-Horizontal-Reverse-1.svg\",\"caption\":\"Archdiocese of Ottawa-Cornwall\"},\"image\":{\"@id\":\"https:\\\/\\\/ottawacornwall.ca\\\/#\\\/schema\\\/logo\\\/image\\\/\"}}]}<\/script>\n<!-- \/ Yoast SEO plugin. -->","yoast_head_json":{"title":"CCCB: R\u00e9flexion sur l\u2019appel du Saint-P\u00e8re \u00e0 la paix, \u00e0 la dignit\u00e9 humaine et \u00e0 la responsabilit\u00e9 morale dans la vie publique - Archdiocese of Ottawa-Cornwall","robots":{"index":"index","follow":"follow","max-snippet":"max-snippet:-1","max-image-preview":"max-image-preview:large","max-video-preview":"max-video-preview:-1"},"canonical":"https:\/\/ottawacornwall.ca\/fr\/news\/cccb-reflexion-sur-lappel-du-saint-pere-a-la-paix-a-la-dignite-humaine-et-a-la-responsabilite-morale-dans-la-vie-publique\/","og_locale":"fr_FR","og_type":"article","og_title":"CCCB: R\u00e9flexion sur l\u2019appel du Saint-P\u00e8re \u00e0 la paix, \u00e0 la dignit\u00e9 humaine et \u00e0 la responsabilit\u00e9 morale dans la vie publique - Archdiocese of Ottawa-Cornwall","og_url":"https:\/\/ottawacornwall.ca\/fr\/news\/cccb-reflexion-sur-lappel-du-saint-pere-a-la-paix-a-la-dignite-humaine-et-a-la-responsabilite-morale-dans-la-vie-publique\/","og_site_name":"Archdiocese of Ottawa-Cornwall","article_modified_time":"2026-04-21T17:31:45+00:00","twitter_card":"summary_large_image","schema":{"@context":"https:\/\/schema.org","@graph":[{"@type":"WebPage","@id":"https:\/\/ottawacornwall.ca\/fr\/news\/cccb-reflexion-sur-lappel-du-saint-pere-a-la-paix-a-la-dignite-humaine-et-a-la-responsabilite-morale-dans-la-vie-publique\/","url":"https:\/\/ottawacornwall.ca\/fr\/news\/cccb-reflexion-sur-lappel-du-saint-pere-a-la-paix-a-la-dignite-humaine-et-a-la-responsabilite-morale-dans-la-vie-publique\/","name":"CCCB: R\u00e9flexion sur l\u2019appel du Saint-P\u00e8re \u00e0 la paix, \u00e0 la dignit\u00e9 humaine et \u00e0 la responsabilit\u00e9 morale dans la vie publique - Archdiocese of Ottawa-Cornwall","isPartOf":{"@id":"https:\/\/ottawacornwall.ca\/#website"},"datePublished":"2026-04-21T17:31:44+00:00","dateModified":"2026-04-21T17:31:45+00:00","breadcrumb":{"@id":"https:\/\/ottawacornwall.ca\/fr\/news\/cccb-reflexion-sur-lappel-du-saint-pere-a-la-paix-a-la-dignite-humaine-et-a-la-responsabilite-morale-dans-la-vie-publique\/#breadcrumb"},"inLanguage":"fr-FR","potentialAction":[{"@type":"ReadAction","target":["https:\/\/ottawacornwall.ca\/fr\/news\/cccb-reflexion-sur-lappel-du-saint-pere-a-la-paix-a-la-dignite-humaine-et-a-la-responsabilite-morale-dans-la-vie-publique\/"]}]},{"@type":"BreadcrumbList","@id":"https:\/\/ottawacornwall.ca\/fr\/news\/cccb-reflexion-sur-lappel-du-saint-pere-a-la-paix-a-la-dignite-humaine-et-a-la-responsabilite-morale-dans-la-vie-publique\/#breadcrumb","itemListElement":[{"@type":"ListItem","position":1,"name":"Home","item":"https:\/\/ottawacornwall.ca\/fr\/"},{"@type":"ListItem","position":2,"name":"CCCB: R\u00e9flexion sur l\u2019appel du Saint-P\u00e8re \u00e0 la paix, \u00e0 la dignit\u00e9 humaine et \u00e0 la responsabilit\u00e9 morale dans la vie publique"}]},{"@type":"WebSite","@id":"https:\/\/ottawacornwall.ca\/#website","url":"https:\/\/ottawacornwall.ca\/","name":"Archdiocese of Ottawa-Cornwall","description":"Welcome to the  Ottawa-Cornwall Archdiocese!","publisher":{"@id":"https:\/\/ottawacornwall.ca\/#organization"},"potentialAction":[{"@type":"SearchAction","target":{"@type":"EntryPoint","urlTemplate":"https:\/\/ottawacornwall.ca\/?s={search_term_string}"},"query-input":{"@type":"PropertyValueSpecification","valueRequired":true,"valueName":"search_term_string"}}],"inLanguage":"fr-FR"},{"@type":"Organization","@id":"https:\/\/ottawacornwall.ca\/#organization","name":"Archdiocese of Ottawa-Cornwall","url":"https:\/\/ottawacornwall.ca\/","logo":{"@type":"ImageObject","inLanguage":"fr-FR","@id":"https:\/\/ottawacornwall.ca\/#\/schema\/logo\/image\/","url":"https:\/\/ottawacornwall.ca\/wp-content\/uploads\/2022\/11\/Archdiocese-Logo-Horizontal-Reverse-1.svg","contentUrl":"https:\/\/ottawacornwall.ca\/wp-content\/uploads\/2022\/11\/Archdiocese-Logo-Horizontal-Reverse-1.svg","caption":"Archdiocese of Ottawa-Cornwall"},"image":{"@id":"https:\/\/ottawacornwall.ca\/#\/schema\/logo\/image\/"}}]}},"_links":{"self":[{"href":"https:\/\/ottawacornwall.ca\/fr\/wp-json\/wp\/v2\/news\/38929","targetHints":{"allow":["GET"]}}],"collection":[{"href":"https:\/\/ottawacornwall.ca\/fr\/wp-json\/wp\/v2\/news"}],"about":[{"href":"https:\/\/ottawacornwall.ca\/fr\/wp-json\/wp\/v2\/types\/news"}],"author":[{"embeddable":true,"href":"https:\/\/ottawacornwall.ca\/fr\/wp-json\/wp\/v2\/users\/139"}],"replies":[{"embeddable":true,"href":"https:\/\/ottawacornwall.ca\/fr\/wp-json\/wp\/v2\/comments?post=38929"}],"version-history":[{"count":1,"href":"https:\/\/ottawacornwall.ca\/fr\/wp-json\/wp\/v2\/news\/38929\/revisions"}],"predecessor-version":[{"id":38930,"href":"https:\/\/ottawacornwall.ca\/fr\/wp-json\/wp\/v2\/news\/38929\/revisions\/38930"}],"wp:attachment":[{"href":"https:\/\/ottawacornwall.ca\/fr\/wp-json\/wp\/v2\/media?parent=38929"}],"wp:term":[{"taxonomy":"news_cate","embeddable":true,"href":"https:\/\/ottawacornwall.ca\/fr\/wp-json\/wp\/v2\/news_cate?post=38929"}],"curies":[{"name":"wp","href":"https:\/\/api.w.org\/{rel}","templated":true}]}}