{"id":8336,"date":"2023-01-27T20:32:34","date_gmt":"2023-01-28T01:32:34","guid":{"rendered":"https:\/\/wp268132.wpdns.ca\/marriage-seen-in-the-joy-of-the-gospel\/"},"modified":"2023-03-20T16:31:39","modified_gmt":"2023-03-20T21:31:39","slug":"le-mariage-tel-quil-nous-est-presente-dans-amoris-laetitia","status":"publish","type":"post","link":"https:\/\/ottawacornwall.ca\/fr\/le-mariage-tel-quil-nous-est-presente-dans-amoris-laetitia\/","title":{"rendered":"Le mariage tel qu\u2019il nous est pr\u00e9sent\u00e9 dans Amoris Laetitia"},"content":{"rendered":"<div class=\"moduleInner customModule moduleTitleHidden moduleSubtitleHidden\">\n<div class=\"moduleBody\">Pour faire suite au synode extraordinaire des \u00e9v\u00eaques tenu en octobre 2014, le pape Fran\u00e7ois a tenu opportun de nous pr\u00e9senter l\u2019exhortation apostolique Amoris Laetitia (AL), \u00ab La joie de l\u2019amour \u00bb, afin d\u2019orienter notre r\u00e9flexion et notre pratique pastorale. Cette exhortation t\u00e9moigne de la profondeur de l\u2019engagement pastoral du Pape envers les familles, ainsi que de l\u2019\u00e9tendue et de l\u2019interconnexion des \u00e9l\u00e9ments spirituels qu\u2019il nous faut consid\u00e9rer lorsqu\u2019on parle du mariage et de la famille. M\u00eame les non-catholiques voudront y pr\u00eater l\u2019oreille.<\/p>\n<p>Le Pape parle du sacrement du mariage comme un p\u00e8re parle \u00e0 ses enfants : \u00ab Le sacrement de mariage n\u2019est pas une convention sociale, un rite vide ni le simple signe ext\u00e9rieur d\u2019un engagement \u00bb. Il s\u2019agit plut\u00f4t d\u2019un sacrement qui est \u00ab don pour la sanctification et le salut des \u00e9poux \u00bb (AL, 72), formant et repr\u00e9sentant une alliance permanente telle que celle qui existe entre le Christ et son \u00c9glise. En plus d\u2019\u00eatre une r\u00e9alit\u00e9 sociale, le mariage s\u2019est vu conf\u00e9rer par le Christ sa pleine dignit\u00e9 lorsque celui-ci a fait du mariage un sacrement, un signe de son amour. Le don r\u00e9ciproque constitutif du mariage est enracin\u00e9 dans la gr\u00e2ce du bapt\u00eame. Le mariage devient ainsi union sacr\u00e9e d\u2019un homme et d\u2019une femme. Au moment du mariage, les futurs \u00e9poux se promettent un don total, amour, fid\u00e9lit\u00e9 et aide mutuelle. Ce sacrement, nous le vivons en \u00c9glise depuis plus de vingt si\u00e8cles. La pr\u00e9sence et la participation de J\u00e9sus \u00e0 des noces \u00e0 Cana en Galil\u00e9e \u2013 c\u2019est l\u00e0 qu\u2019il a tourn\u00e9 l\u2019eau en vin \u2013 nous am\u00e8nent \u00e0 croire que le Christ est pr\u00e9sent \u00e0 tous les mariages c\u00e9l\u00e9br\u00e9s en \u00c9glise.<\/p>\n<p>Le pape Fran\u00e7ois de continuer : \u00ab Le mariage est une vocation, en tant qu\u2019il constitue une r\u00e9ponse \u00e0 l\u2019appel sp\u00e9cifique \u00e0 vivre l\u2019amour conjugal comme signe imparfait de l\u2019amour entre le Christ et l\u2019\u00c9glise \u00bb (AL, 72). Ce signe rend t\u00e9moignage de l\u2019amour du Christ pour son \u00c9glise, l\u2019alliance parfaite. Malgr\u00e9 nos imperfections, nous ne devons jamais nous d\u00e9courager. La gr\u00e2ce de Dieu nous est toujours disponible dans les sacrements de l\u2019\u00c9glise et il est toujours possible de parfaire notre alliance par la pri\u00e8re et la participation \u00e0 l\u2019Eucharistie. \u00ab Par cons\u00e9quent, la d\u00e9cision de se marier et de fonder une famille doit \u00eatre le fruit d\u2019un discernement vocationnel \u00bb (AL, 72). Dans toute soci\u00e9t\u00e9, que nous vivions dans des temps favorables ou difficiles, il est important que chacun, chacune prenne le temps de bien discerner sa vocation. Il s\u2019agit d\u2019un processus auquel les \u00e9poux devront s\u2019adonner ensemble tout au long de leur vie de couple, car chaque couple a aussi sa vocation. Le caract\u00e8re s\u00e9rieux du mariage ne veut pas dire qu\u2019on n\u2019y retrouve pas de la joie. Au contraire, la vie intime v\u00e9cue en toute fid\u00e9lit\u00e9 peut donner lieu \u00e0 beaucoup de joie. C\u2019est ce que Dieu veut. Il a institu\u00e9 le mariage pour le bien des \u00e9poux. On le sait, l\u2019amour en mariage est source de beaucoup de joie; autrement, \u00a0peu de personnes, jeunes ou moins jeunes, s\u2019y engageraient et oseraient fonder une famille, oseraient prendre la responsabilit\u00e9 de cocr\u00e9er un ou des enfants pour ensuite voir \u00e0 leur bien-\u00eatre spirituel et physique. Le Saint-P\u00e8re dit que \u00ab la famille est le sanctuaire de la vie, le lieu o\u00f9 la vie est engendr\u00e9e et prot\u00e9g\u00e9e \u00bb (AL, 83). Et ce sanctuaire est chemin de saintet\u00e9.<\/p>\n<p>Afin de conna\u00eetre la joie de l\u2019amour en mariage, les couples feraient bien de m\u00e9diter la lettre de saint Paul qu\u2019on appelle l\u2019hymne \u00e0 la charit\u00e9 : \u00ab L\u2019amour prend patience ; l\u2019amour rend service\u2026 ne fait rien d\u2019inconvenant\u2026 Ce qui demeure aujourd\u2019hui, c\u2019est la foi, l\u2019esp\u00e9rance et la charit\u00e9 ; mais la plus grande des trois, c\u2019est la charit\u00e9. \u00bb (1 Co 13, 4-7). Cette lettre qui a \u00e9t\u00e9 \u00e9crite il y a pr\u00e8s de 2000 ans, vaut encore aujourd\u2019hui puisqu\u2019elle a \u00e9t\u00e9 \u00e9crite sous l\u2019inspiration de l\u2019Esprit Saint. Et saint Paul d\u2019ajouter : \u00ab Aucune parole mauvaise ne doit sortir de votre bouche\u2026 ayez plut\u00f4t une parole bonne et constructive\u2026 Soyez, entre vous, pleins de g\u00e9n\u00e9rosit\u00e9 et de tendresse. Pardonnez-vous les uns les autres, comme Dieu vous a pardonn\u00e9 dans le Christ. \u00bb (Ep 4, 29-32). La joie de l\u2019amour ne se vit pas dans un endroit fictif. Cette joie se retrouve en nous. N\u2019oublions pas que vivre l\u2019amour v\u00e9ritable requiert des efforts. Les \u00e9poux doivent faire les efforts n\u00e9cessaires pour faire grandir leur amour. Ce faisant, ils peuvent toujours compter sur le soutien de l\u2019\u00c9glise et la gr\u00e2ce que leur procure leur foi en J\u00e9sus Christ, l\u2019auteur de ce grand sacrement que nous appelons le mariage.<\/p><\/div>\n<\/div>\n","protected":false},"excerpt":{"rendered":"<p>Pour faire suite au synode extraordinaire des \u00e9v\u00eaques tenu en octobre 2014, le pape Fran\u00e7ois a tenu opportun de nous pr\u00e9senter l\u2019exhortation apostolique Amoris Laetitia (AL), \u00ab La joie de l\u2019amour \u00bb, afin d\u2019orienter notre r\u00e9flexion et notre pratique pastorale. Cette exhortation t\u00e9moigne de la profondeur de l\u2019engagement pastoral du Pape envers les familles, ainsi [&hellip;]<\/p>\n","protected":false},"author":6,"featured_media":0,"comment_status":"closed","ping_status":"open","sticky":false,"template":"","format":"standard","meta":{"_acf_changed":false,"footnotes":""},"categories":[78,79],"tags":[],"class_list":["post-8336","post","type-post","status-publish","format-standard","hentry","category-all-articles-fr","category-marriage-tribunal-fr"],"acf":[],"yoast_head":"<!-- This site is optimized with the Yoast SEO plugin v27.4 - https:\/\/yoast.com\/product\/yoast-seo-wordpress\/ -->\n<title>Le mariage tel qu\u2019il nous est pr\u00e9sent\u00e9 dans Amoris Laetitia - Archdiocese of Ottawa-Cornwall<\/title>\n<meta name=\"robots\" content=\"index, follow, max-snippet:-1, max-image-preview:large, max-video-preview:-1\" \/>\n<link rel=\"canonical\" href=\"https:\/\/ottawacornwall.ca\/fr\/le-mariage-tel-quil-nous-est-presente-dans-amoris-laetitia\/\" \/>\n<meta property=\"og:locale\" content=\"fr_FR\" \/>\n<meta property=\"og:type\" content=\"article\" \/>\n<meta property=\"og:title\" content=\"Le mariage tel qu\u2019il nous est pr\u00e9sent\u00e9 dans Amoris Laetitia - Archdiocese of Ottawa-Cornwall\" \/>\n<meta property=\"og:description\" content=\"Pour faire suite au synode extraordinaire des \u00e9v\u00eaques tenu en octobre 2014, le pape Fran\u00e7ois a tenu opportun de nous pr\u00e9senter l\u2019exhortation apostolique Amoris Laetitia (AL), \u00ab La joie de l\u2019amour \u00bb, afin d\u2019orienter notre r\u00e9flexion et notre pratique pastorale. Cette exhortation t\u00e9moigne de la profondeur de l\u2019engagement pastoral du Pape envers les familles, ainsi [&hellip;]\" \/>\n<meta property=\"og:url\" content=\"https:\/\/ottawacornwall.ca\/fr\/le-mariage-tel-quil-nous-est-presente-dans-amoris-laetitia\/\" \/>\n<meta property=\"og:site_name\" content=\"Archdiocese of Ottawa-Cornwall\" \/>\n<meta property=\"article:published_time\" content=\"2023-01-28T01:32:34+00:00\" \/>\n<meta property=\"article:modified_time\" content=\"2023-03-20T21:31:39+00:00\" \/>\n<meta name=\"author\" content=\"ruth\" \/>\n<meta name=\"twitter:card\" content=\"summary_large_image\" \/>\n<meta name=\"twitter:label1\" content=\"\u00c9crit par\" \/>\n\t<meta name=\"twitter:data1\" content=\"ruth\" \/>\n\t<meta name=\"twitter:label2\" content=\"Dur\u00e9e de lecture estim\u00e9e\" \/>\n\t<meta name=\"twitter:data2\" content=\"3 minutes\" \/>\n<script type=\"application\/ld+json\" class=\"yoast-schema-graph\">{\"@context\":\"https:\\\/\\\/schema.org\",\"@graph\":[{\"@type\":\"Article\",\"@id\":\"https:\\\/\\\/ottawacornwall.ca\\\/fr\\\/le-mariage-tel-quil-nous-est-presente-dans-amoris-laetitia\\\/#article\",\"isPartOf\":{\"@id\":\"https:\\\/\\\/ottawacornwall.ca\\\/fr\\\/le-mariage-tel-quil-nous-est-presente-dans-amoris-laetitia\\\/\"},\"author\":{\"name\":\"ruth\",\"@id\":\"https:\\\/\\\/ottawacornwall.ca\\\/#\\\/schema\\\/person\\\/3d7642d2c2556e2b04d5d93a1d28bd4e\"},\"headline\":\"Le mariage tel qu\u2019il nous est pr\u00e9sent\u00e9 dans Amoris Laetitia\",\"datePublished\":\"2023-01-28T01:32:34+00:00\",\"dateModified\":\"2023-03-20T21:31:39+00:00\",\"mainEntityOfPage\":{\"@id\":\"https:\\\/\\\/ottawacornwall.ca\\\/fr\\\/le-mariage-tel-quil-nous-est-presente-dans-amoris-laetitia\\\/\"},\"wordCount\":863,\"publisher\":{\"@id\":\"https:\\\/\\\/ottawacornwall.ca\\\/#organization\"},\"articleSection\":[\"All-Articles\",\"Marriage Tribunal\"],\"inLanguage\":\"fr-FR\"},{\"@type\":\"WebPage\",\"@id\":\"https:\\\/\\\/ottawacornwall.ca\\\/fr\\\/le-mariage-tel-quil-nous-est-presente-dans-amoris-laetitia\\\/\",\"url\":\"https:\\\/\\\/ottawacornwall.ca\\\/fr\\\/le-mariage-tel-quil-nous-est-presente-dans-amoris-laetitia\\\/\",\"name\":\"Le mariage tel qu\u2019il nous est pr\u00e9sent\u00e9 dans Amoris Laetitia - Archdiocese of Ottawa-Cornwall\",\"isPartOf\":{\"@id\":\"https:\\\/\\\/ottawacornwall.ca\\\/#website\"},\"datePublished\":\"2023-01-28T01:32:34+00:00\",\"dateModified\":\"2023-03-20T21:31:39+00:00\",\"breadcrumb\":{\"@id\":\"https:\\\/\\\/ottawacornwall.ca\\\/fr\\\/le-mariage-tel-quil-nous-est-presente-dans-amoris-laetitia\\\/#breadcrumb\"},\"inLanguage\":\"fr-FR\",\"potentialAction\":[{\"@type\":\"ReadAction\",\"target\":[\"https:\\\/\\\/ottawacornwall.ca\\\/fr\\\/le-mariage-tel-quil-nous-est-presente-dans-amoris-laetitia\\\/\"]}]},{\"@type\":\"BreadcrumbList\",\"@id\":\"https:\\\/\\\/ottawacornwall.ca\\\/fr\\\/le-mariage-tel-quil-nous-est-presente-dans-amoris-laetitia\\\/#breadcrumb\",\"itemListElement\":[{\"@type\":\"ListItem\",\"position\":1,\"name\":\"Home\",\"item\":\"https:\\\/\\\/ottawacornwall.ca\\\/fr\\\/\"},{\"@type\":\"ListItem\",\"position\":2,\"name\":\"Le mariage tel qu\u2019il nous est pr\u00e9sent\u00e9 dans Amoris Laetitia\"}]},{\"@type\":\"WebSite\",\"@id\":\"https:\\\/\\\/ottawacornwall.ca\\\/#website\",\"url\":\"https:\\\/\\\/ottawacornwall.ca\\\/\",\"name\":\"Archdiocese of Ottawa-Cornwall\",\"description\":\"Welcome to the  Ottawa-Cornwall Archdiocese!\",\"publisher\":{\"@id\":\"https:\\\/\\\/ottawacornwall.ca\\\/#organization\"},\"potentialAction\":[{\"@type\":\"SearchAction\",\"target\":{\"@type\":\"EntryPoint\",\"urlTemplate\":\"https:\\\/\\\/ottawacornwall.ca\\\/?s={search_term_string}\"},\"query-input\":{\"@type\":\"PropertyValueSpecification\",\"valueRequired\":true,\"valueName\":\"search_term_string\"}}],\"inLanguage\":\"fr-FR\"},{\"@type\":\"Organization\",\"@id\":\"https:\\\/\\\/ottawacornwall.ca\\\/#organization\",\"name\":\"Archdiocese of Ottawa-Cornwall\",\"url\":\"https:\\\/\\\/ottawacornwall.ca\\\/\",\"logo\":{\"@type\":\"ImageObject\",\"inLanguage\":\"fr-FR\",\"@id\":\"https:\\\/\\\/ottawacornwall.ca\\\/#\\\/schema\\\/logo\\\/image\\\/\",\"url\":\"https:\\\/\\\/ottawacornwall.ca\\\/wp-content\\\/uploads\\\/2022\\\/11\\\/Archdiocese-Logo-Horizontal-Reverse-1.svg\",\"contentUrl\":\"https:\\\/\\\/ottawacornwall.ca\\\/wp-content\\\/uploads\\\/2022\\\/11\\\/Archdiocese-Logo-Horizontal-Reverse-1.svg\",\"caption\":\"Archdiocese of Ottawa-Cornwall\"},\"image\":{\"@id\":\"https:\\\/\\\/ottawacornwall.ca\\\/#\\\/schema\\\/logo\\\/image\\\/\"}},{\"@type\":\"Person\",\"@id\":\"https:\\\/\\\/ottawacornwall.ca\\\/#\\\/schema\\\/person\\\/3d7642d2c2556e2b04d5d93a1d28bd4e\",\"name\":\"ruth\",\"url\":\"https:\\\/\\\/ottawacornwall.ca\\\/fr\\\/author\\\/ruth\\\/\"}]}<\/script>\n<!-- \/ Yoast SEO plugin. -->","yoast_head_json":{"title":"Le mariage tel qu\u2019il nous est pr\u00e9sent\u00e9 dans Amoris Laetitia - Archdiocese of Ottawa-Cornwall","robots":{"index":"index","follow":"follow","max-snippet":"max-snippet:-1","max-image-preview":"max-image-preview:large","max-video-preview":"max-video-preview:-1"},"canonical":"https:\/\/ottawacornwall.ca\/fr\/le-mariage-tel-quil-nous-est-presente-dans-amoris-laetitia\/","og_locale":"fr_FR","og_type":"article","og_title":"Le mariage tel qu\u2019il nous est pr\u00e9sent\u00e9 dans Amoris Laetitia - Archdiocese of Ottawa-Cornwall","og_description":"Pour faire suite au synode extraordinaire des \u00e9v\u00eaques tenu en octobre 2014, le pape Fran\u00e7ois a tenu opportun de nous pr\u00e9senter l\u2019exhortation apostolique Amoris Laetitia (AL), \u00ab La joie de l\u2019amour \u00bb, afin d\u2019orienter notre r\u00e9flexion et notre pratique pastorale. Cette exhortation t\u00e9moigne de la profondeur de l\u2019engagement pastoral du Pape envers les familles, ainsi [&hellip;]","og_url":"https:\/\/ottawacornwall.ca\/fr\/le-mariage-tel-quil-nous-est-presente-dans-amoris-laetitia\/","og_site_name":"Archdiocese of Ottawa-Cornwall","article_published_time":"2023-01-28T01:32:34+00:00","article_modified_time":"2023-03-20T21:31:39+00:00","author":"ruth","twitter_card":"summary_large_image","twitter_misc":{"\u00c9crit par":"ruth","Dur\u00e9e de lecture estim\u00e9e":"3 minutes"},"schema":{"@context":"https:\/\/schema.org","@graph":[{"@type":"Article","@id":"https:\/\/ottawacornwall.ca\/fr\/le-mariage-tel-quil-nous-est-presente-dans-amoris-laetitia\/#article","isPartOf":{"@id":"https:\/\/ottawacornwall.ca\/fr\/le-mariage-tel-quil-nous-est-presente-dans-amoris-laetitia\/"},"author":{"name":"ruth","@id":"https:\/\/ottawacornwall.ca\/#\/schema\/person\/3d7642d2c2556e2b04d5d93a1d28bd4e"},"headline":"Le mariage tel qu\u2019il nous est pr\u00e9sent\u00e9 dans Amoris Laetitia","datePublished":"2023-01-28T01:32:34+00:00","dateModified":"2023-03-20T21:31:39+00:00","mainEntityOfPage":{"@id":"https:\/\/ottawacornwall.ca\/fr\/le-mariage-tel-quil-nous-est-presente-dans-amoris-laetitia\/"},"wordCount":863,"publisher":{"@id":"https:\/\/ottawacornwall.ca\/#organization"},"articleSection":["All-Articles","Marriage Tribunal"],"inLanguage":"fr-FR"},{"@type":"WebPage","@id":"https:\/\/ottawacornwall.ca\/fr\/le-mariage-tel-quil-nous-est-presente-dans-amoris-laetitia\/","url":"https:\/\/ottawacornwall.ca\/fr\/le-mariage-tel-quil-nous-est-presente-dans-amoris-laetitia\/","name":"Le mariage tel qu\u2019il nous est pr\u00e9sent\u00e9 dans Amoris Laetitia - Archdiocese of Ottawa-Cornwall","isPartOf":{"@id":"https:\/\/ottawacornwall.ca\/#website"},"datePublished":"2023-01-28T01:32:34+00:00","dateModified":"2023-03-20T21:31:39+00:00","breadcrumb":{"@id":"https:\/\/ottawacornwall.ca\/fr\/le-mariage-tel-quil-nous-est-presente-dans-amoris-laetitia\/#breadcrumb"},"inLanguage":"fr-FR","potentialAction":[{"@type":"ReadAction","target":["https:\/\/ottawacornwall.ca\/fr\/le-mariage-tel-quil-nous-est-presente-dans-amoris-laetitia\/"]}]},{"@type":"BreadcrumbList","@id":"https:\/\/ottawacornwall.ca\/fr\/le-mariage-tel-quil-nous-est-presente-dans-amoris-laetitia\/#breadcrumb","itemListElement":[{"@type":"ListItem","position":1,"name":"Home","item":"https:\/\/ottawacornwall.ca\/fr\/"},{"@type":"ListItem","position":2,"name":"Le mariage tel qu\u2019il nous est pr\u00e9sent\u00e9 dans Amoris Laetitia"}]},{"@type":"WebSite","@id":"https:\/\/ottawacornwall.ca\/#website","url":"https:\/\/ottawacornwall.ca\/","name":"Archdiocese of Ottawa-Cornwall","description":"Welcome to the  Ottawa-Cornwall Archdiocese!","publisher":{"@id":"https:\/\/ottawacornwall.ca\/#organization"},"potentialAction":[{"@type":"SearchAction","target":{"@type":"EntryPoint","urlTemplate":"https:\/\/ottawacornwall.ca\/?s={search_term_string}"},"query-input":{"@type":"PropertyValueSpecification","valueRequired":true,"valueName":"search_term_string"}}],"inLanguage":"fr-FR"},{"@type":"Organization","@id":"https:\/\/ottawacornwall.ca\/#organization","name":"Archdiocese of Ottawa-Cornwall","url":"https:\/\/ottawacornwall.ca\/","logo":{"@type":"ImageObject","inLanguage":"fr-FR","@id":"https:\/\/ottawacornwall.ca\/#\/schema\/logo\/image\/","url":"https:\/\/ottawacornwall.ca\/wp-content\/uploads\/2022\/11\/Archdiocese-Logo-Horizontal-Reverse-1.svg","contentUrl":"https:\/\/ottawacornwall.ca\/wp-content\/uploads\/2022\/11\/Archdiocese-Logo-Horizontal-Reverse-1.svg","caption":"Archdiocese of Ottawa-Cornwall"},"image":{"@id":"https:\/\/ottawacornwall.ca\/#\/schema\/logo\/image\/"}},{"@type":"Person","@id":"https:\/\/ottawacornwall.ca\/#\/schema\/person\/3d7642d2c2556e2b04d5d93a1d28bd4e","name":"ruth","url":"https:\/\/ottawacornwall.ca\/fr\/author\/ruth\/"}]}},"_links":{"self":[{"href":"https:\/\/ottawacornwall.ca\/fr\/wp-json\/wp\/v2\/posts\/8336","targetHints":{"allow":["GET"]}}],"collection":[{"href":"https:\/\/ottawacornwall.ca\/fr\/wp-json\/wp\/v2\/posts"}],"about":[{"href":"https:\/\/ottawacornwall.ca\/fr\/wp-json\/wp\/v2\/types\/post"}],"author":[{"embeddable":true,"href":"https:\/\/ottawacornwall.ca\/fr\/wp-json\/wp\/v2\/users\/6"}],"replies":[{"embeddable":true,"href":"https:\/\/ottawacornwall.ca\/fr\/wp-json\/wp\/v2\/comments?post=8336"}],"version-history":[{"count":1,"href":"https:\/\/ottawacornwall.ca\/fr\/wp-json\/wp\/v2\/posts\/8336\/revisions"}],"predecessor-version":[{"id":8355,"href":"https:\/\/ottawacornwall.ca\/fr\/wp-json\/wp\/v2\/posts\/8336\/revisions\/8355"}],"wp:attachment":[{"href":"https:\/\/ottawacornwall.ca\/fr\/wp-json\/wp\/v2\/media?parent=8336"}],"wp:term":[{"taxonomy":"category","embeddable":true,"href":"https:\/\/ottawacornwall.ca\/fr\/wp-json\/wp\/v2\/categories?post=8336"},{"taxonomy":"post_tag","embeddable":true,"href":"https:\/\/ottawacornwall.ca\/fr\/wp-json\/wp\/v2\/tags?post=8336"}],"curies":[{"name":"wp","href":"https:\/\/api.w.org\/{rel}","templated":true}]}}