{"id":8340,"date":"2023-01-27T20:31:05","date_gmt":"2023-01-28T01:31:05","guid":{"rendered":"https:\/\/wp268132.wpdns.ca\/divorce-and-remarriage\/"},"modified":"2023-03-20T16:41:27","modified_gmt":"2023-03-20T21:41:27","slug":"le-divorce-et-le-remariage","status":"publish","type":"post","link":"https:\/\/ottawacornwall.ca\/fr\/le-divorce-et-le-remariage\/","title":{"rendered":"Le divorce et le remariage"},"content":{"rendered":"<div class=\"moduleInner customModule moduleTitleHidden moduleSubtitleHidden\">\n<div class=\"moduleBody\">Par l\u2019abb\u00e9 Vincent Pereira, j.c.d.<\/div>\n<div><\/div>\n<div class=\"moduleBody\">Le divorce et le remariage sont des sujets d\u00e9licats. Pour les catholiques, ces sujets sont<br \/>\nparticuli\u00e8rement difficiles \u00e0 traiter puisque, pour nous, le mariage est un sacrement, une source<br \/>\npar laquelle nous recevons la gr\u00e2ce de Dieu. En tant qu\u2019institution divine et bienveillante, l\u2019\u00c9glise<br \/>\nest pleine de compassion pour ses enfants qui se trouvent dans des situations douloureuses.<br \/>\nElle cherche toujours \u00e0 leurs fournir des moyens qui leurs permettent de retrouver la paix et la<br \/>\nr\u00e9conciliation, tout comme le p\u00e8re l\u2019a fait dans la parabole de l\u2019enfant prodigue. Les personnes<br \/>\ndivorcent civilement pour diverses raisons : certaines, parce qu\u2019elles n\u2019ont jamais compl\u00e8tement<br \/>\ncompris ou accept\u00e9 les droits et devoirs fondamentaux du mariage, auxquels elles se sont<br \/>\npourtant vou\u00e9es alors qu\u2019elles ont donn\u00e9es leur consentement ; d\u2019autres parce qu\u2019elles n\u2019\u00e9taient<br \/>\npas en mesure de comprendre ce \u00e0 quoi elles s\u2019engageaient ou d\u2019en assumer toutes les<br \/>\nresponsabilit\u00e9s. Notre exp\u00e9rience pastorale nous permet de nous rendre compte que certaines<br \/>\npersonnes ne sont simplement pas faites pour vivre en mariage, mais elles se marient quand<br \/>\nm\u00eame. Il y a des personnes qui croient que la seule option qui leur reste est de se remarier en<br \/>\ndehors de l\u2019\u00c9glise, mais tel n\u2019est pas le cas. On encourage les personnes divorc\u00e9es \u00e0 se<br \/>\nrenseigner sur les conditions qui leurs permettent de continuer de recevoir les sacrements et,<br \/>\npossiblement, de se remarier en \u00c9glise.<\/div>\n<div><\/div>\n<div class=\"moduleBody\">Si, apr\u00e8s enqu\u00eate, un pr\u00e9c\u00e9dent mariage est d\u00e9clar\u00e9 nul, rien n\u2019emp\u00eache une personne de se<br \/>\nmarier dans l\u2019\u00c9glise. M\u00eame si un couple s\u2019est mari\u00e9 en dehors de l\u2019\u00c9glise, il est invit\u00e9 \u00e0<br \/>\nparticiper \u00e0 la messe, tout en s\u2019abstenant de recevoir la communion jusqu\u2019\u00e0 ce qu\u2019il puisse<br \/>\nrecevoir le sacrement du mariage dans l\u2019\u00c9glise. L\u2019\u00c9glise, \u00e0 travers la Chancellerie et le Tribunal<br \/>\nmatrimonial, cherche \u00e0 r\u00e9gulariser les relations de ceux et celles qui se trouvent en situation<br \/>\nmatrimoniale irr\u00e9guli\u00e8re. Elle cherche \u00e0 faire en sorte que les couples re\u00e7oivent les gr\u00e2ces que<br \/>\nconf\u00e8re le mariage et qu\u2019ils soient lib\u00e9r\u00e9s des souffrances qu\u2019apportent les situations<br \/>\nirr\u00e9guli\u00e8res. Certaines situations ne requi\u00e8rent qu\u2019une action rem\u00e9diatrice d\u2019ordre administratif<br \/>\nde la part de la Chancellerie; certaines autres requi\u00e8rent l\u2019institution d\u2019un proc\u00e8s en nullit\u00e9 de la<br \/>\npart du Tribunal matrimonial. Cela d\u00e9pend de la nature de l\u2019union pr\u00e9c\u00e9dente.<\/div>\n<div><\/div>\n<div class=\"moduleBody\">Le pape \u00e9m\u00e9rite Beno\u00eet XVI a promulgu\u00e9 une Ann\u00e9e de la foi qui a commenc\u00e9 le 11 octobre<br \/>\n2012 et qui se terminera le 24 novembre 2013. Dans la lettre apostolique intitul\u00e9e La porte de la<br \/>\nfoi, Beno\u00eet XVI exprime le d\u00e9sir \u00ab que cette Ann\u00e9e suscite en chaque croyant l\u2019aspiration \u00e0<br \/>\nconfesser la foi en pl\u00e9nitude et avec une conviction renouvel\u00e9e, avec confiance et<br \/>\nesp\u00e9rance\u2026une occasion propice pour intensifier la c\u00e9l\u00e9bration de la foi dans la liturgie, et en<br \/>\nparticulier dans l\u2019Eucharistie. \u00bb Puisse les couples r\u00e9pondre positivement \u00e0 cette invitation \u00e0<br \/>\nrenouveler leur foi en cherchant \u00e0 vivre leur union selon les gr\u00e2ces du sacrement du mariage.<br \/>\nCet article est le troisi\u00e8me d\u2019une s\u00e9rie qui porte sur la loi canonique du mariage et sur le Tribunal<br \/>\nmatrimonial. Dans le prochain num\u00e9ro, on parlera du processus judiciaire qui peut conduire \u00e0 la<br \/>\nnullit\u00e9 du mariage.<\/div>\n<\/div>\n","protected":false},"excerpt":{"rendered":"<p>Par l\u2019abb\u00e9 Vincent Pereira, j.c.d. Le divorce et le remariage sont des sujets d\u00e9licats. Pour les catholiques, ces sujets sont particuli\u00e8rement difficiles \u00e0 traiter puisque, pour nous, le mariage est un sacrement, une source par laquelle nous recevons la gr\u00e2ce de Dieu. En tant qu\u2019institution divine et bienveillante, l\u2019\u00c9glise est pleine de compassion pour ses [&hellip;]<\/p>\n","protected":false},"author":6,"featured_media":0,"comment_status":"closed","ping_status":"open","sticky":false,"template":"","format":"standard","meta":{"_acf_changed":false,"footnotes":""},"categories":[78,79],"tags":[],"class_list":["post-8340","post","type-post","status-publish","format-standard","hentry","category-all-articles-fr","category-marriage-tribunal-fr"],"acf":[],"yoast_head":"<!-- This site is optimized with the Yoast SEO plugin v27.4 - https:\/\/yoast.com\/product\/yoast-seo-wordpress\/ -->\n<title>Le divorce et le remariage - Archdiocese of Ottawa-Cornwall<\/title>\n<meta name=\"robots\" content=\"index, follow, max-snippet:-1, max-image-preview:large, max-video-preview:-1\" \/>\n<link rel=\"canonical\" href=\"https:\/\/ottawacornwall.ca\/fr\/le-divorce-et-le-remariage\/\" \/>\n<meta property=\"og:locale\" content=\"fr_FR\" \/>\n<meta property=\"og:type\" content=\"article\" \/>\n<meta property=\"og:title\" content=\"Le divorce et le remariage - Archdiocese of Ottawa-Cornwall\" \/>\n<meta property=\"og:description\" content=\"Par l\u2019abb\u00e9 Vincent Pereira, j.c.d. Le divorce et le remariage sont des sujets d\u00e9licats. Pour les catholiques, ces sujets sont particuli\u00e8rement difficiles \u00e0 traiter puisque, pour nous, le mariage est un sacrement, une source par laquelle nous recevons la gr\u00e2ce de Dieu. En tant qu\u2019institution divine et bienveillante, l\u2019\u00c9glise est pleine de compassion pour ses [&hellip;]\" \/>\n<meta property=\"og:url\" content=\"https:\/\/ottawacornwall.ca\/fr\/le-divorce-et-le-remariage\/\" \/>\n<meta property=\"og:site_name\" content=\"Archdiocese of Ottawa-Cornwall\" \/>\n<meta property=\"article:published_time\" content=\"2023-01-28T01:31:05+00:00\" \/>\n<meta property=\"article:modified_time\" content=\"2023-03-20T21:41:27+00:00\" \/>\n<meta name=\"author\" content=\"ruth\" \/>\n<meta name=\"twitter:card\" content=\"summary_large_image\" \/>\n<meta name=\"twitter:label1\" content=\"\u00c9crit par\" \/>\n\t<meta name=\"twitter:data1\" content=\"ruth\" \/>\n\t<meta name=\"twitter:label2\" content=\"Dur\u00e9e de lecture estim\u00e9e\" \/>\n\t<meta name=\"twitter:data2\" content=\"3 minutes\" \/>\n<script type=\"application\/ld+json\" class=\"yoast-schema-graph\">{\"@context\":\"https:\\\/\\\/schema.org\",\"@graph\":[{\"@type\":\"Article\",\"@id\":\"https:\\\/\\\/ottawacornwall.ca\\\/fr\\\/le-divorce-et-le-remariage\\\/#article\",\"isPartOf\":{\"@id\":\"https:\\\/\\\/ottawacornwall.ca\\\/fr\\\/le-divorce-et-le-remariage\\\/\"},\"author\":{\"name\":\"ruth\",\"@id\":\"https:\\\/\\\/ottawacornwall.ca\\\/#\\\/schema\\\/person\\\/3d7642d2c2556e2b04d5d93a1d28bd4e\"},\"headline\":\"Le divorce et le remariage\",\"datePublished\":\"2023-01-28T01:31:05+00:00\",\"dateModified\":\"2023-03-20T21:41:27+00:00\",\"mainEntityOfPage\":{\"@id\":\"https:\\\/\\\/ottawacornwall.ca\\\/fr\\\/le-divorce-et-le-remariage\\\/\"},\"wordCount\":592,\"publisher\":{\"@id\":\"https:\\\/\\\/ottawacornwall.ca\\\/#organization\"},\"articleSection\":[\"All-Articles\",\"Marriage Tribunal\"],\"inLanguage\":\"fr-FR\"},{\"@type\":\"WebPage\",\"@id\":\"https:\\\/\\\/ottawacornwall.ca\\\/fr\\\/le-divorce-et-le-remariage\\\/\",\"url\":\"https:\\\/\\\/ottawacornwall.ca\\\/fr\\\/le-divorce-et-le-remariage\\\/\",\"name\":\"Le divorce et le remariage - Archdiocese of Ottawa-Cornwall\",\"isPartOf\":{\"@id\":\"https:\\\/\\\/ottawacornwall.ca\\\/#website\"},\"datePublished\":\"2023-01-28T01:31:05+00:00\",\"dateModified\":\"2023-03-20T21:41:27+00:00\",\"breadcrumb\":{\"@id\":\"https:\\\/\\\/ottawacornwall.ca\\\/fr\\\/le-divorce-et-le-remariage\\\/#breadcrumb\"},\"inLanguage\":\"fr-FR\",\"potentialAction\":[{\"@type\":\"ReadAction\",\"target\":[\"https:\\\/\\\/ottawacornwall.ca\\\/fr\\\/le-divorce-et-le-remariage\\\/\"]}]},{\"@type\":\"BreadcrumbList\",\"@id\":\"https:\\\/\\\/ottawacornwall.ca\\\/fr\\\/le-divorce-et-le-remariage\\\/#breadcrumb\",\"itemListElement\":[{\"@type\":\"ListItem\",\"position\":1,\"name\":\"Home\",\"item\":\"https:\\\/\\\/ottawacornwall.ca\\\/fr\\\/\"},{\"@type\":\"ListItem\",\"position\":2,\"name\":\"Le divorce et le remariage\"}]},{\"@type\":\"WebSite\",\"@id\":\"https:\\\/\\\/ottawacornwall.ca\\\/#website\",\"url\":\"https:\\\/\\\/ottawacornwall.ca\\\/\",\"name\":\"Archdiocese of Ottawa-Cornwall\",\"description\":\"Welcome to the  Ottawa-Cornwall Archdiocese!\",\"publisher\":{\"@id\":\"https:\\\/\\\/ottawacornwall.ca\\\/#organization\"},\"potentialAction\":[{\"@type\":\"SearchAction\",\"target\":{\"@type\":\"EntryPoint\",\"urlTemplate\":\"https:\\\/\\\/ottawacornwall.ca\\\/?s={search_term_string}\"},\"query-input\":{\"@type\":\"PropertyValueSpecification\",\"valueRequired\":true,\"valueName\":\"search_term_string\"}}],\"inLanguage\":\"fr-FR\"},{\"@type\":\"Organization\",\"@id\":\"https:\\\/\\\/ottawacornwall.ca\\\/#organization\",\"name\":\"Archdiocese of Ottawa-Cornwall\",\"url\":\"https:\\\/\\\/ottawacornwall.ca\\\/\",\"logo\":{\"@type\":\"ImageObject\",\"inLanguage\":\"fr-FR\",\"@id\":\"https:\\\/\\\/ottawacornwall.ca\\\/#\\\/schema\\\/logo\\\/image\\\/\",\"url\":\"https:\\\/\\\/ottawacornwall.ca\\\/wp-content\\\/uploads\\\/2022\\\/11\\\/Archdiocese-Logo-Horizontal-Reverse-1.svg\",\"contentUrl\":\"https:\\\/\\\/ottawacornwall.ca\\\/wp-content\\\/uploads\\\/2022\\\/11\\\/Archdiocese-Logo-Horizontal-Reverse-1.svg\",\"caption\":\"Archdiocese of Ottawa-Cornwall\"},\"image\":{\"@id\":\"https:\\\/\\\/ottawacornwall.ca\\\/#\\\/schema\\\/logo\\\/image\\\/\"}},{\"@type\":\"Person\",\"@id\":\"https:\\\/\\\/ottawacornwall.ca\\\/#\\\/schema\\\/person\\\/3d7642d2c2556e2b04d5d93a1d28bd4e\",\"name\":\"ruth\",\"url\":\"https:\\\/\\\/ottawacornwall.ca\\\/fr\\\/author\\\/ruth\\\/\"}]}<\/script>\n<!-- \/ Yoast SEO plugin. -->","yoast_head_json":{"title":"Le divorce et le remariage - Archdiocese of Ottawa-Cornwall","robots":{"index":"index","follow":"follow","max-snippet":"max-snippet:-1","max-image-preview":"max-image-preview:large","max-video-preview":"max-video-preview:-1"},"canonical":"https:\/\/ottawacornwall.ca\/fr\/le-divorce-et-le-remariage\/","og_locale":"fr_FR","og_type":"article","og_title":"Le divorce et le remariage - Archdiocese of Ottawa-Cornwall","og_description":"Par l\u2019abb\u00e9 Vincent Pereira, j.c.d. Le divorce et le remariage sont des sujets d\u00e9licats. Pour les catholiques, ces sujets sont particuli\u00e8rement difficiles \u00e0 traiter puisque, pour nous, le mariage est un sacrement, une source par laquelle nous recevons la gr\u00e2ce de Dieu. En tant qu\u2019institution divine et bienveillante, l\u2019\u00c9glise est pleine de compassion pour ses [&hellip;]","og_url":"https:\/\/ottawacornwall.ca\/fr\/le-divorce-et-le-remariage\/","og_site_name":"Archdiocese of Ottawa-Cornwall","article_published_time":"2023-01-28T01:31:05+00:00","article_modified_time":"2023-03-20T21:41:27+00:00","author":"ruth","twitter_card":"summary_large_image","twitter_misc":{"\u00c9crit par":"ruth","Dur\u00e9e de lecture estim\u00e9e":"3 minutes"},"schema":{"@context":"https:\/\/schema.org","@graph":[{"@type":"Article","@id":"https:\/\/ottawacornwall.ca\/fr\/le-divorce-et-le-remariage\/#article","isPartOf":{"@id":"https:\/\/ottawacornwall.ca\/fr\/le-divorce-et-le-remariage\/"},"author":{"name":"ruth","@id":"https:\/\/ottawacornwall.ca\/#\/schema\/person\/3d7642d2c2556e2b04d5d93a1d28bd4e"},"headline":"Le divorce et le remariage","datePublished":"2023-01-28T01:31:05+00:00","dateModified":"2023-03-20T21:41:27+00:00","mainEntityOfPage":{"@id":"https:\/\/ottawacornwall.ca\/fr\/le-divorce-et-le-remariage\/"},"wordCount":592,"publisher":{"@id":"https:\/\/ottawacornwall.ca\/#organization"},"articleSection":["All-Articles","Marriage Tribunal"],"inLanguage":"fr-FR"},{"@type":"WebPage","@id":"https:\/\/ottawacornwall.ca\/fr\/le-divorce-et-le-remariage\/","url":"https:\/\/ottawacornwall.ca\/fr\/le-divorce-et-le-remariage\/","name":"Le divorce et le remariage - Archdiocese of Ottawa-Cornwall","isPartOf":{"@id":"https:\/\/ottawacornwall.ca\/#website"},"datePublished":"2023-01-28T01:31:05+00:00","dateModified":"2023-03-20T21:41:27+00:00","breadcrumb":{"@id":"https:\/\/ottawacornwall.ca\/fr\/le-divorce-et-le-remariage\/#breadcrumb"},"inLanguage":"fr-FR","potentialAction":[{"@type":"ReadAction","target":["https:\/\/ottawacornwall.ca\/fr\/le-divorce-et-le-remariage\/"]}]},{"@type":"BreadcrumbList","@id":"https:\/\/ottawacornwall.ca\/fr\/le-divorce-et-le-remariage\/#breadcrumb","itemListElement":[{"@type":"ListItem","position":1,"name":"Home","item":"https:\/\/ottawacornwall.ca\/fr\/"},{"@type":"ListItem","position":2,"name":"Le divorce et le remariage"}]},{"@type":"WebSite","@id":"https:\/\/ottawacornwall.ca\/#website","url":"https:\/\/ottawacornwall.ca\/","name":"Archdiocese of Ottawa-Cornwall","description":"Welcome to the  Ottawa-Cornwall Archdiocese!","publisher":{"@id":"https:\/\/ottawacornwall.ca\/#organization"},"potentialAction":[{"@type":"SearchAction","target":{"@type":"EntryPoint","urlTemplate":"https:\/\/ottawacornwall.ca\/?s={search_term_string}"},"query-input":{"@type":"PropertyValueSpecification","valueRequired":true,"valueName":"search_term_string"}}],"inLanguage":"fr-FR"},{"@type":"Organization","@id":"https:\/\/ottawacornwall.ca\/#organization","name":"Archdiocese of Ottawa-Cornwall","url":"https:\/\/ottawacornwall.ca\/","logo":{"@type":"ImageObject","inLanguage":"fr-FR","@id":"https:\/\/ottawacornwall.ca\/#\/schema\/logo\/image\/","url":"https:\/\/ottawacornwall.ca\/wp-content\/uploads\/2022\/11\/Archdiocese-Logo-Horizontal-Reverse-1.svg","contentUrl":"https:\/\/ottawacornwall.ca\/wp-content\/uploads\/2022\/11\/Archdiocese-Logo-Horizontal-Reverse-1.svg","caption":"Archdiocese of Ottawa-Cornwall"},"image":{"@id":"https:\/\/ottawacornwall.ca\/#\/schema\/logo\/image\/"}},{"@type":"Person","@id":"https:\/\/ottawacornwall.ca\/#\/schema\/person\/3d7642d2c2556e2b04d5d93a1d28bd4e","name":"ruth","url":"https:\/\/ottawacornwall.ca\/fr\/author\/ruth\/"}]}},"_links":{"self":[{"href":"https:\/\/ottawacornwall.ca\/fr\/wp-json\/wp\/v2\/posts\/8340","targetHints":{"allow":["GET"]}}],"collection":[{"href":"https:\/\/ottawacornwall.ca\/fr\/wp-json\/wp\/v2\/posts"}],"about":[{"href":"https:\/\/ottawacornwall.ca\/fr\/wp-json\/wp\/v2\/types\/post"}],"author":[{"embeddable":true,"href":"https:\/\/ottawacornwall.ca\/fr\/wp-json\/wp\/v2\/users\/6"}],"replies":[{"embeddable":true,"href":"https:\/\/ottawacornwall.ca\/fr\/wp-json\/wp\/v2\/comments?post=8340"}],"version-history":[{"count":3,"href":"https:\/\/ottawacornwall.ca\/fr\/wp-json\/wp\/v2\/posts\/8340\/revisions"}],"predecessor-version":[{"id":8358,"href":"https:\/\/ottawacornwall.ca\/fr\/wp-json\/wp\/v2\/posts\/8340\/revisions\/8358"}],"wp:attachment":[{"href":"https:\/\/ottawacornwall.ca\/fr\/wp-json\/wp\/v2\/media?parent=8340"}],"wp:term":[{"taxonomy":"category","embeddable":true,"href":"https:\/\/ottawacornwall.ca\/fr\/wp-json\/wp\/v2\/categories?post=8340"},{"taxonomy":"post_tag","embeddable":true,"href":"https:\/\/ottawacornwall.ca\/fr\/wp-json\/wp\/v2\/tags?post=8340"}],"curies":[{"name":"wp","href":"https:\/\/api.w.org\/{rel}","templated":true}]}}